{"id":444536,"date":"2022-09-15T13:54:28","date_gmt":"2022-09-15T18:54:28","guid":{"rendered":"https:\/\/www.zunoticia.com\/noticias-de-hidalgo\/?p=444536"},"modified":"2022-09-15T13:54:30","modified_gmt":"2022-09-15T18:54:30","slug":"importante-que-el-gobernador-designe-espacios-culturales-nrs","status":"publish","type":"post","link":"https:\/\/www.zunoticia.com\/noticias-de-hidalgo\/2022\/09\/15\/importante-que-el-gobernador-designe-espacios-culturales-nrs\/","title":{"rendered":"Importante que el gobernador designe espacios culturales: NRS"},"content":{"rendered":"<aside class=\"mashsb-container mashsb-main mashsb-stretched\"><div class=\"mashsb-box\"><div class=\"mashsb-count mash-large\" style=\"float:left\"><div class=\"counts mashsbcount\">46<\/div><span class=\"mashsb-sharetext\">SHARES<\/span><\/div><div class=\"mashsb-buttons\"><a class=\"mashicon-facebook mash-large mash-center mashsb-noshadow\" href=\"https:\/\/www.facebook.com\/sharer.php?u=https%3A%2F%2Fwww.zunoticia.com%2Fnoticias-de-hidalgo%2F2022%2F09%2F15%2Fimportante-que-el-gobernador-designe-espacios-culturales-nrs%2F\" target=\"_top\" rel=\"nofollow\"><span class=\"icon\"><\/span><span class=\"text\">Share<\/span><\/a><a class=\"mashicon-twitter mash-large mash-center mashsb-noshadow\" href=\"https:\/\/twitter.com\/intent\/tweet?text=&amp;url=https:\/\/www.zunoticia.com\/noticias-de-hidalgo\/2022\/09\/15\/importante-que-el-gobernador-designe-espacios-culturales-nrs\/\" target=\"_top\" rel=\"nofollow\"><span class=\"icon\"><\/span><span class=\"text\">Tweet<\/span><\/a><div class=\"onoffswitch2 mash-large mashsb-noshadow\" style=\"display:none\"><\/div><\/div>\n            <\/div>\n                <div style=\"clear:both\"><\/div><div class=\"mashsb-toggle-container\"><\/div><\/aside>\n            <!-- Share buttons by mashshare.net - Version: 4.0.47-->\n<p><em>Por Salvador Altamirano\/Zunoticia<\/em><\/p>\n\n\n\n<p><strong>Huejutla, Hgo. &#8211;<\/strong> \u2018Para quienes nos dedicamos a ense\u00f1ar el idioma n\u00e1huatl, es importante que el Gobernador del Estado, Julio Menchaca Salazar, est\u00e9 designando espacios culturales en donde se promover\u00e1 la lengua materna, como seg\u00fan he sabido, la llamada &#8220;Casa Blanca\u201d, residencia temporal de mandatarios estatales en Huejutla\u2019.<\/p>\n\n\n\n<p>Lo anterior, fue expresado por el promotor de cultura y lengua n\u00e1huatl, Nelvin Ramos S\u00e1nchez, quien agreg\u00f3 que, es una noticia magn\u00edfica, ya que hay muchas personas que, aunque son nativas de la regi\u00f3n no quieren hablar su lengua materna, se averg\u00fcenzan de sus ra\u00edces culturales y ling\u00fc\u00edsticas.<\/p>\n\n\n\n<p>A pregunta expresa, detall\u00f3 que el idioma materno est\u00e1 en decadencia porque en los hogares, aunque sean nahuahablantes, ya no lo expresan, de igual manera, ya no lo ense\u00f1an en las escuelas p\u00fablicas como en 1985 y a\u00f1os sucesivos, aunado a que hay influencia por el ingl\u00e9s, el cual prefieren aprender.<\/p>\n\n\n\n<p>Pero es importante -a\u00f1adi\u00f3-, que se siga promoviendo el n\u00e1huatl, porque de esa manera conservamos algo que es nuestro, que nos heredaron nuestros ancestros, los aztecas.<\/p>\n\n\n\n<p>Para finalizar, Ramos S\u00e1nchez subray\u00f3 que, en el Art\u00edculo Segundo de la Constituci\u00f3n Pol\u00edtica de los Estados Unidos Mexicanos, se delega que hay que difundir las lenguas maternas de los pueblos nativos, por lo que es muy importante la decisi\u00f3n del gobernador actual, para que se mantenga viva nuestra lengua madre, y con ello nuestra cultura regional y nacional.<\/p>\n","protected":false},"excerpt":{"rendered":"<p>Por Salvador Altamirano\/Zunoticia Huejutla, Hgo. &#8211; \u2018Para quienes nos dedicamos a ense\u00f1ar el idioma n\u00e1huatl, es importante que el Gobernador del Estado, Julio Menchaca Salazar, est\u00e9 designando espacios culturales en donde se promover\u00e1 la lengua materna, como seg\u00fan he sabido, la llamada &#8220;Casa Blanca\u201d, residencia temporal de mandatarios estatales en Huejutla\u2019. Lo anterior, fue expresado&hellip; <a class=\"more-link\" href=\"https:\/\/www.zunoticia.com\/noticias-de-hidalgo\/2022\/09\/15\/importante-que-el-gobernador-designe-espacios-culturales-nrs\/\">Seguir leyendo <span class=\"screen-reader-text\">Importante que el gobernador designe espacios culturales: NRS<\/span><\/a><\/p>\n","protected":false},"author":12,"featured_media":444537,"comment_status":"closed","ping_status":"open","sticky":false,"template":"","format":"standard","meta":{"rop_custom_images_group":[],"rop_custom_messages_group":[],"rop_publish_now":"initial","rop_publish_now_accounts":{"facebook_10159540855086992_322828327761733":""},"rop_publish_now_history":[],"rop_publish_now_status":"pending","footnotes":""},"categories":[181],"tags":[121],"class_list":["post-444536","post","type-post","status-publish","format-standard","has-post-thumbnail","hentry","category-huejutla","tag-huejutla","entry"],"_links":{"self":[{"href":"https:\/\/www.zunoticia.com\/noticias-de-hidalgo\/wp-json\/wp\/v2\/posts\/444536","targetHints":{"allow":["GET"]}}],"collection":[{"href":"https:\/\/www.zunoticia.com\/noticias-de-hidalgo\/wp-json\/wp\/v2\/posts"}],"about":[{"href":"https:\/\/www.zunoticia.com\/noticias-de-hidalgo\/wp-json\/wp\/v2\/types\/post"}],"author":[{"embeddable":true,"href":"https:\/\/www.zunoticia.com\/noticias-de-hidalgo\/wp-json\/wp\/v2\/users\/12"}],"replies":[{"embeddable":true,"href":"https:\/\/www.zunoticia.com\/noticias-de-hidalgo\/wp-json\/wp\/v2\/comments?post=444536"}],"version-history":[{"count":1,"href":"https:\/\/www.zunoticia.com\/noticias-de-hidalgo\/wp-json\/wp\/v2\/posts\/444536\/revisions"}],"predecessor-version":[{"id":444538,"href":"https:\/\/www.zunoticia.com\/noticias-de-hidalgo\/wp-json\/wp\/v2\/posts\/444536\/revisions\/444538"}],"wp:featuredmedia":[{"embeddable":true,"href":"https:\/\/www.zunoticia.com\/noticias-de-hidalgo\/wp-json\/wp\/v2\/media\/444537"}],"wp:attachment":[{"href":"https:\/\/www.zunoticia.com\/noticias-de-hidalgo\/wp-json\/wp\/v2\/media?parent=444536"}],"wp:term":[{"taxonomy":"category","embeddable":true,"href":"https:\/\/www.zunoticia.com\/noticias-de-hidalgo\/wp-json\/wp\/v2\/categories?post=444536"},{"taxonomy":"post_tag","embeddable":true,"href":"https:\/\/www.zunoticia.com\/noticias-de-hidalgo\/wp-json\/wp\/v2\/tags?post=444536"}],"curies":[{"name":"wp","href":"https:\/\/api.w.org\/{rel}","templated":true}]}}