{"id":444545,"date":"2022-09-15T14:07:50","date_gmt":"2022-09-15T19:07:50","guid":{"rendered":"https:\/\/www.zunoticia.com\/noticias-de-hidalgo\/?p=444545"},"modified":"2022-09-15T14:07:52","modified_gmt":"2022-09-15T19:07:52","slug":"la-ucihrhh-esta-legalmente-constituida-nabor-hernandez","status":"publish","type":"post","link":"https:\/\/www.zunoticia.com\/noticias-de-hidalgo\/2022\/09\/15\/la-ucihrhh-esta-legalmente-constituida-nabor-hernandez\/","title":{"rendered":"La UCIHRHH est\u00e1 legalmente constituida: Nabor Hern\u00e1ndez"},"content":{"rendered":"<aside class=\"mashsb-container mashsb-main mashsb-stretched\"><div class=\"mashsb-box\"><div class=\"mashsb-count mash-large\" style=\"float:left\"><div class=\"counts mashsbcount\">34<\/div><span class=\"mashsb-sharetext\">SHARES<\/span><\/div><div class=\"mashsb-buttons\"><a class=\"mashicon-facebook mash-large mash-center mashsb-noshadow\" href=\"https:\/\/www.facebook.com\/sharer.php?u=https%3A%2F%2Fwww.zunoticia.com%2Fnoticias-de-hidalgo%2F2022%2F09%2F15%2Fla-ucihrhh-esta-legalmente-constituida-nabor-hernandez%2F\" target=\"_top\" rel=\"nofollow\"><span class=\"icon\"><\/span><span class=\"text\">Share<\/span><\/a><a class=\"mashicon-twitter mash-large mash-center mashsb-noshadow\" href=\"https:\/\/twitter.com\/intent\/tweet?text=&amp;url=https:\/\/www.zunoticia.com\/noticias-de-hidalgo\/2022\/09\/15\/la-ucihrhh-esta-legalmente-constituida-nabor-hernandez\/\" target=\"_top\" rel=\"nofollow\"><span class=\"icon\"><\/span><span class=\"text\">Tweet<\/span><\/a><div class=\"onoffswitch2 mash-large mashsb-noshadow\" style=\"display:none\"><\/div><\/div>\n            <\/div>\n                <div style=\"clear:both\"><\/div><div class=\"mashsb-toggle-container\"><\/div><\/aside>\n            <!-- Share buttons by mashshare.net - Version: 4.0.47-->\n<p><em>Por Salvador Altamirano\/Zunoticia<\/em><\/p>\n\n\n\n<p><strong>Huejutla, Hgo. &#8211;<\/strong> Derivado de una reciente declaraci\u00f3n del dirigente del Mercado LAUREL, Eleuterio Br\u00edgido Mart\u00ednez, consistente en que una &#8220;supuesta&#8221; nueva organizaci\u00f3n de comerciantes posiblemente no tenga registro ni membres\u00eda, quien la encabeza mostr\u00f3 la documentaci\u00f3n de legalidad<\/p>\n\n\n\n<p>Especific\u00f3 Nabor Hern\u00e1ndez Cort\u00e9s, que la &#8220;Uni\u00f3n de Comerciantes Independientes de Huejutla y Regi\u00f3n Huasteca de Hidalgo&#8221; (UCIHRHH), integrada por 200 compa\u00f1eros de labor, est\u00e1 debidamente constituida, y con car\u00e1cter federal, por lo que s\u00f3lo falta afinar unos detalles para empezar a funcionar.<\/p>\n\n\n\n<p>Para comprobar de manera fehaciente lo expresado, mostr\u00f3 documentos, entre ellos expedidos por el Servicio de Administraci\u00f3n Tributaria (SAT), de la oficina de Tampico Tamaulipas; y de la Notaria P\u00fablica n\u00famero 27 del Distrito Judicial de Pachuca de Soto, Estado de Hidalgo, entre otros.<\/p>\n\n\n\n<figure class=\"wp-block-image size-large\"><img fetchpriority=\"high\" decoding=\"async\" width=\"1024\" height=\"576\" src=\"https:\/\/www.zunoticia.com\/noticias-de-hidalgo\/wp-content\/uploads\/2022\/09\/WhatsApp-Image-2022-09-15-at-2.06.18-PM-1-1024x576.jpeg\" alt=\"\" class=\"wp-image-444547\" srcset=\"https:\/\/www.zunoticia.com\/noticias-de-hidalgo\/wp-content\/uploads\/2022\/09\/WhatsApp-Image-2022-09-15-at-2.06.18-PM-1-1024x576.jpeg 1024w, https:\/\/www.zunoticia.com\/noticias-de-hidalgo\/wp-content\/uploads\/2022\/09\/WhatsApp-Image-2022-09-15-at-2.06.18-PM-1-300x169.jpeg 300w, https:\/\/www.zunoticia.com\/noticias-de-hidalgo\/wp-content\/uploads\/2022\/09\/WhatsApp-Image-2022-09-15-at-2.06.18-PM-1-768x432.jpeg 768w, https:\/\/www.zunoticia.com\/noticias-de-hidalgo\/wp-content\/uploads\/2022\/09\/WhatsApp-Image-2022-09-15-at-2.06.18-PM-1.jpeg 1280w\" sizes=\"(max-width: 1024px) 100vw, 1024px\" \/><figcaption><em>Documentaci\u00f3n de acreditaci\u00f3n de la UCIHRHH.<\/em><\/figcaption><\/figure>\n\n\n\n<p>Enfatiz\u00f3 que como comerciante honesto que siempre ha sido, su intenci\u00f3n es &#8220;beneficiar a los agremiados y no beneficiarse de manera personal&#8221;, pero, sobre todo, pugnar por la construcci\u00f3n en Huejutla de un mercado moderno, seguro, 100 % funcional, como el del Puerto de Tampico, por citar un ejemplo.<\/p>\n\n\n\n<p>Para finalizar, Hern\u00e1ndez Cort\u00e9s aclar\u00f3 que no vienen con la intenci\u00f3n de enajenar con puestos la v\u00eda p\u00fablica, por lo que est\u00e1 dialogando con el presidente municipal, Daniel Andrade Zurutuza, como con otros de municipios aleda\u00f1os, para que les designen un espacio espec\u00edfico, los cuales respetar\u00e1n y no invadir\u00e1n las calles.<\/p>\n","protected":false},"excerpt":{"rendered":"<p>Por Salvador Altamirano\/Zunoticia Huejutla, Hgo. &#8211; Derivado de una reciente declaraci\u00f3n del dirigente del Mercado LAUREL, Eleuterio Br\u00edgido Mart\u00ednez, consistente en que una &#8220;supuesta&#8221; nueva organizaci\u00f3n de comerciantes posiblemente no tenga registro ni membres\u00eda, quien la encabeza mostr\u00f3 la documentaci\u00f3n de legalidad Especific\u00f3 Nabor Hern\u00e1ndez Cort\u00e9s, que la &#8220;Uni\u00f3n de Comerciantes Independientes de Huejutla y&hellip; <a class=\"more-link\" href=\"https:\/\/www.zunoticia.com\/noticias-de-hidalgo\/2022\/09\/15\/la-ucihrhh-esta-legalmente-constituida-nabor-hernandez\/\">Seguir leyendo <span class=\"screen-reader-text\">La UCIHRHH est\u00e1 legalmente constituida: Nabor Hern\u00e1ndez<\/span><\/a><\/p>\n","protected":false},"author":12,"featured_media":444546,"comment_status":"closed","ping_status":"open","sticky":false,"template":"","format":"standard","meta":{"rop_custom_images_group":[],"rop_custom_messages_group":[],"rop_publish_now":"initial","rop_publish_now_accounts":{"facebook_10159540855086992_322828327761733":""},"rop_publish_now_history":[],"rop_publish_now_status":"pending","footnotes":""},"categories":[181],"tags":[121],"class_list":["post-444545","post","type-post","status-publish","format-standard","has-post-thumbnail","hentry","category-huejutla","tag-huejutla","entry"],"_links":{"self":[{"href":"https:\/\/www.zunoticia.com\/noticias-de-hidalgo\/wp-json\/wp\/v2\/posts\/444545","targetHints":{"allow":["GET"]}}],"collection":[{"href":"https:\/\/www.zunoticia.com\/noticias-de-hidalgo\/wp-json\/wp\/v2\/posts"}],"about":[{"href":"https:\/\/www.zunoticia.com\/noticias-de-hidalgo\/wp-json\/wp\/v2\/types\/post"}],"author":[{"embeddable":true,"href":"https:\/\/www.zunoticia.com\/noticias-de-hidalgo\/wp-json\/wp\/v2\/users\/12"}],"replies":[{"embeddable":true,"href":"https:\/\/www.zunoticia.com\/noticias-de-hidalgo\/wp-json\/wp\/v2\/comments?post=444545"}],"version-history":[{"count":1,"href":"https:\/\/www.zunoticia.com\/noticias-de-hidalgo\/wp-json\/wp\/v2\/posts\/444545\/revisions"}],"predecessor-version":[{"id":444548,"href":"https:\/\/www.zunoticia.com\/noticias-de-hidalgo\/wp-json\/wp\/v2\/posts\/444545\/revisions\/444548"}],"wp:featuredmedia":[{"embeddable":true,"href":"https:\/\/www.zunoticia.com\/noticias-de-hidalgo\/wp-json\/wp\/v2\/media\/444546"}],"wp:attachment":[{"href":"https:\/\/www.zunoticia.com\/noticias-de-hidalgo\/wp-json\/wp\/v2\/media?parent=444545"}],"wp:term":[{"taxonomy":"category","embeddable":true,"href":"https:\/\/www.zunoticia.com\/noticias-de-hidalgo\/wp-json\/wp\/v2\/categories?post=444545"},{"taxonomy":"post_tag","embeddable":true,"href":"https:\/\/www.zunoticia.com\/noticias-de-hidalgo\/wp-json\/wp\/v2\/tags?post=444545"}],"curies":[{"name":"wp","href":"https:\/\/api.w.org\/{rel}","templated":true}]}}