{"id":444552,"date":"2022-09-15T15:33:21","date_gmt":"2022-09-15T20:33:21","guid":{"rendered":"https:\/\/www.zunoticia.com\/noticias-de-hidalgo\/?p=444552"},"modified":"2022-09-15T15:33:23","modified_gmt":"2022-09-15T20:33:23","slug":"comite-de-obra-presentara-requerimiento-al-gobernador","status":"publish","type":"post","link":"https:\/\/www.zunoticia.com\/noticias-de-hidalgo\/2022\/09\/15\/comite-de-obra-presentara-requerimiento-al-gobernador\/","title":{"rendered":"Comit\u00e9 de obra presentar\u00e1 requerimiento al Gobernador"},"content":{"rendered":"<aside class=\"mashsb-container mashsb-main mashsb-stretched\"><div class=\"mashsb-box\"><div class=\"mashsb-count mash-large\" style=\"float:left\"><div class=\"counts mashsbcount\">9<\/div><span class=\"mashsb-sharetext\">SHARES<\/span><\/div><div class=\"mashsb-buttons\"><a class=\"mashicon-facebook mash-large mash-center mashsb-noshadow\" href=\"https:\/\/www.facebook.com\/sharer.php?u=https%3A%2F%2Fwww.zunoticia.com%2Fnoticias-de-hidalgo%2F2022%2F09%2F15%2Fcomite-de-obra-presentara-requerimiento-al-gobernador%2F\" target=\"_top\" rel=\"nofollow\"><span class=\"icon\"><\/span><span class=\"text\">Share<\/span><\/a><a class=\"mashicon-twitter mash-large mash-center mashsb-noshadow\" href=\"https:\/\/twitter.com\/intent\/tweet?text=&amp;url=https:\/\/www.zunoticia.com\/noticias-de-hidalgo\/2022\/09\/15\/comite-de-obra-presentara-requerimiento-al-gobernador\/\" target=\"_top\" rel=\"nofollow\"><span class=\"icon\"><\/span><span class=\"text\">Tweet<\/span><\/a><div class=\"onoffswitch2 mash-large mashsb-noshadow\" style=\"display:none\"><\/div><\/div>\n            <\/div>\n                <div style=\"clear:both\"><\/div><div class=\"mashsb-toggle-container\"><\/div><\/aside>\n            <!-- Share buttons by mashshare.net - Version: 4.0.47-->\n<p><em>Por Salvador Altamirano\/Zunoticia<\/em><\/p>\n\n\n\n<p><strong>Huejutla, Hgo. &#8211;<\/strong> Integrantes del comit\u00e9 de gesti\u00f3n del estacionamiento del mercado municipal, manifestaron que dar\u00e1n seguimiento al proyecto, para cuyo efecto elaboran un documento de requerimiento que presentar\u00e1n al Gobernador del Estado, Julio Menchaca Salazar.<\/p>\n\n\n\n<p>Agregaron que, insisten en su empe\u00f1o ya que hay posibilidades que la construcci\u00f3n se lleve a cabo, lo cual ser\u00eda un detonante para que el comercio local &#8220;cambie de rostro&#8221;, hablando coloquialmente, benefici\u00e1ndose con ello los comerciantes en general.<\/p>\n\n\n\n<p>Enfatizaron que, cuando el ahora mandatario estatal era Senador de la Rep\u00fablica le presentaron el proyecto, por lo que ya tiene conocimiento, y con ello renace la esperanza de que podr\u00eda haber una respuesta positiva, aunado a que es una obra necesaria.<\/p>\n\n\n\n<p>Al respecto, Juana Garc\u00eda L\u00f3pez, ama de casa asidua al mercado municipal, manifest\u00f3 que en Huejutla es necesaria una obra de esa magnitud, por lo que la idea de los comerciantes que la gestionan no es descabellada, ya que con las tiendas de autoservicio que se han establecido en la poblaci\u00f3n est\u00e1 llegando la modernizaci\u00f3n.<\/p>\n\n\n\n<p>Para finalizar, exhort\u00f3 a los locatarios del mercado municipal en general, para que respalden la gesti\u00f3n, ya que solamente en unidad -subray\u00f3-, se logran objetivos que se consideran incansables.<\/p>\n","protected":false},"excerpt":{"rendered":"<p>Por Salvador Altamirano\/Zunoticia Huejutla, Hgo. &#8211; Integrantes del comit\u00e9 de gesti\u00f3n del estacionamiento del mercado municipal, manifestaron que dar\u00e1n seguimiento al proyecto, para cuyo efecto elaboran un documento de requerimiento que presentar\u00e1n al Gobernador del Estado, Julio Menchaca Salazar. Agregaron que, insisten en su empe\u00f1o ya que hay posibilidades que la construcci\u00f3n se lleve a&hellip; <a class=\"more-link\" href=\"https:\/\/www.zunoticia.com\/noticias-de-hidalgo\/2022\/09\/15\/comite-de-obra-presentara-requerimiento-al-gobernador\/\">Seguir leyendo <span class=\"screen-reader-text\">Comit\u00e9 de obra presentar\u00e1 requerimiento al Gobernador<\/span><\/a><\/p>\n","protected":false},"author":12,"featured_media":444553,"comment_status":"closed","ping_status":"open","sticky":false,"template":"","format":"standard","meta":{"rop_custom_images_group":[],"rop_custom_messages_group":[],"rop_publish_now":"initial","rop_publish_now_accounts":{"facebook_10159540855086992_322828327761733":""},"rop_publish_now_history":[],"rop_publish_now_status":"pending","footnotes":""},"categories":[181],"tags":[121],"class_list":["post-444552","post","type-post","status-publish","format-standard","has-post-thumbnail","hentry","category-huejutla","tag-huejutla","entry"],"_links":{"self":[{"href":"https:\/\/www.zunoticia.com\/noticias-de-hidalgo\/wp-json\/wp\/v2\/posts\/444552","targetHints":{"allow":["GET"]}}],"collection":[{"href":"https:\/\/www.zunoticia.com\/noticias-de-hidalgo\/wp-json\/wp\/v2\/posts"}],"about":[{"href":"https:\/\/www.zunoticia.com\/noticias-de-hidalgo\/wp-json\/wp\/v2\/types\/post"}],"author":[{"embeddable":true,"href":"https:\/\/www.zunoticia.com\/noticias-de-hidalgo\/wp-json\/wp\/v2\/users\/12"}],"replies":[{"embeddable":true,"href":"https:\/\/www.zunoticia.com\/noticias-de-hidalgo\/wp-json\/wp\/v2\/comments?post=444552"}],"version-history":[{"count":1,"href":"https:\/\/www.zunoticia.com\/noticias-de-hidalgo\/wp-json\/wp\/v2\/posts\/444552\/revisions"}],"predecessor-version":[{"id":444554,"href":"https:\/\/www.zunoticia.com\/noticias-de-hidalgo\/wp-json\/wp\/v2\/posts\/444552\/revisions\/444554"}],"wp:featuredmedia":[{"embeddable":true,"href":"https:\/\/www.zunoticia.com\/noticias-de-hidalgo\/wp-json\/wp\/v2\/media\/444553"}],"wp:attachment":[{"href":"https:\/\/www.zunoticia.com\/noticias-de-hidalgo\/wp-json\/wp\/v2\/media?parent=444552"}],"wp:term":[{"taxonomy":"category","embeddable":true,"href":"https:\/\/www.zunoticia.com\/noticias-de-hidalgo\/wp-json\/wp\/v2\/categories?post=444552"},{"taxonomy":"post_tag","embeddable":true,"href":"https:\/\/www.zunoticia.com\/noticias-de-hidalgo\/wp-json\/wp\/v2\/tags?post=444552"}],"curies":[{"name":"wp","href":"https:\/\/api.w.org\/{rel}","templated":true}]}}