{"id":444590,"date":"2022-09-15T17:08:22","date_gmt":"2022-09-15T22:08:22","guid":{"rendered":"https:\/\/www.zunoticia.com\/noticias-de-hidalgo\/?p=444590"},"modified":"2022-09-15T17:08:24","modified_gmt":"2022-09-15T22:08:24","slug":"conmemora-primaria-del-centro-aniversario-de-la-independencia","status":"publish","type":"post","link":"https:\/\/www.zunoticia.com\/noticias-de-hidalgo\/2022\/09\/15\/conmemora-primaria-del-centro-aniversario-de-la-independencia\/","title":{"rendered":"Conmemora Primaria del Centro aniversario de la Independencia"},"content":{"rendered":"<aside class=\"mashsb-container mashsb-main mashsb-stretched\"><div class=\"mashsb-box\"><div class=\"mashsb-count mash-large\" style=\"float:left\"><div class=\"counts mashsbcount\">14<\/div><span class=\"mashsb-sharetext\">SHARES<\/span><\/div><div class=\"mashsb-buttons\"><a class=\"mashicon-facebook mash-large mash-center mashsb-noshadow\" href=\"https:\/\/www.facebook.com\/sharer.php?u=https%3A%2F%2Fwww.zunoticia.com%2Fnoticias-de-hidalgo%2F2022%2F09%2F15%2Fconmemora-primaria-del-centro-aniversario-de-la-independencia%2F\" target=\"_top\" rel=\"nofollow\"><span class=\"icon\"><\/span><span class=\"text\">Share<\/span><\/a><a class=\"mashicon-twitter mash-large mash-center mashsb-noshadow\" href=\"https:\/\/twitter.com\/intent\/tweet?text=&amp;url=https:\/\/www.zunoticia.com\/noticias-de-hidalgo\/2022\/09\/15\/conmemora-primaria-del-centro-aniversario-de-la-independencia\/\" target=\"_top\" rel=\"nofollow\"><span class=\"icon\"><\/span><span class=\"text\">Tweet<\/span><\/a><div class=\"onoffswitch2 mash-large mashsb-noshadow\" style=\"display:none\"><\/div><\/div>\n            <\/div>\n                <div style=\"clear:both\"><\/div><div class=\"mashsb-toggle-container\"><\/div><\/aside>\n            <!-- Share buttons by mashshare.net - Version: 4.0.47-->\n<p><em>Por Enedino Hern\u00e1ndez\/Zunoticia<\/em><\/p>\n\n\n\n<p><strong>Huejutla, Hgo. &#8211;<\/strong> Alumnos, personal docente y padres de la familia de la Escuela Primaria \u201cBenito Ju\u00e1rez\u201d, de la zona centro de esta ciudad de Huejutla de Reyes, realizaron un evento c\u00edvico escolar con el cual conmemoraron un aniversario m\u00e1s del inicio de la Independencia de M\u00e9xico.<\/p>\n\n\n\n<p>El director de la citada instituci\u00f3n educativa, Miguel Cruz Reyes, reconoci\u00f3 el apoyo que se recibi\u00f3 por pare de toda la comunidad escolar, en cada una de las actividades realizadas durante este jueves 15 de septiembre, cuando se conmemora el 212 aniversario del inicio de la lucha por Independencia de M\u00e9xico.<\/p>\n\n\n\n<p>Consider\u00f3 que, es muy importante que la comunidad estudiantil conozca qui\u00e9nes fueron los personajes u h\u00e9roes que nos dieran patria y libertad, los cuales en su momento fueron dirigidos por don Miguel Hidalgo y Costilla.<\/p>\n\n\n\n<p>Miguel Cruz Reyes, dijo que, durante este d\u00eda se present\u00f3 un programa cultural en donde los alumnos participaron con gran entusiasmo e imitaron a los personajes que lucharon por la libertad de M\u00e9xico.<\/p>\n\n\n\n<p>Abund\u00f3 que, el viernes 16 de septiembre y de acuerdo con el calendario escolar, se suspenden las actividades educativas y se reanudar\u00e1n de manera normal hasta el lunes 19.<\/p>\n","protected":false},"excerpt":{"rendered":"<p>Por Enedino Hern\u00e1ndez\/Zunoticia Huejutla, Hgo. &#8211; Alumnos, personal docente y padres de la familia de la Escuela Primaria \u201cBenito Ju\u00e1rez\u201d, de la zona centro de esta ciudad de Huejutla de Reyes, realizaron un evento c\u00edvico escolar con el cual conmemoraron un aniversario m\u00e1s del inicio de la Independencia de M\u00e9xico. El director de la citada&hellip; <a class=\"more-link\" href=\"https:\/\/www.zunoticia.com\/noticias-de-hidalgo\/2022\/09\/15\/conmemora-primaria-del-centro-aniversario-de-la-independencia\/\">Seguir leyendo <span class=\"screen-reader-text\">Conmemora Primaria del Centro aniversario de la Independencia<\/span><\/a><\/p>\n","protected":false},"author":12,"featured_media":444591,"comment_status":"closed","ping_status":"open","sticky":false,"template":"","format":"standard","meta":{"rop_custom_images_group":[],"rop_custom_messages_group":[],"rop_publish_now":"initial","rop_publish_now_accounts":{"facebook_10159540855086992_322828327761733":""},"rop_publish_now_history":[],"rop_publish_now_status":"pending","footnotes":""},"categories":[181],"tags":[121],"class_list":["post-444590","post","type-post","status-publish","format-standard","has-post-thumbnail","hentry","category-huejutla","tag-huejutla","entry"],"_links":{"self":[{"href":"https:\/\/www.zunoticia.com\/noticias-de-hidalgo\/wp-json\/wp\/v2\/posts\/444590","targetHints":{"allow":["GET"]}}],"collection":[{"href":"https:\/\/www.zunoticia.com\/noticias-de-hidalgo\/wp-json\/wp\/v2\/posts"}],"about":[{"href":"https:\/\/www.zunoticia.com\/noticias-de-hidalgo\/wp-json\/wp\/v2\/types\/post"}],"author":[{"embeddable":true,"href":"https:\/\/www.zunoticia.com\/noticias-de-hidalgo\/wp-json\/wp\/v2\/users\/12"}],"replies":[{"embeddable":true,"href":"https:\/\/www.zunoticia.com\/noticias-de-hidalgo\/wp-json\/wp\/v2\/comments?post=444590"}],"version-history":[{"count":1,"href":"https:\/\/www.zunoticia.com\/noticias-de-hidalgo\/wp-json\/wp\/v2\/posts\/444590\/revisions"}],"predecessor-version":[{"id":444592,"href":"https:\/\/www.zunoticia.com\/noticias-de-hidalgo\/wp-json\/wp\/v2\/posts\/444590\/revisions\/444592"}],"wp:featuredmedia":[{"embeddable":true,"href":"https:\/\/www.zunoticia.com\/noticias-de-hidalgo\/wp-json\/wp\/v2\/media\/444591"}],"wp:attachment":[{"href":"https:\/\/www.zunoticia.com\/noticias-de-hidalgo\/wp-json\/wp\/v2\/media?parent=444590"}],"wp:term":[{"taxonomy":"category","embeddable":true,"href":"https:\/\/www.zunoticia.com\/noticias-de-hidalgo\/wp-json\/wp\/v2\/categories?post=444590"},{"taxonomy":"post_tag","embeddable":true,"href":"https:\/\/www.zunoticia.com\/noticias-de-hidalgo\/wp-json\/wp\/v2\/tags?post=444590"}],"curies":[{"name":"wp","href":"https:\/\/api.w.org\/{rel}","templated":true}]}}