{"id":444598,"date":"2022-09-15T17:26:32","date_gmt":"2022-09-15T22:26:32","guid":{"rendered":"https:\/\/www.zunoticia.com\/noticias-de-hidalgo\/?p=444598"},"modified":"2022-09-15T17:26:34","modified_gmt":"2022-09-15T22:26:34","slug":"mujer-senalada-por-falsedad-de-declaracion","status":"publish","type":"post","link":"https:\/\/www.zunoticia.com\/noticias-de-hidalgo\/2022\/09\/15\/mujer-senalada-por-falsedad-de-declaracion\/","title":{"rendered":"Mujer se\u00f1alada por falsedad de declaraci\u00f3n"},"content":{"rendered":"<aside class=\"mashsb-container mashsb-main mashsb-stretched\"><div class=\"mashsb-box\"><div class=\"mashsb-count mash-large\" style=\"float:left\"><div class=\"counts mashsbcount\">62<\/div><span class=\"mashsb-sharetext\">SHARES<\/span><\/div><div class=\"mashsb-buttons\"><a class=\"mashicon-facebook mash-large mash-center mashsb-noshadow\" href=\"https:\/\/www.facebook.com\/sharer.php?u=https%3A%2F%2Fwww.zunoticia.com%2Fnoticias-de-hidalgo%2F2022%2F09%2F15%2Fmujer-senalada-por-falsedad-de-declaracion%2F\" target=\"_top\" rel=\"nofollow\"><span class=\"icon\"><\/span><span class=\"text\">Share<\/span><\/a><a class=\"mashicon-twitter mash-large mash-center mashsb-noshadow\" href=\"https:\/\/twitter.com\/intent\/tweet?text=&amp;url=https:\/\/www.zunoticia.com\/noticias-de-hidalgo\/2022\/09\/15\/mujer-senalada-por-falsedad-de-declaracion\/\" target=\"_top\" rel=\"nofollow\"><span class=\"icon\"><\/span><span class=\"text\">Tweet<\/span><\/a><div class=\"onoffswitch2 mash-large mashsb-noshadow\" style=\"display:none\"><\/div><\/div>\n            <\/div>\n                <div style=\"clear:both\"><\/div><div class=\"mashsb-toggle-container\"><\/div><\/aside>\n            <!-- Share buttons by mashshare.net - Version: 4.0.47-->\n<p><em>Por Redacci\u00f3n\/Zunoticia<\/em><\/p>\n\n\n\n<p><strong>Huejutla, Hgo. &#8211;<\/strong> \u201cVecina del Barrio El Salto de la cabecera municipal de Huautla, quien fue presentada como testigo en una audiencia testimonial de un juicio escrito familiar, podr\u00eda ser denunciada penalmente por falsedad de declaraci\u00f3n ante la autoridad judicial, ya que presuntamente minti\u00f3 en su comparecencia\u201d.<\/p>\n\n\n\n<p>Lo anterior, fue manifestado por el abogado Oscar Esquivel Vera, quien dio a conocer que, una persona del sexo femenino de nombre Anselma N., quiso defender a su yerno, quien tiene una demanda en el Juzgado Civil y Familiar, sin embargo, en la audiencia que se llev\u00f3 acabo el 13 de septiembre del a\u00f1o en curso, la f\u00e9mina minti\u00f3.<\/p>\n\n\n\n<p>Ante esta situaci\u00f3n, el litigante dijo que la f\u00e9mina en menci\u00f3n, podr\u00eda ser denunciada en los pr\u00f3ximos d\u00edas y de esta manera responda por sus actos, al incurrir en el delito de falsedad de declaraci\u00f3n ante la autoridad judicial.<\/p>\n","protected":false},"excerpt":{"rendered":"<p>Por Redacci\u00f3n\/Zunoticia Huejutla, Hgo. &#8211; \u201cVecina del Barrio El Salto de la cabecera municipal de Huautla, quien fue presentada como testigo en una audiencia testimonial de un juicio escrito familiar, podr\u00eda ser denunciada penalmente por falsedad de declaraci\u00f3n ante la autoridad judicial, ya que presuntamente minti\u00f3 en su comparecencia\u201d. Lo anterior, fue manifestado por el&hellip; <a class=\"more-link\" href=\"https:\/\/www.zunoticia.com\/noticias-de-hidalgo\/2022\/09\/15\/mujer-senalada-por-falsedad-de-declaracion\/\">Seguir leyendo <span class=\"screen-reader-text\">Mujer se\u00f1alada por falsedad de declaraci\u00f3n<\/span><\/a><\/p>\n","protected":false},"author":12,"featured_media":444599,"comment_status":"closed","ping_status":"open","sticky":false,"template":"","format":"standard","meta":{"rop_custom_images_group":[],"rop_custom_messages_group":[],"rop_publish_now":"initial","rop_publish_now_accounts":{"facebook_10159540855086992_322828327761733":""},"rop_publish_now_history":[],"rop_publish_now_status":"pending","footnotes":""},"categories":[178],"tags":[121],"class_list":["post-444598","post","type-post","status-publish","format-standard","has-post-thumbnail","hentry","category-policiaca","tag-huejutla","entry"],"_links":{"self":[{"href":"https:\/\/www.zunoticia.com\/noticias-de-hidalgo\/wp-json\/wp\/v2\/posts\/444598","targetHints":{"allow":["GET"]}}],"collection":[{"href":"https:\/\/www.zunoticia.com\/noticias-de-hidalgo\/wp-json\/wp\/v2\/posts"}],"about":[{"href":"https:\/\/www.zunoticia.com\/noticias-de-hidalgo\/wp-json\/wp\/v2\/types\/post"}],"author":[{"embeddable":true,"href":"https:\/\/www.zunoticia.com\/noticias-de-hidalgo\/wp-json\/wp\/v2\/users\/12"}],"replies":[{"embeddable":true,"href":"https:\/\/www.zunoticia.com\/noticias-de-hidalgo\/wp-json\/wp\/v2\/comments?post=444598"}],"version-history":[{"count":1,"href":"https:\/\/www.zunoticia.com\/noticias-de-hidalgo\/wp-json\/wp\/v2\/posts\/444598\/revisions"}],"predecessor-version":[{"id":444600,"href":"https:\/\/www.zunoticia.com\/noticias-de-hidalgo\/wp-json\/wp\/v2\/posts\/444598\/revisions\/444600"}],"wp:featuredmedia":[{"embeddable":true,"href":"https:\/\/www.zunoticia.com\/noticias-de-hidalgo\/wp-json\/wp\/v2\/media\/444599"}],"wp:attachment":[{"href":"https:\/\/www.zunoticia.com\/noticias-de-hidalgo\/wp-json\/wp\/v2\/media?parent=444598"}],"wp:term":[{"taxonomy":"category","embeddable":true,"href":"https:\/\/www.zunoticia.com\/noticias-de-hidalgo\/wp-json\/wp\/v2\/categories?post=444598"},{"taxonomy":"post_tag","embeddable":true,"href":"https:\/\/www.zunoticia.com\/noticias-de-hidalgo\/wp-json\/wp\/v2\/tags?post=444598"}],"curies":[{"name":"wp","href":"https:\/\/api.w.org\/{rel}","templated":true}]}}