{"id":444601,"date":"2022-09-15T17:34:36","date_gmt":"2022-09-15T22:34:36","guid":{"rendered":"https:\/\/www.zunoticia.com\/noticias-de-hidalgo\/?p=444601"},"modified":"2022-09-15T17:34:38","modified_gmt":"2022-09-15T22:34:38","slug":"piden-maestros-para-preescolar-en-ahuatitla","status":"publish","type":"post","link":"https:\/\/www.zunoticia.com\/noticias-de-hidalgo\/2022\/09\/15\/piden-maestros-para-preescolar-en-ahuatitla\/","title":{"rendered":"Piden maestros para preescolar en Ahuatitla"},"content":{"rendered":"<aside class=\"mashsb-container mashsb-main mashsb-stretched\"><div class=\"mashsb-box\"><div class=\"mashsb-count mash-large\" style=\"float:left\"><div class=\"counts mashsbcount\">38<\/div><span class=\"mashsb-sharetext\">SHARES<\/span><\/div><div class=\"mashsb-buttons\"><a class=\"mashicon-facebook mash-large mash-center mashsb-noshadow\" href=\"https:\/\/www.facebook.com\/sharer.php?u=https%3A%2F%2Fwww.zunoticia.com%2Fnoticias-de-hidalgo%2F2022%2F09%2F15%2Fpiden-maestros-para-preescolar-en-ahuatitla%2F\" target=\"_top\" rel=\"nofollow\"><span class=\"icon\"><\/span><span class=\"text\">Share<\/span><\/a><a class=\"mashicon-twitter mash-large mash-center mashsb-noshadow\" href=\"https:\/\/twitter.com\/intent\/tweet?text=&amp;url=https:\/\/www.zunoticia.com\/noticias-de-hidalgo\/2022\/09\/15\/piden-maestros-para-preescolar-en-ahuatitla\/\" target=\"_top\" rel=\"nofollow\"><span class=\"icon\"><\/span><span class=\"text\">Tweet<\/span><\/a><div class=\"onoffswitch2 mash-large mashsb-noshadow\" style=\"display:none\"><\/div><\/div>\n            <\/div>\n                <div style=\"clear:both\"><\/div><div class=\"mashsb-toggle-container\"><\/div><\/aside>\n            <!-- Share buttons by mashshare.net - Version: 4.0.47-->\n<p><em>Por \u00c1ngel Silverio\/Zunoticia<\/em><\/p>\n\n\n\n<p><strong>San Felipe Orizatl\u00e1n, Hgo. &#8211;<\/strong> Padres de familia y autoridades de la delegaci\u00f3n en Ahuatitla, acudieron a las oficinas de la Subsecretar\u00eda de Educaci\u00f3n Regional, a fin de solicitar que se atienda la petici\u00f3n de enviar maestros a dar a clases a los ni\u00f1os de preescolar \u201cMiguel Hidalgo\u201d, ya que llevan varios d\u00edas sin contar con docente.<\/p>\n\n\n\n<p>De acuerdo con lo manifestado por el delegado de la comunidad, Oscar Mart\u00ednez Amador, se\u00f1al\u00f3 que, en compa\u00f1\u00eda de los padres de familia de dicho jard\u00edn de ni\u00f1os, acudieron para respaldar la solicitud para que se env\u00eden docentes al plantel, ya que los infantes no reciben clases.<\/p>\n\n\n\n<figure class=\"wp-block-image size-large\"><img fetchpriority=\"high\" decoding=\"async\" width=\"1024\" height=\"768\" src=\"https:\/\/www.zunoticia.com\/noticias-de-hidalgo\/wp-content\/uploads\/2022\/09\/WhatsApp-Image-2022-09-15-at-5.27.47-PM-1-1024x768.jpeg\" alt=\"\" class=\"wp-image-444603\" srcset=\"https:\/\/www.zunoticia.com\/noticias-de-hidalgo\/wp-content\/uploads\/2022\/09\/WhatsApp-Image-2022-09-15-at-5.27.47-PM-1-1024x768.jpeg 1024w, https:\/\/www.zunoticia.com\/noticias-de-hidalgo\/wp-content\/uploads\/2022\/09\/WhatsApp-Image-2022-09-15-at-5.27.47-PM-1-300x225.jpeg 300w, https:\/\/www.zunoticia.com\/noticias-de-hidalgo\/wp-content\/uploads\/2022\/09\/WhatsApp-Image-2022-09-15-at-5.27.47-PM-1-768x576.jpeg 768w, https:\/\/www.zunoticia.com\/noticias-de-hidalgo\/wp-content\/uploads\/2022\/09\/WhatsApp-Image-2022-09-15-at-5.27.47-PM-1.jpeg 1280w\" sizes=\"(max-width: 1024px) 100vw, 1024px\" \/><\/figure>\n\n\n\n<p>&#8220;Esperamos que haya respuesta, nos dijeron que en un lapso de 15 d\u00edas nos van a resolver y se enviar\u00e1 a alguien, esperamos que as\u00ed sea, de lo contrario aqu\u00ed estaremos nuevamente, no podemos dejar a nuestros ni\u00f1os sin recibir clases; la educaci\u00f3n es muy importante y es algo que nosotros, en nuestra delegaci\u00f3n hemos venido impulsando, nos hemos esforzado por darles espacios dignos a los estudiantes, y esperamos que las autoridades tambi\u00e9n se esfuercen por atender esta demanda&#8221; dijo.<\/p>\n\n\n\n<p>Mart\u00ednez Amador agreg\u00f3 que, estar\u00e1n al pendiente junto con los padres de familia, pues mencion\u00f3 \u201cde nada sirve tener buenas instalaciones sino hay lo m\u00e1s importante, que es tener alguien quien ense\u00f1e; Confiamos que nos van a resolver, porque la educaci\u00f3n es muy importante para nosotros&#8221; finaliz\u00f3.<\/p>\n","protected":false},"excerpt":{"rendered":"<p>Por \u00c1ngel Silverio\/Zunoticia San Felipe Orizatl\u00e1n, Hgo. &#8211; Padres de familia y autoridades de la delegaci\u00f3n en Ahuatitla, acudieron a las oficinas de la Subsecretar\u00eda de Educaci\u00f3n Regional, a fin de solicitar que se atienda la petici\u00f3n de enviar maestros a dar a clases a los ni\u00f1os de preescolar \u201cMiguel Hidalgo\u201d, ya que llevan varios&hellip; <a class=\"more-link\" href=\"https:\/\/www.zunoticia.com\/noticias-de-hidalgo\/2022\/09\/15\/piden-maestros-para-preescolar-en-ahuatitla\/\">Seguir leyendo <span class=\"screen-reader-text\">Piden maestros para preescolar en Ahuatitla<\/span><\/a><\/p>\n","protected":false},"author":12,"featured_media":444602,"comment_status":"closed","ping_status":"open","sticky":false,"template":"","format":"standard","meta":{"rop_custom_images_group":[],"rop_custom_messages_group":[],"rop_publish_now":"initial","rop_publish_now_accounts":{"facebook_10159540855086992_322828327761733":""},"rop_publish_now_history":[],"rop_publish_now_status":"pending","footnotes":""},"categories":[180],"tags":[129],"class_list":["post-444601","post","type-post","status-publish","format-standard","has-post-thumbnail","hentry","category-orizatlan","tag-orizatlan","entry"],"_links":{"self":[{"href":"https:\/\/www.zunoticia.com\/noticias-de-hidalgo\/wp-json\/wp\/v2\/posts\/444601","targetHints":{"allow":["GET"]}}],"collection":[{"href":"https:\/\/www.zunoticia.com\/noticias-de-hidalgo\/wp-json\/wp\/v2\/posts"}],"about":[{"href":"https:\/\/www.zunoticia.com\/noticias-de-hidalgo\/wp-json\/wp\/v2\/types\/post"}],"author":[{"embeddable":true,"href":"https:\/\/www.zunoticia.com\/noticias-de-hidalgo\/wp-json\/wp\/v2\/users\/12"}],"replies":[{"embeddable":true,"href":"https:\/\/www.zunoticia.com\/noticias-de-hidalgo\/wp-json\/wp\/v2\/comments?post=444601"}],"version-history":[{"count":1,"href":"https:\/\/www.zunoticia.com\/noticias-de-hidalgo\/wp-json\/wp\/v2\/posts\/444601\/revisions"}],"predecessor-version":[{"id":444604,"href":"https:\/\/www.zunoticia.com\/noticias-de-hidalgo\/wp-json\/wp\/v2\/posts\/444601\/revisions\/444604"}],"wp:featuredmedia":[{"embeddable":true,"href":"https:\/\/www.zunoticia.com\/noticias-de-hidalgo\/wp-json\/wp\/v2\/media\/444602"}],"wp:attachment":[{"href":"https:\/\/www.zunoticia.com\/noticias-de-hidalgo\/wp-json\/wp\/v2\/media?parent=444601"}],"wp:term":[{"taxonomy":"category","embeddable":true,"href":"https:\/\/www.zunoticia.com\/noticias-de-hidalgo\/wp-json\/wp\/v2\/categories?post=444601"},{"taxonomy":"post_tag","embeddable":true,"href":"https:\/\/www.zunoticia.com\/noticias-de-hidalgo\/wp-json\/wp\/v2\/tags?post=444601"}],"curies":[{"name":"wp","href":"https:\/\/api.w.org\/{rel}","templated":true}]}}