{"id":444617,"date":"2022-09-15T19:01:31","date_gmt":"2022-09-16T00:01:31","guid":{"rendered":"https:\/\/www.zunoticia.com\/noticias-de-hidalgo\/?p=444617"},"modified":"2022-09-15T19:01:33","modified_gmt":"2022-09-16T00:01:33","slug":"detienen-a-taxista-por-agredir-a-su-excunado","status":"publish","type":"post","link":"https:\/\/www.zunoticia.com\/noticias-de-hidalgo\/2022\/09\/15\/detienen-a-taxista-por-agredir-a-su-excunado\/","title":{"rendered":"Detienen a taxista por agredir a su excu\u00f1ado"},"content":{"rendered":"<aside class=\"mashsb-container mashsb-main mashsb-stretched\"><div class=\"mashsb-box\"><div class=\"mashsb-count mash-large\" style=\"float:left\"><div class=\"counts mashsbcount\">14<\/div><span class=\"mashsb-sharetext\">SHARES<\/span><\/div><div class=\"mashsb-buttons\"><a class=\"mashicon-facebook mash-large mash-center mashsb-noshadow\" href=\"https:\/\/www.facebook.com\/sharer.php?u=https%3A%2F%2Fwww.zunoticia.com%2Fnoticias-de-hidalgo%2F2022%2F09%2F15%2Fdetienen-a-taxista-por-agredir-a-su-excunado%2F\" target=\"_top\" rel=\"nofollow\"><span class=\"icon\"><\/span><span class=\"text\">Share<\/span><\/a><a class=\"mashicon-twitter mash-large mash-center mashsb-noshadow\" href=\"https:\/\/twitter.com\/intent\/tweet?text=&amp;url=https:\/\/www.zunoticia.com\/noticias-de-hidalgo\/2022\/09\/15\/detienen-a-taxista-por-agredir-a-su-excunado\/\" target=\"_top\" rel=\"nofollow\"><span class=\"icon\"><\/span><span class=\"text\">Tweet<\/span><\/a><div class=\"onoffswitch2 mash-large mashsb-noshadow\" style=\"display:none\"><\/div><\/div>\n            <\/div>\n                <div style=\"clear:both\"><\/div><div class=\"mashsb-toggle-container\"><\/div><\/aside>\n            <!-- Share buttons by mashshare.net - Version: 4.0.47-->\n<p><em>Por Redacci\u00f3n\/Zunoticia<\/em><\/p>\n\n\n\n<p><strong>Plat\u00f3n S\u00e1nchez, Ver.-<\/strong> Agentes de la Polic\u00eda Ministerial adscritos a este municipio, detuvieron a un taxista que presuntamente amenaz\u00f3 a su excu\u00f1ado, en las inmediaciones de la colonia El Duque de la cabecera municipal.<\/p>\n\n\n\n<p>El supuesto agresor identificado con el nombre de Gustavo F.R., mejor conocido con el alias de &#8220;El Cholo&#8221;, supuestamente en d\u00edas pasados amenaz\u00f3 con un arma blanca (cuchillo), a su excu\u00f1ado.<\/p>\n\n\n\n<p>Trascendi\u00f3 que, en el mes de mayo del a\u00f1o en curso, personas desconocidas balearon el taxi de &#8220;El Cholo&#8221;, cuando se encontraba en la colonia El Duque, por presuntas diferencias con otras personas del municipio.<\/p>\n\n\n\n<figure class=\"wp-block-image size-large\"><img fetchpriority=\"high\" decoding=\"async\" width=\"1024\" height=\"539\" src=\"https:\/\/www.zunoticia.com\/noticias-de-hidalgo\/wp-content\/uploads\/2022\/09\/WhatsApp-Image-2022-09-15-at-6.30.26-PM-1024x539.jpeg\" alt=\"\" class=\"wp-image-444608\" srcset=\"https:\/\/www.zunoticia.com\/noticias-de-hidalgo\/wp-content\/uploads\/2022\/09\/WhatsApp-Image-2022-09-15-at-6.30.26-PM-1024x539.jpeg 1024w, https:\/\/www.zunoticia.com\/noticias-de-hidalgo\/wp-content\/uploads\/2022\/09\/WhatsApp-Image-2022-09-15-at-6.30.26-PM-300x158.jpeg 300w, https:\/\/www.zunoticia.com\/noticias-de-hidalgo\/wp-content\/uploads\/2022\/09\/WhatsApp-Image-2022-09-15-at-6.30.26-PM-768x404.jpeg 768w, https:\/\/www.zunoticia.com\/noticias-de-hidalgo\/wp-content\/uploads\/2022\/09\/WhatsApp-Image-2022-09-15-at-6.30.26-PM.jpeg 1051w\" sizes=\"(max-width: 1024px) 100vw, 1024px\" \/><\/figure>\n\n\n\n<p>Derivado a los hechos, el trabajador del volante fue asegurado y puesto a disposici\u00f3n de la Fiscal\u00eda Regional de Tantoyuca para el deslinde de responsabilidades.<\/p>\n","protected":false},"excerpt":{"rendered":"<p>Por Redacci\u00f3n\/Zunoticia Plat\u00f3n S\u00e1nchez, Ver.- Agentes de la Polic\u00eda Ministerial adscritos a este municipio, detuvieron a un taxista que presuntamente amenaz\u00f3 a su excu\u00f1ado, en las inmediaciones de la colonia El Duque de la cabecera municipal. El supuesto agresor identificado con el nombre de Gustavo F.R., mejor conocido con el alias de &#8220;El Cholo&#8221;, supuestamente&hellip; <a class=\"more-link\" href=\"https:\/\/www.zunoticia.com\/noticias-de-hidalgo\/2022\/09\/15\/detienen-a-taxista-por-agredir-a-su-excunado\/\">Seguir leyendo <span class=\"screen-reader-text\">Detienen a taxista por agredir a su excu\u00f1ado<\/span><\/a><\/p>\n","protected":false},"author":12,"featured_media":444618,"comment_status":"closed","ping_status":"open","sticky":false,"template":"","format":"standard","meta":{"rop_custom_images_group":[],"rop_custom_messages_group":[],"rop_publish_now":"initial","rop_publish_now_accounts":{"facebook_10159540855086992_322828327761733":""},"rop_publish_now_history":[],"rop_publish_now_status":"pending","footnotes":""},"categories":[178],"tags":[259],"class_list":["post-444617","post","type-post","status-publish","format-standard","has-post-thumbnail","hentry","category-policiaca","tag-policiaca","entry"],"_links":{"self":[{"href":"https:\/\/www.zunoticia.com\/noticias-de-hidalgo\/wp-json\/wp\/v2\/posts\/444617","targetHints":{"allow":["GET"]}}],"collection":[{"href":"https:\/\/www.zunoticia.com\/noticias-de-hidalgo\/wp-json\/wp\/v2\/posts"}],"about":[{"href":"https:\/\/www.zunoticia.com\/noticias-de-hidalgo\/wp-json\/wp\/v2\/types\/post"}],"author":[{"embeddable":true,"href":"https:\/\/www.zunoticia.com\/noticias-de-hidalgo\/wp-json\/wp\/v2\/users\/12"}],"replies":[{"embeddable":true,"href":"https:\/\/www.zunoticia.com\/noticias-de-hidalgo\/wp-json\/wp\/v2\/comments?post=444617"}],"version-history":[{"count":1,"href":"https:\/\/www.zunoticia.com\/noticias-de-hidalgo\/wp-json\/wp\/v2\/posts\/444617\/revisions"}],"predecessor-version":[{"id":444619,"href":"https:\/\/www.zunoticia.com\/noticias-de-hidalgo\/wp-json\/wp\/v2\/posts\/444617\/revisions\/444619"}],"wp:featuredmedia":[{"embeddable":true,"href":"https:\/\/www.zunoticia.com\/noticias-de-hidalgo\/wp-json\/wp\/v2\/media\/444618"}],"wp:attachment":[{"href":"https:\/\/www.zunoticia.com\/noticias-de-hidalgo\/wp-json\/wp\/v2\/media?parent=444617"}],"wp:term":[{"taxonomy":"category","embeddable":true,"href":"https:\/\/www.zunoticia.com\/noticias-de-hidalgo\/wp-json\/wp\/v2\/categories?post=444617"},{"taxonomy":"post_tag","embeddable":true,"href":"https:\/\/www.zunoticia.com\/noticias-de-hidalgo\/wp-json\/wp\/v2\/tags?post=444617"}],"curies":[{"name":"wp","href":"https:\/\/api.w.org\/{rel}","templated":true}]}}