{"id":444978,"date":"2022-09-19T00:50:41","date_gmt":"2022-09-19T05:50:41","guid":{"rendered":"https:\/\/www.zunoticia.com\/noticias-de-hidalgo\/?p=444978"},"modified":"2022-09-19T00:50:43","modified_gmt":"2022-09-19T05:50:43","slug":"inauguraron-reloj-centenario-en-huitzitzilingo","status":"publish","type":"post","link":"https:\/\/www.zunoticia.com\/noticias-de-hidalgo\/2022\/09\/19\/inauguraron-reloj-centenario-en-huitzitzilingo\/","title":{"rendered":"Inauguraron reloj centenario en Huitzitzilingo"},"content":{"rendered":"<aside class=\"mashsb-container mashsb-main mashsb-stretched\"><div class=\"mashsb-box\"><div class=\"mashsb-count mash-large\" style=\"float:left\"><div class=\"counts mashsbcount\">25<\/div><span class=\"mashsb-sharetext\">SHARES<\/span><\/div><div class=\"mashsb-buttons\"><a class=\"mashicon-facebook mash-large mash-center mashsb-noshadow\" href=\"https:\/\/www.facebook.com\/sharer.php?u=https%3A%2F%2Fwww.zunoticia.com%2Fnoticias-de-hidalgo%2F2022%2F09%2F19%2Finauguraron-reloj-centenario-en-huitzitzilingo%2F\" target=\"_top\" rel=\"nofollow\"><span class=\"icon\"><\/span><span class=\"text\">Share<\/span><\/a><a class=\"mashicon-twitter mash-large mash-center mashsb-noshadow\" href=\"https:\/\/twitter.com\/intent\/tweet?text=&amp;url=https:\/\/www.zunoticia.com\/noticias-de-hidalgo\/2022\/09\/19\/inauguraron-reloj-centenario-en-huitzitzilingo\/\" target=\"_top\" rel=\"nofollow\"><span class=\"icon\"><\/span><span class=\"text\">Tweet<\/span><\/a><div class=\"onoffswitch2 mash-large mashsb-noshadow\" style=\"display:none\"><\/div><\/div>\n            <\/div>\n                <div style=\"clear:both\"><\/div><div class=\"mashsb-toggle-container\"><\/div><\/aside>\n            <!-- Share buttons by mashshare.net - Version: 4.0.47-->\n<p><em>Por \u00c1ngel Silverio\/Zunoticia<\/em><\/p>\n\n\n\n<p><strong>San Felipe Orizatl\u00e1n, Hgo.-<\/strong> Con gran algarab\u00eda, el pasado 15 de septiembre autoridades y habitantes de la delegaci\u00f3n de Huitzitzilingo llevaron a cabo la inauguraci\u00f3n del reloj centenario, adem\u00e1s de celebrar el tradicional grito de independencia, evento en el cual se agradeci\u00f3 a todos los que hicieron posible este logro.<\/p>\n\n\n\n<p>La poblaci\u00f3n en general inaugur\u00f3 el reloj, que gracias a la cooperaci\u00f3n de los vecinos y de los migrantes oriundos de esta comunidad se logr\u00f3 adquirir, siendo este un estandarte de fruto del trabajo y del esfuerzo de los habitantes de Huitzitzilingo.<\/p>\n\n\n\n<figure class=\"wp-block-image size-large\"><img fetchpriority=\"high\" decoding=\"async\" width=\"1024\" height=\"538\" src=\"https:\/\/www.zunoticia.com\/noticias-de-hidalgo\/wp-content\/uploads\/2022\/09\/reloj-1024x538.jpg\" alt=\"\" class=\"wp-image-444953\" srcset=\"https:\/\/www.zunoticia.com\/noticias-de-hidalgo\/wp-content\/uploads\/2022\/09\/reloj-1024x538.jpg 1024w, https:\/\/www.zunoticia.com\/noticias-de-hidalgo\/wp-content\/uploads\/2022\/09\/reloj-300x158.jpg 300w, https:\/\/www.zunoticia.com\/noticias-de-hidalgo\/wp-content\/uploads\/2022\/09\/reloj-768x403.jpg 768w, https:\/\/www.zunoticia.com\/noticias-de-hidalgo\/wp-content\/uploads\/2022\/09\/reloj.jpg 1200w\" sizes=\"(max-width: 1024px) 100vw, 1024px\" \/><\/figure>\n\n\n\n<p>A la par se llev\u00f3 a cabo el tradicional grito de independencia frente a todos los vecinos, quienes con j\u00fabilo y algarab\u00eda corearon el &#8220;Viva M\u00e9xico&#8221; y &#8220;Viva Huitzitzilingo&#8221; orgullosos, de su tierra, de sus or\u00edgenes y ser mexicanos.<\/p>\n\n\n\n<p>Posterior al evento, los asistentes compartieron el pan y la sal, para despu\u00e9s continuar con el tradicional baile popular para el agrado de todos los presentes.<\/p>\n","protected":false},"excerpt":{"rendered":"<p>Por \u00c1ngel Silverio\/Zunoticia San Felipe Orizatl\u00e1n, Hgo.- Con gran algarab\u00eda, el pasado 15 de septiembre autoridades y habitantes de la delegaci\u00f3n de Huitzitzilingo llevaron a cabo la inauguraci\u00f3n del reloj centenario, adem\u00e1s de celebrar el tradicional grito de independencia, evento en el cual se agradeci\u00f3 a todos los que hicieron posible este logro. La poblaci\u00f3n&hellip; <a class=\"more-link\" href=\"https:\/\/www.zunoticia.com\/noticias-de-hidalgo\/2022\/09\/19\/inauguraron-reloj-centenario-en-huitzitzilingo\/\">Seguir leyendo <span class=\"screen-reader-text\">Inauguraron reloj centenario en Huitzitzilingo<\/span><\/a><\/p>\n","protected":false},"author":13,"featured_media":444952,"comment_status":"closed","ping_status":"open","sticky":false,"template":"","format":"standard","meta":{"rop_custom_images_group":[],"rop_custom_messages_group":[],"rop_publish_now":"initial","rop_publish_now_accounts":{"facebook_10159540855086992_322828327761733":""},"rop_publish_now_history":[],"rop_publish_now_status":"pending","footnotes":""},"categories":[180],"tags":[129],"class_list":["post-444978","post","type-post","status-publish","format-standard","has-post-thumbnail","hentry","category-orizatlan","tag-orizatlan","entry"],"_links":{"self":[{"href":"https:\/\/www.zunoticia.com\/noticias-de-hidalgo\/wp-json\/wp\/v2\/posts\/444978","targetHints":{"allow":["GET"]}}],"collection":[{"href":"https:\/\/www.zunoticia.com\/noticias-de-hidalgo\/wp-json\/wp\/v2\/posts"}],"about":[{"href":"https:\/\/www.zunoticia.com\/noticias-de-hidalgo\/wp-json\/wp\/v2\/types\/post"}],"author":[{"embeddable":true,"href":"https:\/\/www.zunoticia.com\/noticias-de-hidalgo\/wp-json\/wp\/v2\/users\/13"}],"replies":[{"embeddable":true,"href":"https:\/\/www.zunoticia.com\/noticias-de-hidalgo\/wp-json\/wp\/v2\/comments?post=444978"}],"version-history":[{"count":1,"href":"https:\/\/www.zunoticia.com\/noticias-de-hidalgo\/wp-json\/wp\/v2\/posts\/444978\/revisions"}],"predecessor-version":[{"id":444979,"href":"https:\/\/www.zunoticia.com\/noticias-de-hidalgo\/wp-json\/wp\/v2\/posts\/444978\/revisions\/444979"}],"wp:featuredmedia":[{"embeddable":true,"href":"https:\/\/www.zunoticia.com\/noticias-de-hidalgo\/wp-json\/wp\/v2\/media\/444952"}],"wp:attachment":[{"href":"https:\/\/www.zunoticia.com\/noticias-de-hidalgo\/wp-json\/wp\/v2\/media?parent=444978"}],"wp:term":[{"taxonomy":"category","embeddable":true,"href":"https:\/\/www.zunoticia.com\/noticias-de-hidalgo\/wp-json\/wp\/v2\/categories?post=444978"},{"taxonomy":"post_tag","embeddable":true,"href":"https:\/\/www.zunoticia.com\/noticias-de-hidalgo\/wp-json\/wp\/v2\/tags?post=444978"}],"curies":[{"name":"wp","href":"https:\/\/api.w.org\/{rel}","templated":true}]}}