{"id":444980,"date":"2022-09-19T00:55:18","date_gmt":"2022-09-19T05:55:18","guid":{"rendered":"https:\/\/www.zunoticia.com\/noticias-de-hidalgo\/?p=444980"},"modified":"2022-09-19T00:55:22","modified_gmt":"2022-09-19T05:55:22","slug":"con-exito-cierra-el-concurso-internacional-del-folklor-latinoamericano","status":"publish","type":"post","link":"https:\/\/www.zunoticia.com\/noticias-de-hidalgo\/2022\/09\/19\/con-exito-cierra-el-concurso-internacional-del-folklor-latinoamericano\/","title":{"rendered":"Con \u00e9xito cierra el concurso internacional del folklor latinoamericano"},"content":{"rendered":"<aside class=\"mashsb-container mashsb-main mashsb-stretched\"><div class=\"mashsb-box\"><div class=\"mashsb-count mash-large\" style=\"float:left\"><div class=\"counts mashsbcount\">14<\/div><span class=\"mashsb-sharetext\">SHARES<\/span><\/div><div class=\"mashsb-buttons\"><a class=\"mashicon-facebook mash-large mash-center mashsb-noshadow\" href=\"https:\/\/www.facebook.com\/sharer.php?u=https%3A%2F%2Fwww.zunoticia.com%2Fnoticias-de-hidalgo%2F2022%2F09%2F19%2Fcon-exito-cierra-el-concurso-internacional-del-folklor-latinoamericano%2F\" target=\"_top\" rel=\"nofollow\"><span class=\"icon\"><\/span><span class=\"text\">Share<\/span><\/a><a class=\"mashicon-twitter mash-large mash-center mashsb-noshadow\" href=\"https:\/\/twitter.com\/intent\/tweet?text=&amp;url=https:\/\/www.zunoticia.com\/noticias-de-hidalgo\/2022\/09\/19\/con-exito-cierra-el-concurso-internacional-del-folklor-latinoamericano\/\" target=\"_top\" rel=\"nofollow\"><span class=\"icon\"><\/span><span class=\"text\">Tweet<\/span><\/a><div class=\"onoffswitch2 mash-large mashsb-noshadow\" style=\"display:none\"><\/div><\/div>\n            <\/div>\n                <div style=\"clear:both\"><\/div><div class=\"mashsb-toggle-container\"><\/div><\/aside>\n            <!-- Share buttons by mashshare.net - Version: 4.0.47-->\n<p><em>Por \u00c1ngel Silverio\/Zunoticia<\/em><\/p>\n\n\n\n<p><strong>Jaltoc\u00e1n, Hgo.-<\/strong> Con un gran p\u00fablico el pasado fin de semana culmin\u00f3 la presentaci\u00f3n del concurso internacional de folclor latinoamericano, donde pa\u00edses como Polonia, Costa Rica, Colombia, Estados Unidos y M\u00e9xico se hicieron presentes para deleitar a los asistentes.<\/p>\n\n\n\n<p>Fue el pasado fin de semana, cuando dentro de su gira por varios municipios del estado, lleg\u00f3 el evento internacional que engalan\u00f3 los festejos patrios con la presentaci\u00f3n de artistas que dieron a conocer parte de su cultura y folklore a los jaltocanenses.<\/p>\n\n\n\n<figure class=\"wp-block-image size-large\"><img fetchpriority=\"high\" decoding=\"async\" width=\"1024\" height=\"538\" src=\"https:\/\/www.zunoticia.com\/noticias-de-hidalgo\/wp-content\/uploads\/2022\/09\/exito-1-1024x538.jpg\" alt=\"\" class=\"wp-image-444951\" srcset=\"https:\/\/www.zunoticia.com\/noticias-de-hidalgo\/wp-content\/uploads\/2022\/09\/exito-1-1024x538.jpg 1024w, https:\/\/www.zunoticia.com\/noticias-de-hidalgo\/wp-content\/uploads\/2022\/09\/exito-1-300x158.jpg 300w, https:\/\/www.zunoticia.com\/noticias-de-hidalgo\/wp-content\/uploads\/2022\/09\/exito-1-768x403.jpg 768w, https:\/\/www.zunoticia.com\/noticias-de-hidalgo\/wp-content\/uploads\/2022\/09\/exito-1.jpg 1200w\" sizes=\"(max-width: 1024px) 100vw, 1024px\" \/><\/figure>\n\n\n\n<p>&#8220;Un gran espect\u00e1culo, creo que Jaltoc\u00e1n se merece este y otros eventos de la misma categor\u00eda, somos un municipio con mucha riqueza cultural, artesanal, gastron\u00f3mica&nbsp; no se le ha dado el impulso que deber\u00eda, si esto fuera de manera continua habr\u00eda ya un gran avance, imag\u00ednense por el lado econ\u00f3mico la derrama que hubiera generado en cuanto a hoteler\u00eda, restaurantes o servicios, eso obligar\u00eda a qu\u00e9 se fuera invirtiendo en eso, esperemos que Julio Menchaca, traiga eventos de ese tipo&#8221; indic\u00f3 el promotor cultural, Felipe Amador Rivera .<\/p>\n\n\n\n<p>Cabe mencionar que gracias al ballet folkl\u00f3rico de la secci\u00f3n 15 del SNTE en Hidalgo, este evento fue posible y que los jaltocanenses pudieran disfrutar de un evento de talla internacional.<\/p>\n","protected":false},"excerpt":{"rendered":"<p>Por \u00c1ngel Silverio\/Zunoticia Jaltoc\u00e1n, Hgo.- Con un gran p\u00fablico el pasado fin de semana culmin\u00f3 la presentaci\u00f3n del concurso internacional de folclor latinoamericano, donde pa\u00edses como Polonia, Costa Rica, Colombia, Estados Unidos y M\u00e9xico se hicieron presentes para deleitar a los asistentes. Fue el pasado fin de semana, cuando dentro de su gira por varios&hellip; <a class=\"more-link\" href=\"https:\/\/www.zunoticia.com\/noticias-de-hidalgo\/2022\/09\/19\/con-exito-cierra-el-concurso-internacional-del-folklor-latinoamericano\/\">Seguir leyendo <span class=\"screen-reader-text\">Con \u00e9xito cierra el concurso internacional del folklor latinoamericano<\/span><\/a><\/p>\n","protected":false},"author":13,"featured_media":444950,"comment_status":"closed","ping_status":"open","sticky":false,"template":"","format":"standard","meta":{"rop_custom_images_group":[],"rop_custom_messages_group":[],"rop_publish_now":"initial","rop_publish_now_accounts":{"facebook_10159540855086992_322828327761733":""},"rop_publish_now_history":[],"rop_publish_now_status":"pending","footnotes":""},"categories":[179,200],"tags":[131],"class_list":["post-444980","post","type-post","status-publish","format-standard","has-post-thumbnail","hentry","category-huasteca","category-jaltocan","tag-jaltocan","entry"],"_links":{"self":[{"href":"https:\/\/www.zunoticia.com\/noticias-de-hidalgo\/wp-json\/wp\/v2\/posts\/444980","targetHints":{"allow":["GET"]}}],"collection":[{"href":"https:\/\/www.zunoticia.com\/noticias-de-hidalgo\/wp-json\/wp\/v2\/posts"}],"about":[{"href":"https:\/\/www.zunoticia.com\/noticias-de-hidalgo\/wp-json\/wp\/v2\/types\/post"}],"author":[{"embeddable":true,"href":"https:\/\/www.zunoticia.com\/noticias-de-hidalgo\/wp-json\/wp\/v2\/users\/13"}],"replies":[{"embeddable":true,"href":"https:\/\/www.zunoticia.com\/noticias-de-hidalgo\/wp-json\/wp\/v2\/comments?post=444980"}],"version-history":[{"count":1,"href":"https:\/\/www.zunoticia.com\/noticias-de-hidalgo\/wp-json\/wp\/v2\/posts\/444980\/revisions"}],"predecessor-version":[{"id":444981,"href":"https:\/\/www.zunoticia.com\/noticias-de-hidalgo\/wp-json\/wp\/v2\/posts\/444980\/revisions\/444981"}],"wp:featuredmedia":[{"embeddable":true,"href":"https:\/\/www.zunoticia.com\/noticias-de-hidalgo\/wp-json\/wp\/v2\/media\/444950"}],"wp:attachment":[{"href":"https:\/\/www.zunoticia.com\/noticias-de-hidalgo\/wp-json\/wp\/v2\/media?parent=444980"}],"wp:term":[{"taxonomy":"category","embeddable":true,"href":"https:\/\/www.zunoticia.com\/noticias-de-hidalgo\/wp-json\/wp\/v2\/categories?post=444980"},{"taxonomy":"post_tag","embeddable":true,"href":"https:\/\/www.zunoticia.com\/noticias-de-hidalgo\/wp-json\/wp\/v2\/tags?post=444980"}],"curies":[{"name":"wp","href":"https:\/\/api.w.org\/{rel}","templated":true}]}}