{"id":445116,"date":"2022-09-19T18:14:29","date_gmt":"2022-09-19T23:14:29","guid":{"rendered":"https:\/\/www.zunoticia.com\/noticias-de-hidalgo\/?p=445116"},"modified":"2022-09-19T18:14:31","modified_gmt":"2022-09-19T23:14:31","slug":"pc-pide-a-la-poblacion-extremar-medidas-en-zonas-por-deslaves","status":"publish","type":"post","link":"https:\/\/www.zunoticia.com\/noticias-de-hidalgo\/2022\/09\/19\/pc-pide-a-la-poblacion-extremar-medidas-en-zonas-por-deslaves\/","title":{"rendered":"PC pide a la poblaci\u00f3n extremar medidas en zonas por deslaves"},"content":{"rendered":"<aside class=\"mashsb-container mashsb-main mashsb-stretched\"><div class=\"mashsb-box\"><div class=\"mashsb-count mash-large\" style=\"float:left\"><div class=\"counts mashsbcount\">30<\/div><span class=\"mashsb-sharetext\">SHARES<\/span><\/div><div class=\"mashsb-buttons\"><a class=\"mashicon-facebook mash-large mash-center mashsb-noshadow\" href=\"https:\/\/www.facebook.com\/sharer.php?u=https%3A%2F%2Fwww.zunoticia.com%2Fnoticias-de-hidalgo%2F2022%2F09%2F19%2Fpc-pide-a-la-poblacion-extremar-medidas-en-zonas-por-deslaves%2F\" target=\"_top\" rel=\"nofollow\"><span class=\"icon\"><\/span><span class=\"text\">Share<\/span><\/a><a class=\"mashicon-twitter mash-large mash-center mashsb-noshadow\" href=\"https:\/\/twitter.com\/intent\/tweet?text=&amp;url=https:\/\/www.zunoticia.com\/noticias-de-hidalgo\/2022\/09\/19\/pc-pide-a-la-poblacion-extremar-medidas-en-zonas-por-deslaves\/\" target=\"_top\" rel=\"nofollow\"><span class=\"icon\"><\/span><span class=\"text\">Tweet<\/span><\/a><div class=\"onoffswitch2 mash-large mashsb-noshadow\" style=\"display:none\"><\/div><\/div>\n            <\/div>\n                <div style=\"clear:both\"><\/div><div class=\"mashsb-toggle-container\"><\/div><\/aside>\n            <!-- Share buttons by mashshare.net - Version: 4.0.47-->\n<p><em>Por \u00c1ngel Silverio\/Zunoticia<\/em><\/p>\n\n\n\n<p><strong>Jaltoc\u00e1n, Hgo. &#8211;<\/strong> Ante el reporte meteorol\u00f3gico de la Coordinaci\u00f3n Estatal de Protecci\u00f3n Civil, y de los comunicados emitidos por la Comisi\u00f3n Nacional del Agua, fue dado a conocer por parte de Protecci\u00f3n Civil (PC) municipal, que se mantienen en alerta en la demarcaci\u00f3n, por lo que piden a la poblaci\u00f3n estar atentos en caso de que sea necesario evacuarlos de sus viviendas, ya que se tiene previsto fuertes lluvias para la regi\u00f3n.<\/p>\n\n\n\n<p>Fue el director de Protecci\u00f3n civil, V\u00edctor Herlindo Hern\u00e1ndez Miranda, quien indic\u00f3 que, se mantienen en constante comunicaci\u00f3n con las dependencias estatales ante las precipitaciones que se han estado registrando, debido a ello y para evitar que se pongan en riesgo a los ciudadanos, se mantiene un constante monitoreo de los lugares calificados como \u201cpuntos rojos\u201d.<\/p>\n\n\n\n<p>&#8220;Nos hemos venido preparando, se han podado \u00e1rboles que pueden representar un riesgo para las familias y para los conductores, as\u00ed tambi\u00e9n se han habilitado los albergues temporales; estamos en coordinaci\u00f3n con las corporaciones policiales y con el comit\u00e9 de Protecci\u00f3n civil, donde participan diversas \u00e1reas para actuar en caso de ser necesario, si bien por los r\u00edos no hay tanto problema, pero s\u00ed por algunos derrumbes o inundaciones en la zona centro, por eso la petici\u00f3n a la poblaci\u00f3n a que extreme medidas&#8221;, indic\u00f3.<\/p>\n\n\n\n<p>El encargado de Protecci\u00f3n civil, pidi\u00f3 a los conductores tomar medidas preventivas y que circulen a una velocidad moderada, pues el pavimento mojado es uno de los principales factores en los accidentes carreteros.<\/p>\n","protected":false},"excerpt":{"rendered":"<p>Por \u00c1ngel Silverio\/Zunoticia Jaltoc\u00e1n, Hgo. &#8211; Ante el reporte meteorol\u00f3gico de la Coordinaci\u00f3n Estatal de Protecci\u00f3n Civil, y de los comunicados emitidos por la Comisi\u00f3n Nacional del Agua, fue dado a conocer por parte de Protecci\u00f3n Civil (PC) municipal, que se mantienen en alerta en la demarcaci\u00f3n, por lo que piden a la poblaci\u00f3n estar&hellip; <a class=\"more-link\" href=\"https:\/\/www.zunoticia.com\/noticias-de-hidalgo\/2022\/09\/19\/pc-pide-a-la-poblacion-extremar-medidas-en-zonas-por-deslaves\/\">Seguir leyendo <span class=\"screen-reader-text\">PC pide a la poblaci\u00f3n extremar medidas en zonas por deslaves<\/span><\/a><\/p>\n","protected":false},"author":12,"featured_media":445117,"comment_status":"closed","ping_status":"open","sticky":false,"template":"","format":"standard","meta":{"rop_custom_images_group":[],"rop_custom_messages_group":[],"rop_publish_now":"initial","rop_publish_now_accounts":{"facebook_10159540855086992_322828327761733":""},"rop_publish_now_history":[],"rop_publish_now_status":"pending","footnotes":""},"categories":[179,200],"tags":[131],"class_list":["post-445116","post","type-post","status-publish","format-standard","has-post-thumbnail","hentry","category-huasteca","category-jaltocan","tag-jaltocan","entry"],"_links":{"self":[{"href":"https:\/\/www.zunoticia.com\/noticias-de-hidalgo\/wp-json\/wp\/v2\/posts\/445116","targetHints":{"allow":["GET"]}}],"collection":[{"href":"https:\/\/www.zunoticia.com\/noticias-de-hidalgo\/wp-json\/wp\/v2\/posts"}],"about":[{"href":"https:\/\/www.zunoticia.com\/noticias-de-hidalgo\/wp-json\/wp\/v2\/types\/post"}],"author":[{"embeddable":true,"href":"https:\/\/www.zunoticia.com\/noticias-de-hidalgo\/wp-json\/wp\/v2\/users\/12"}],"replies":[{"embeddable":true,"href":"https:\/\/www.zunoticia.com\/noticias-de-hidalgo\/wp-json\/wp\/v2\/comments?post=445116"}],"version-history":[{"count":1,"href":"https:\/\/www.zunoticia.com\/noticias-de-hidalgo\/wp-json\/wp\/v2\/posts\/445116\/revisions"}],"predecessor-version":[{"id":445118,"href":"https:\/\/www.zunoticia.com\/noticias-de-hidalgo\/wp-json\/wp\/v2\/posts\/445116\/revisions\/445118"}],"wp:featuredmedia":[{"embeddable":true,"href":"https:\/\/www.zunoticia.com\/noticias-de-hidalgo\/wp-json\/wp\/v2\/media\/445117"}],"wp:attachment":[{"href":"https:\/\/www.zunoticia.com\/noticias-de-hidalgo\/wp-json\/wp\/v2\/media?parent=445116"}],"wp:term":[{"taxonomy":"category","embeddable":true,"href":"https:\/\/www.zunoticia.com\/noticias-de-hidalgo\/wp-json\/wp\/v2\/categories?post=445116"},{"taxonomy":"post_tag","embeddable":true,"href":"https:\/\/www.zunoticia.com\/noticias-de-hidalgo\/wp-json\/wp\/v2\/tags?post=445116"}],"curies":[{"name":"wp","href":"https:\/\/api.w.org\/{rel}","templated":true}]}}