{"id":445254,"date":"2022-09-20T17:00:11","date_gmt":"2022-09-20T22:00:11","guid":{"rendered":"https:\/\/www.zunoticia.com\/noticias-de-hidalgo\/?p=445254"},"modified":"2022-09-20T17:00:13","modified_gmt":"2022-09-20T22:00:13","slug":"reconoce-regidora-que-falta-trabajo-en-materia-de-salud","status":"publish","type":"post","link":"https:\/\/www.zunoticia.com\/noticias-de-hidalgo\/2022\/09\/20\/reconoce-regidora-que-falta-trabajo-en-materia-de-salud\/","title":{"rendered":"Reconoce regidora que falta trabajo en materia de salud"},"content":{"rendered":"<aside class=\"mashsb-container mashsb-main mashsb-stretched\"><div class=\"mashsb-box\"><div class=\"mashsb-count mash-large\" style=\"float:left\"><div class=\"counts mashsbcount\">33<\/div><span class=\"mashsb-sharetext\">SHARES<\/span><\/div><div class=\"mashsb-buttons\"><a class=\"mashicon-facebook mash-large mash-center mashsb-noshadow\" href=\"https:\/\/www.facebook.com\/sharer.php?u=https%3A%2F%2Fwww.zunoticia.com%2Fnoticias-de-hidalgo%2F2022%2F09%2F20%2Freconoce-regidora-que-falta-trabajo-en-materia-de-salud%2F\" target=\"_top\" rel=\"nofollow\"><span class=\"icon\"><\/span><span class=\"text\">Share<\/span><\/a><a class=\"mashicon-twitter mash-large mash-center mashsb-noshadow\" href=\"https:\/\/twitter.com\/intent\/tweet?text=&amp;url=https:\/\/www.zunoticia.com\/noticias-de-hidalgo\/2022\/09\/20\/reconoce-regidora-que-falta-trabajo-en-materia-de-salud\/\" target=\"_top\" rel=\"nofollow\"><span class=\"icon\"><\/span><span class=\"text\">Tweet<\/span><\/a><div class=\"onoffswitch2 mash-large mashsb-noshadow\" style=\"display:none\"><\/div><\/div>\n            <\/div>\n                <div style=\"clear:both\"><\/div><div class=\"mashsb-toggle-container\"><\/div><\/aside>\n            <!-- Share buttons by mashshare.net - Version: 4.0.47-->\n<p><em>Por \u00c1ngel Silverio\/Zunoticia<\/em><\/p>\n\n\n\n<p><strong>Jaltoc\u00e1n, Hgo. &#8211;<\/strong> Adriana Nava Hern\u00e1ndez, regidora priista en el ayuntamiento municipal, fue la responsable de responder el segundo informe de gobierno del alcalde Iv\u00e1n Lara Tovar; Extern\u00f3 las deudas que a\u00fan se tienen con la poblaci\u00f3n, mismas que son de vital importancia para garantizar la salud p\u00fablica y servicios de los jaltocanenses.<\/p>\n\n\n\n<p>Al respect\u00f3, Nava Hern\u00e1ndez, se\u00f1al\u00f3, &#8211; \u201cSin duda hay avance, pero sabemos que a\u00fan falta mucho por hacer, para ver el Jaltoc\u00e1n que todos anhelamos; se le reconoce el trabajo que se ha logrado, estamos conscientes de los retos que a\u00fan nos faltan por vencer, le pedimos que nos enfoquemos con la misma importancia a las obras prioritarias que comprometen la salud de los jaltocanenses\u201d.<\/p>\n\n\n\n<p>En este sentido, recalc\u00f3 la importancia de darle continuidad a obras como el sistema de drenaje de la cabecera municipal, mejorar el acceso de agua potable a las familias, pedir a las empresas que las obras que se realicen sean de la mayor calidad posible, &#8211; \u201cSabemos que juntos lo podemos lograr, porque somos un equipo que tenemos en com\u00fan el bienestar de la gente, queremos seguir siendo un gobierno transparente, incluyente, pero sobre todo comprometido con el pueblo y la ciudadan\u00eda\u201d.<\/p>\n\n\n\n<p>Finalmente, a\u00f1adi\u00f3 que como regidora de oposici\u00f3n ser\u00e1 responsable, &#8211; \u201cDe nuestra parte, como asamblea municipal seguiremos dando el apoyo que requiera para lograr las metas propuestas y que la administraci\u00f3n sigua al servicio del pueblo; decirle a la gente que cuentan con nuestra voluntad, estaremos pendientes y ocupados en combatir las demandas que aclama la sociedad\u201d.<\/p>\n","protected":false},"excerpt":{"rendered":"<p>Por \u00c1ngel Silverio\/Zunoticia Jaltoc\u00e1n, Hgo. &#8211; Adriana Nava Hern\u00e1ndez, regidora priista en el ayuntamiento municipal, fue la responsable de responder el segundo informe de gobierno del alcalde Iv\u00e1n Lara Tovar; Extern\u00f3 las deudas que a\u00fan se tienen con la poblaci\u00f3n, mismas que son de vital importancia para garantizar la salud p\u00fablica y servicios de los&hellip; <a class=\"more-link\" href=\"https:\/\/www.zunoticia.com\/noticias-de-hidalgo\/2022\/09\/20\/reconoce-regidora-que-falta-trabajo-en-materia-de-salud\/\">Seguir leyendo <span class=\"screen-reader-text\">Reconoce regidora que falta trabajo en materia de salud<\/span><\/a><\/p>\n","protected":false},"author":12,"featured_media":445255,"comment_status":"closed","ping_status":"open","sticky":false,"template":"","format":"standard","meta":{"rop_custom_images_group":[],"rop_custom_messages_group":[],"rop_publish_now":"initial","rop_publish_now_accounts":{"facebook_10159540855086992_322828327761733":""},"rop_publish_now_history":[],"rop_publish_now_status":"pending","footnotes":""},"categories":[179,200],"tags":[131],"class_list":["post-445254","post","type-post","status-publish","format-standard","has-post-thumbnail","hentry","category-huasteca","category-jaltocan","tag-jaltocan","entry"],"_links":{"self":[{"href":"https:\/\/www.zunoticia.com\/noticias-de-hidalgo\/wp-json\/wp\/v2\/posts\/445254","targetHints":{"allow":["GET"]}}],"collection":[{"href":"https:\/\/www.zunoticia.com\/noticias-de-hidalgo\/wp-json\/wp\/v2\/posts"}],"about":[{"href":"https:\/\/www.zunoticia.com\/noticias-de-hidalgo\/wp-json\/wp\/v2\/types\/post"}],"author":[{"embeddable":true,"href":"https:\/\/www.zunoticia.com\/noticias-de-hidalgo\/wp-json\/wp\/v2\/users\/12"}],"replies":[{"embeddable":true,"href":"https:\/\/www.zunoticia.com\/noticias-de-hidalgo\/wp-json\/wp\/v2\/comments?post=445254"}],"version-history":[{"count":1,"href":"https:\/\/www.zunoticia.com\/noticias-de-hidalgo\/wp-json\/wp\/v2\/posts\/445254\/revisions"}],"predecessor-version":[{"id":445256,"href":"https:\/\/www.zunoticia.com\/noticias-de-hidalgo\/wp-json\/wp\/v2\/posts\/445254\/revisions\/445256"}],"wp:featuredmedia":[{"embeddable":true,"href":"https:\/\/www.zunoticia.com\/noticias-de-hidalgo\/wp-json\/wp\/v2\/media\/445255"}],"wp:attachment":[{"href":"https:\/\/www.zunoticia.com\/noticias-de-hidalgo\/wp-json\/wp\/v2\/media?parent=445254"}],"wp:term":[{"taxonomy":"category","embeddable":true,"href":"https:\/\/www.zunoticia.com\/noticias-de-hidalgo\/wp-json\/wp\/v2\/categories?post=445254"},{"taxonomy":"post_tag","embeddable":true,"href":"https:\/\/www.zunoticia.com\/noticias-de-hidalgo\/wp-json\/wp\/v2\/tags?post=445254"}],"curies":[{"name":"wp","href":"https:\/\/api.w.org\/{rel}","templated":true}]}}