{"id":445356,"date":"2022-09-21T00:13:28","date_gmt":"2022-09-21T05:13:28","guid":{"rendered":"https:\/\/www.zunoticia.com\/noticias-de-hidalgo\/?p=445356"},"modified":"2022-09-21T00:13:30","modified_gmt":"2022-09-21T05:13:30","slug":"con-acciones-contundentes-cimentamos-el-huejutla-del-manana-daniel-andrade","status":"publish","type":"post","link":"https:\/\/www.zunoticia.com\/noticias-de-hidalgo\/2022\/09\/21\/con-acciones-contundentes-cimentamos-el-huejutla-del-manana-daniel-andrade\/","title":{"rendered":"Con acciones contundentes; cimentamos el Huejutla del ma\u00f1ana: Daniel Andrade"},"content":{"rendered":"<aside class=\"mashsb-container mashsb-main mashsb-stretched\"><div class=\"mashsb-box\"><div class=\"mashsb-count mash-large\" style=\"float:left\"><div class=\"counts mashsbcount\">27<\/div><span class=\"mashsb-sharetext\">SHARES<\/span><\/div><div class=\"mashsb-buttons\"><a class=\"mashicon-facebook mash-large mash-center mashsb-noshadow\" href=\"https:\/\/www.facebook.com\/sharer.php?u=https%3A%2F%2Fwww.zunoticia.com%2Fnoticias-de-hidalgo%2F2022%2F09%2F21%2Fcon-acciones-contundentes-cimentamos-el-huejutla-del-manana-daniel-andrade%2F\" target=\"_top\" rel=\"nofollow\"><span class=\"icon\"><\/span><span class=\"text\">Share<\/span><\/a><a class=\"mashicon-twitter mash-large mash-center mashsb-noshadow\" href=\"https:\/\/twitter.com\/intent\/tweet?text=&amp;url=https:\/\/www.zunoticia.com\/noticias-de-hidalgo\/2022\/09\/21\/con-acciones-contundentes-cimentamos-el-huejutla-del-manana-daniel-andrade\/\" target=\"_top\" rel=\"nofollow\"><span class=\"icon\"><\/span><span class=\"text\">Tweet<\/span><\/a><div class=\"onoffswitch2 mash-large mashsb-noshadow\" style=\"display:none\"><\/div><\/div>\n            <\/div>\n                <div style=\"clear:both\"><\/div><div class=\"mashsb-toggle-container\"><\/div><\/aside>\n            <!-- Share buttons by mashshare.net - Version: 4.0.47-->\n<ul class=\"wp-block-list\"><li>Julio Menchaca, gobernador del estado, asiste al segundo informe de gobierno municipal.<\/li><\/ul>\n\n\n\n<p><em>Por Redacci\u00f3n\/Zunoticia<\/em><\/p>\n\n\n\n<p><strong>Huejutla, Hgo.-<\/strong> &#8220;Estamos a mitad del camino y lograr nuestras metas no ha sido f\u00e1cil, pero somos un pueblo fuerte, colmado de riquezas y cultura, con hombres y mujeres de trabajo, con quienes avanzamos en unidad, cimentando el Huejutla del ma\u00f1ana&#8221;.<\/p>\n\n\n\n<figure class=\"wp-block-image size-large\"><img fetchpriority=\"high\" decoding=\"async\" width=\"1024\" height=\"576\" src=\"https:\/\/www.zunoticia.com\/noticias-de-hidalgo\/wp-content\/uploads\/2022\/09\/eZy-Watermark-20-09-2022-09-17-56p.m.-1024x576.jpg\" alt=\"\" class=\"wp-image-445358\" srcset=\"https:\/\/www.zunoticia.com\/noticias-de-hidalgo\/wp-content\/uploads\/2022\/09\/eZy-Watermark-20-09-2022-09-17-56p.m.-1024x576.jpg 1024w, https:\/\/www.zunoticia.com\/noticias-de-hidalgo\/wp-content\/uploads\/2022\/09\/eZy-Watermark-20-09-2022-09-17-56p.m.-300x169.jpg 300w, https:\/\/www.zunoticia.com\/noticias-de-hidalgo\/wp-content\/uploads\/2022\/09\/eZy-Watermark-20-09-2022-09-17-56p.m.-768x432.jpg 768w, https:\/\/www.zunoticia.com\/noticias-de-hidalgo\/wp-content\/uploads\/2022\/09\/eZy-Watermark-20-09-2022-09-17-56p.m.-1536x864.jpg 1536w, https:\/\/www.zunoticia.com\/noticias-de-hidalgo\/wp-content\/uploads\/2022\/09\/eZy-Watermark-20-09-2022-09-17-56p.m.-1568x882.jpg 1568w, https:\/\/www.zunoticia.com\/noticias-de-hidalgo\/wp-content\/uploads\/2022\/09\/eZy-Watermark-20-09-2022-09-17-56p.m..jpg 1599w\" sizes=\"(max-width: 1024px) 100vw, 1024px\" \/><\/figure>\n\n\n\n<p>As\u00ed lo enfatiz\u00f3 el presidente municipal de Huejutla, Daniel Andrade Zurutuza, al rendir su segundo informe de gobierno, hoy martes por la ma\u00f1ana. El alcalde, agreg\u00f3 que, pese a los recortes presupuestales en su administraci\u00f3n, en este a\u00f1o, se pudieron invertir 151 millones 292 mil 505 pesos solo en obra p\u00fablica, beneficiando a m\u00e1s de 100 mil huejutlenses.<\/p>\n\n\n\n<p>Otro logro importante fue la certificaci\u00f3n de Huejutla en el proyecto PROREFORMA de aqu\u00ed a 28 a\u00f1os al municipio en el tema de la inversi\u00f3n y conectividad en materia de telecomunicaciones. Con esta certificaci\u00f3n, el Ayuntamiento regular\u00e1 la infraestructura de Telecomunicaciones en el territorio municipal y se atraer\u00e1n inversiones para extender redes de nueva generaci\u00f3n y con ello, brindar servicios con mayor calidad de acuerdo con la demanda de la sociedad.<\/p>\n\n\n\n<figure class=\"wp-block-image size-large\"><img decoding=\"async\" width=\"1024\" height=\"576\" src=\"https:\/\/www.zunoticia.com\/noticias-de-hidalgo\/wp-content\/uploads\/2022\/09\/eZy-Watermark-20-09-2022-09-19-25p.m.-1024x576.jpg\" alt=\"\" class=\"wp-image-445338\" srcset=\"https:\/\/www.zunoticia.com\/noticias-de-hidalgo\/wp-content\/uploads\/2022\/09\/eZy-Watermark-20-09-2022-09-19-25p.m.-1024x576.jpg 1024w, https:\/\/www.zunoticia.com\/noticias-de-hidalgo\/wp-content\/uploads\/2022\/09\/eZy-Watermark-20-09-2022-09-19-25p.m.-300x169.jpg 300w, https:\/\/www.zunoticia.com\/noticias-de-hidalgo\/wp-content\/uploads\/2022\/09\/eZy-Watermark-20-09-2022-09-19-25p.m.-768x432.jpg 768w, https:\/\/www.zunoticia.com\/noticias-de-hidalgo\/wp-content\/uploads\/2022\/09\/eZy-Watermark-20-09-2022-09-19-25p.m.-1536x864.jpg 1536w, https:\/\/www.zunoticia.com\/noticias-de-hidalgo\/wp-content\/uploads\/2022\/09\/eZy-Watermark-20-09-2022-09-19-25p.m.-1568x882.jpg 1568w, https:\/\/www.zunoticia.com\/noticias-de-hidalgo\/wp-content\/uploads\/2022\/09\/eZy-Watermark-20-09-2022-09-19-25p.m..jpg 1599w\" sizes=\"(max-width: 1024px) 100vw, 1024px\" \/><\/figure>\n\n\n\n<p>En este mismo sentido, y como resultado de intensas gestiones entre el Gobierno Municipal y autoridades delegacionales, los m\u00e1s de 4 mil habitantes que conforman la localidad de Coacuilco, fueron beneficiados con la instalaci\u00f3n de una antena de telefon\u00eda e internet de la compa\u00f1\u00eda Tel\u00e9fonos de M\u00e9xico S. A. B. De C.V., la cual cuenta con una velocidad de 50 mbps para impulsar el sector educativo, comercial y de servicios de esa zona. Con ello, avanzamos en unidad para reducir la brecha digital y garantizar el derecho humano de acceso al internet, asegur\u00f3 el alcalde huasteco.<\/p>\n\n\n\n<p>En su oportunidad, el gobernador del Estado, Julio Menchaca Salazar, felicit\u00f3 al presidente municipal y a la asamblea por los logros de este segundo a\u00f1o de gobierno, dijo que Huejutla es referente a nivel estado y nacional en materia cultural, comercial, pol\u00edtico y social, por lo que su gobierno respaldar\u00e1 incondicionalmente al municipio y sus habitantes.<\/p>\n\n\n\n<figure class=\"wp-block-image size-large\"><img decoding=\"async\" width=\"1024\" height=\"576\" src=\"https:\/\/www.zunoticia.com\/noticias-de-hidalgo\/wp-content\/uploads\/2022\/09\/eZy-Watermark-21-09-2022-12-06-53a.m.-1024x576.jpg\" alt=\"\" class=\"wp-image-445357\" srcset=\"https:\/\/www.zunoticia.com\/noticias-de-hidalgo\/wp-content\/uploads\/2022\/09\/eZy-Watermark-21-09-2022-12-06-53a.m.-1024x576.jpg 1024w, https:\/\/www.zunoticia.com\/noticias-de-hidalgo\/wp-content\/uploads\/2022\/09\/eZy-Watermark-21-09-2022-12-06-53a.m.-300x169.jpg 300w, https:\/\/www.zunoticia.com\/noticias-de-hidalgo\/wp-content\/uploads\/2022\/09\/eZy-Watermark-21-09-2022-12-06-53a.m.-768x432.jpg 768w, https:\/\/www.zunoticia.com\/noticias-de-hidalgo\/wp-content\/uploads\/2022\/09\/eZy-Watermark-21-09-2022-12-06-53a.m.-1536x864.jpg 1536w, https:\/\/www.zunoticia.com\/noticias-de-hidalgo\/wp-content\/uploads\/2022\/09\/eZy-Watermark-21-09-2022-12-06-53a.m.-1568x882.jpg 1568w, https:\/\/www.zunoticia.com\/noticias-de-hidalgo\/wp-content\/uploads\/2022\/09\/eZy-Watermark-21-09-2022-12-06-53a.m..jpg 1599w\" sizes=\"(max-width: 1024px) 100vw, 1024px\" \/><\/figure>\n\n\n\n<p>El mandatario estatal, dej\u00f3 claro que durante su administraci\u00f3n no se tolerar\u00e1 la corrupci\u00f3n ni los apoyos y menos los tratos en lo &#8220;oscurito&#8221;, y que Huejutla, de lo que va de este gobierno, demuestra con hechos la transparencia con que se han manejado los recursos p\u00fablicos.<\/p>\n\n\n\n<p>Finalmente, la regidora de MORENA, Catalina Hern\u00e1ndez, fue quien respondi\u00f3 y dio el posicionamiento de la Asamblea sobre la entrega del Segundo Informe. Dijo que se revisar\u00e1 a detalle, con profesionalismo y con imparcialidad. Acept\u00f3 que este gobierno ha dejado a la luz p\u00fablica todo lo referente a gasto y obra p\u00fablica por lo que las acciones hablan por s\u00ed mismas.<\/p>\n","protected":false},"excerpt":{"rendered":"<p>Julio Menchaca, gobernador del estado, asiste al segundo informe de gobierno municipal. Por Redacci\u00f3n\/Zunoticia Huejutla, Hgo.- &#8220;Estamos a mitad del camino y lograr nuestras metas no ha sido f\u00e1cil, pero somos un pueblo fuerte, colmado de riquezas y cultura, con hombres y mujeres de trabajo, con quienes avanzamos en unidad, cimentando el Huejutla del ma\u00f1ana&#8221;.&hellip; <a class=\"more-link\" href=\"https:\/\/www.zunoticia.com\/noticias-de-hidalgo\/2022\/09\/21\/con-acciones-contundentes-cimentamos-el-huejutla-del-manana-daniel-andrade\/\">Seguir leyendo <span class=\"screen-reader-text\">Con acciones contundentes; cimentamos el Huejutla del ma\u00f1ana: Daniel Andrade<\/span><\/a><\/p>\n","protected":false},"author":12,"featured_media":445339,"comment_status":"closed","ping_status":"open","sticky":false,"template":"","format":"standard","meta":{"rop_custom_images_group":[],"rop_custom_messages_group":[],"rop_publish_now":"initial","rop_publish_now_accounts":{"facebook_10159540855086992_322828327761733":""},"rop_publish_now_history":[],"rop_publish_now_status":"pending","footnotes":""},"categories":[181],"tags":[121],"class_list":["post-445356","post","type-post","status-publish","format-standard","has-post-thumbnail","hentry","category-huejutla","tag-huejutla","entry"],"_links":{"self":[{"href":"https:\/\/www.zunoticia.com\/noticias-de-hidalgo\/wp-json\/wp\/v2\/posts\/445356","targetHints":{"allow":["GET"]}}],"collection":[{"href":"https:\/\/www.zunoticia.com\/noticias-de-hidalgo\/wp-json\/wp\/v2\/posts"}],"about":[{"href":"https:\/\/www.zunoticia.com\/noticias-de-hidalgo\/wp-json\/wp\/v2\/types\/post"}],"author":[{"embeddable":true,"href":"https:\/\/www.zunoticia.com\/noticias-de-hidalgo\/wp-json\/wp\/v2\/users\/12"}],"replies":[{"embeddable":true,"href":"https:\/\/www.zunoticia.com\/noticias-de-hidalgo\/wp-json\/wp\/v2\/comments?post=445356"}],"version-history":[{"count":1,"href":"https:\/\/www.zunoticia.com\/noticias-de-hidalgo\/wp-json\/wp\/v2\/posts\/445356\/revisions"}],"predecessor-version":[{"id":445359,"href":"https:\/\/www.zunoticia.com\/noticias-de-hidalgo\/wp-json\/wp\/v2\/posts\/445356\/revisions\/445359"}],"wp:featuredmedia":[{"embeddable":true,"href":"https:\/\/www.zunoticia.com\/noticias-de-hidalgo\/wp-json\/wp\/v2\/media\/445339"}],"wp:attachment":[{"href":"https:\/\/www.zunoticia.com\/noticias-de-hidalgo\/wp-json\/wp\/v2\/media?parent=445356"}],"wp:term":[{"taxonomy":"category","embeddable":true,"href":"https:\/\/www.zunoticia.com\/noticias-de-hidalgo\/wp-json\/wp\/v2\/categories?post=445356"},{"taxonomy":"post_tag","embeddable":true,"href":"https:\/\/www.zunoticia.com\/noticias-de-hidalgo\/wp-json\/wp\/v2\/tags?post=445356"}],"curies":[{"name":"wp","href":"https:\/\/api.w.org\/{rel}","templated":true}]}}