{"id":445379,"date":"2022-09-21T12:03:41","date_gmt":"2022-09-21T17:03:41","guid":{"rendered":"https:\/\/www.zunoticia.com\/noticias-de-hidalgo\/?p=445379"},"modified":"2022-09-21T12:08:58","modified_gmt":"2022-09-21T17:08:58","slug":"camion-torton-impacto-taxi","status":"publish","type":"post","link":"https:\/\/www.zunoticia.com\/noticias-de-hidalgo\/2022\/09\/21\/camion-torton-impacto-taxi\/","title":{"rendered":"Cami\u00f3n Torton impact\u00f3 taxi"},"content":{"rendered":"<aside class=\"mashsb-container mashsb-main mashsb-stretched\"><div class=\"mashsb-box\"><div class=\"mashsb-count mash-large\" style=\"float:left\"><div class=\"counts mashsbcount\">32<\/div><span class=\"mashsb-sharetext\">SHARES<\/span><\/div><div class=\"mashsb-buttons\"><a class=\"mashicon-facebook mash-large mash-center mashsb-noshadow\" href=\"https:\/\/www.facebook.com\/sharer.php?u=https%3A%2F%2Fwww.zunoticia.com%2Fnoticias-de-hidalgo%2F2022%2F09%2F21%2Fcamion-torton-impacto-taxi%2F\" target=\"_top\" rel=\"nofollow\"><span class=\"icon\"><\/span><span class=\"text\">Share<\/span><\/a><a class=\"mashicon-twitter mash-large mash-center mashsb-noshadow\" href=\"https:\/\/twitter.com\/intent\/tweet?text=&amp;url=https:\/\/www.zunoticia.com\/noticias-de-hidalgo\/2022\/09\/21\/camion-torton-impacto-taxi\/\" target=\"_top\" rel=\"nofollow\"><span class=\"icon\"><\/span><span class=\"text\">Tweet<\/span><\/a><div class=\"onoffswitch2 mash-large mashsb-noshadow\" style=\"display:none\"><\/div><\/div>\n            <\/div>\n                <div style=\"clear:both\"><\/div><div class=\"mashsb-toggle-container\"><\/div><\/aside>\n            <!-- Share buttons by mashshare.net - Version: 4.0.47-->\n<p><em>Por Redacci\u00f3n\/Zunoticia<\/em><\/p>\n\n\n\n<p><strong>Huejutla, Hgo. &#8211;<\/strong> Al parecer por la falta de precauci\u00f3n del operador, un cami\u00f3n tipo Torton, choc\u00f3 contra un veh\u00edculo del servicio de transporte p\u00fablico en su modalidad de taxi, la ma\u00f1ana de este mi\u00e9rcoles, en el bulevar Adolfo L\u00f3pez Mateos de la colonia Aviaci\u00f3n Civil de esta ciudad.<\/p>\n\n\n\n<p>De acuerdo con el reporte de agentes de la Coordinaci\u00f3n de Seguridad P\u00fablica Estatal, el incidente fue ocasionado por el conductor de un cami\u00f3n Kenworth, de color rojo, el cual impact\u00f3 en el costado derecho de la parte trasera de una unidad de alquiler del sitio Huejutla, con n\u00famero econ\u00f3mico 14 y placas de circulaci\u00f3n A-276-FUB.<\/p>\n\n\n\n<figure class=\"wp-block-gallery has-nested-images columns-default is-cropped wp-block-gallery-1 is-layout-flex wp-block-gallery-is-layout-flex\">\n<figure class=\"wp-block-image size-large\"><img fetchpriority=\"high\" decoding=\"async\" width=\"1024\" height=\"646\" data-id=\"445383\" src=\"https:\/\/www.zunoticia.com\/noticias-de-hidalgo\/wp-content\/uploads\/2022\/09\/WhatsApp-Image-2022-09-21-at-11.40.42-AM-1024x646.jpeg\" alt=\"\" class=\"wp-image-445383\" srcset=\"https:\/\/www.zunoticia.com\/noticias-de-hidalgo\/wp-content\/uploads\/2022\/09\/WhatsApp-Image-2022-09-21-at-11.40.42-AM-1024x646.jpeg 1024w, https:\/\/www.zunoticia.com\/noticias-de-hidalgo\/wp-content\/uploads\/2022\/09\/WhatsApp-Image-2022-09-21-at-11.40.42-AM-300x189.jpeg 300w, https:\/\/www.zunoticia.com\/noticias-de-hidalgo\/wp-content\/uploads\/2022\/09\/WhatsApp-Image-2022-09-21-at-11.40.42-AM-768x485.jpeg 768w, https:\/\/www.zunoticia.com\/noticias-de-hidalgo\/wp-content\/uploads\/2022\/09\/WhatsApp-Image-2022-09-21-at-11.40.42-AM.jpeg 1280w\" sizes=\"(max-width: 1024px) 100vw, 1024px\" \/><\/figure>\n\n\n\n<figure class=\"wp-block-image size-large\"><img decoding=\"async\" width=\"1024\" height=\"768\" data-id=\"445382\" src=\"https:\/\/www.zunoticia.com\/noticias-de-hidalgo\/wp-content\/uploads\/2022\/09\/WhatsApp-Image-2022-09-21-at-11.40.42-AM-2-1-1024x768.jpeg\" alt=\"\" class=\"wp-image-445382\" srcset=\"https:\/\/www.zunoticia.com\/noticias-de-hidalgo\/wp-content\/uploads\/2022\/09\/WhatsApp-Image-2022-09-21-at-11.40.42-AM-2-1-1024x768.jpeg 1024w, https:\/\/www.zunoticia.com\/noticias-de-hidalgo\/wp-content\/uploads\/2022\/09\/WhatsApp-Image-2022-09-21-at-11.40.42-AM-2-1-300x225.jpeg 300w, https:\/\/www.zunoticia.com\/noticias-de-hidalgo\/wp-content\/uploads\/2022\/09\/WhatsApp-Image-2022-09-21-at-11.40.42-AM-2-1-768x576.jpeg 768w, https:\/\/www.zunoticia.com\/noticias-de-hidalgo\/wp-content\/uploads\/2022\/09\/WhatsApp-Image-2022-09-21-at-11.40.42-AM-2-1-1536x1152.jpeg 1536w, https:\/\/www.zunoticia.com\/noticias-de-hidalgo\/wp-content\/uploads\/2022\/09\/WhatsApp-Image-2022-09-21-at-11.40.42-AM-2-1-1568x1176.jpeg 1568w, https:\/\/www.zunoticia.com\/noticias-de-hidalgo\/wp-content\/uploads\/2022\/09\/WhatsApp-Image-2022-09-21-at-11.40.42-AM-2-1.jpeg 1600w\" sizes=\"(max-width: 1024px) 100vw, 1024px\" \/><\/figure>\n<\/figure>\n\n\n\n<p>La unidad de carga, presuntamente sali\u00f3 intempestivamente de la calle Clavel y al tratar de incorporarse al bulevar Adolfo L\u00f3pez Mateos, golpe\u00f3 el taxi; afortunadamente no hubo personas lesionadas, solo da\u00f1os materiales.<\/p>\n\n\n\n<p>Tras la intervenci\u00f3n de los uniformados de la Polic\u00eda Estatal, el conductor del cami\u00f3n se comprometi\u00f3 pagar los da\u00f1os materiales que ocasion\u00f3 y de esta manera se evit\u00f3 que ambas unidades fueran remolcadas al corral\u00f3n y puestas a disposici\u00f3n del Ministerio P\u00fablico del Fuero Com\u00fan.<\/p>\n","protected":false},"excerpt":{"rendered":"<p>Por Redacci\u00f3n\/Zunoticia Huejutla, Hgo. &#8211; Al parecer por la falta de precauci\u00f3n del operador, un cami\u00f3n tipo Torton, choc\u00f3 contra un veh\u00edculo del servicio de transporte p\u00fablico en su modalidad de taxi, la ma\u00f1ana de este mi\u00e9rcoles, en el bulevar Adolfo L\u00f3pez Mateos de la colonia Aviaci\u00f3n Civil de esta ciudad. De acuerdo con el&hellip; <a class=\"more-link\" href=\"https:\/\/www.zunoticia.com\/noticias-de-hidalgo\/2022\/09\/21\/camion-torton-impacto-taxi\/\">Seguir leyendo <span class=\"screen-reader-text\">Cami\u00f3n Torton impact\u00f3 taxi<\/span><\/a><\/p>\n","protected":false},"author":12,"featured_media":445380,"comment_status":"closed","ping_status":"open","sticky":false,"template":"","format":"standard","meta":{"rop_custom_images_group":[],"rop_custom_messages_group":[],"rop_publish_now":"initial","rop_publish_now_accounts":{"facebook_10159540855086992_322828327761733":""},"rop_publish_now_history":[],"rop_publish_now_status":"pending","footnotes":""},"categories":[178],"tags":[121],"class_list":["post-445379","post","type-post","status-publish","format-standard","has-post-thumbnail","hentry","category-policiaca","tag-huejutla","entry"],"_links":{"self":[{"href":"https:\/\/www.zunoticia.com\/noticias-de-hidalgo\/wp-json\/wp\/v2\/posts\/445379","targetHints":{"allow":["GET"]}}],"collection":[{"href":"https:\/\/www.zunoticia.com\/noticias-de-hidalgo\/wp-json\/wp\/v2\/posts"}],"about":[{"href":"https:\/\/www.zunoticia.com\/noticias-de-hidalgo\/wp-json\/wp\/v2\/types\/post"}],"author":[{"embeddable":true,"href":"https:\/\/www.zunoticia.com\/noticias-de-hidalgo\/wp-json\/wp\/v2\/users\/12"}],"replies":[{"embeddable":true,"href":"https:\/\/www.zunoticia.com\/noticias-de-hidalgo\/wp-json\/wp\/v2\/comments?post=445379"}],"version-history":[{"count":1,"href":"https:\/\/www.zunoticia.com\/noticias-de-hidalgo\/wp-json\/wp\/v2\/posts\/445379\/revisions"}],"predecessor-version":[{"id":445384,"href":"https:\/\/www.zunoticia.com\/noticias-de-hidalgo\/wp-json\/wp\/v2\/posts\/445379\/revisions\/445384"}],"wp:featuredmedia":[{"embeddable":true,"href":"https:\/\/www.zunoticia.com\/noticias-de-hidalgo\/wp-json\/wp\/v2\/media\/445380"}],"wp:attachment":[{"href":"https:\/\/www.zunoticia.com\/noticias-de-hidalgo\/wp-json\/wp\/v2\/media?parent=445379"}],"wp:term":[{"taxonomy":"category","embeddable":true,"href":"https:\/\/www.zunoticia.com\/noticias-de-hidalgo\/wp-json\/wp\/v2\/categories?post=445379"},{"taxonomy":"post_tag","embeddable":true,"href":"https:\/\/www.zunoticia.com\/noticias-de-hidalgo\/wp-json\/wp\/v2\/tags?post=445379"}],"curies":[{"name":"wp","href":"https:\/\/api.w.org\/{rel}","templated":true}]}}