{"id":445398,"date":"2022-09-21T13:43:57","date_gmt":"2022-09-21T18:43:57","guid":{"rendered":"https:\/\/www.zunoticia.com\/noticias-de-hidalgo\/?p=445398"},"modified":"2022-09-21T13:53:09","modified_gmt":"2022-09-21T18:53:09","slug":"445398","status":"publish","type":"post","link":"https:\/\/www.zunoticia.com\/noticias-de-hidalgo\/2022\/09\/21\/445398\/","title":{"rendered":"PAMAR trabaja fuerte en la salud mental de ni\u00f1os y adolescentes"},"content":{"rendered":"<aside class=\"mashsb-container mashsb-main mashsb-stretched\"><div class=\"mashsb-box\"><div class=\"mashsb-count mash-large\" style=\"float:left\"><div class=\"counts mashsbcount\">25<\/div><span class=\"mashsb-sharetext\">SHARES<\/span><\/div><div class=\"mashsb-buttons\"><a class=\"mashicon-facebook mash-large mash-center mashsb-noshadow\" href=\"https:\/\/www.facebook.com\/sharer.php?u=https%3A%2F%2Fwww.zunoticia.com%2Fnoticias-de-hidalgo%2F2022%2F09%2F21%2F445398%2F\" target=\"_top\" rel=\"nofollow\"><span class=\"icon\"><\/span><span class=\"text\">Share<\/span><\/a><a class=\"mashicon-twitter mash-large mash-center mashsb-noshadow\" href=\"https:\/\/twitter.com\/intent\/tweet?text=&amp;url=https:\/\/www.zunoticia.com\/noticias-de-hidalgo\/2022\/09\/21\/445398\/\" target=\"_top\" rel=\"nofollow\"><span class=\"icon\"><\/span><span class=\"text\">Tweet<\/span><\/a><div class=\"onoffswitch2 mash-large mashsb-noshadow\" style=\"display:none\"><\/div><\/div>\n            <\/div>\n                <div style=\"clear:both\"><\/div><div class=\"mashsb-toggle-container\"><\/div><\/aside>\n            <!-- Share buttons by mashshare.net - Version: 4.0.47-->\n<p><em>Por \u00c1ngel Silverio\/Zunoticia<\/em><\/p>\n\n\n\n<p><strong>San Felipe Orizatl\u00e1n, Hgo. &#8211;<\/strong> Como parte del compromiso con la ni\u00f1ez y la adolescencia, para el Sistema DIF Orizatl\u00e1n, la salud mental es una prioridad, y en coordinaci\u00f3n con el \u00e1rea de PAMAR, llevan a cabo importantes acciones en pro de este tema, que busca evitar situaciones de riego.<\/p>\n\n\n\n<p>As\u00ed fue mencionado por la titular del \u00e1rea de PAMAR, la Licenciada Ana Cardona, quien indic\u00f3 que en d\u00edas pasados finalizaron con el taller de Prevenci\u00f3n de riesgos psicosociales, promoci\u00f3n de la salud mental y emocional, en docentes, tutores y alumnos de nivel b\u00e1sico y medio superior.<\/p>\n\n\n\n<p>Explic\u00f3 que en esta ocasi\u00f3n se imparti\u00f3 a la totalidad de la plantilla de alumnos de la Escuela Telesecundaria N\u00famero 368, de Talol localidad perteneciente al municipio, -&#8220;Sumamos esfuerzos con las instituciones para crear las condiciones que favorezcan el desarrollo integral de las ni\u00f1as, ni\u00f1os y adolescentes de estos niveles&#8221;.<\/p>\n\n\n\n<p>En este tenor, agreg\u00f3 que, por parte del presidente del Sistema Municipal DIF, C\u00e9sar Becerra, existe una gran preocupaci\u00f3n por tratar el tema de la salud mental en los ni\u00f1os y adolescentes, por lo que invit\u00f3 a que quienes gusten recibir atenci\u00f3n u orientaci\u00f3n pueden acercarse a las oficinas, en donde se les dar\u00e1 el acompa\u00f1amiento necesario.<\/p>\n\n\n\n<p><\/p>\n","protected":false},"excerpt":{"rendered":"<p>Por \u00c1ngel Silverio\/Zunoticia San Felipe Orizatl\u00e1n, Hgo. &#8211; Como parte del compromiso con la ni\u00f1ez y la adolescencia, para el Sistema DIF Orizatl\u00e1n, la salud mental es una prioridad, y en coordinaci\u00f3n con el \u00e1rea de PAMAR, llevan a cabo importantes acciones en pro de este tema, que busca evitar situaciones de riego. As\u00ed fue&hellip; <a class=\"more-link\" href=\"https:\/\/www.zunoticia.com\/noticias-de-hidalgo\/2022\/09\/21\/445398\/\">Seguir leyendo <span class=\"screen-reader-text\">PAMAR trabaja fuerte en la salud mental de ni\u00f1os y adolescentes<\/span><\/a><\/p>\n","protected":false},"author":12,"featured_media":445401,"comment_status":"closed","ping_status":"open","sticky":false,"template":"","format":"standard","meta":{"rop_custom_images_group":[],"rop_custom_messages_group":[],"rop_publish_now":"initial","rop_publish_now_accounts":{"facebook_10159540855086992_322828327761733":""},"rop_publish_now_history":[],"rop_publish_now_status":"pending","footnotes":""},"categories":[180],"tags":[129],"class_list":["post-445398","post","type-post","status-publish","format-standard","has-post-thumbnail","hentry","category-orizatlan","tag-orizatlan","entry"],"_links":{"self":[{"href":"https:\/\/www.zunoticia.com\/noticias-de-hidalgo\/wp-json\/wp\/v2\/posts\/445398","targetHints":{"allow":["GET"]}}],"collection":[{"href":"https:\/\/www.zunoticia.com\/noticias-de-hidalgo\/wp-json\/wp\/v2\/posts"}],"about":[{"href":"https:\/\/www.zunoticia.com\/noticias-de-hidalgo\/wp-json\/wp\/v2\/types\/post"}],"author":[{"embeddable":true,"href":"https:\/\/www.zunoticia.com\/noticias-de-hidalgo\/wp-json\/wp\/v2\/users\/12"}],"replies":[{"embeddable":true,"href":"https:\/\/www.zunoticia.com\/noticias-de-hidalgo\/wp-json\/wp\/v2\/comments?post=445398"}],"version-history":[{"count":2,"href":"https:\/\/www.zunoticia.com\/noticias-de-hidalgo\/wp-json\/wp\/v2\/posts\/445398\/revisions"}],"predecessor-version":[{"id":445402,"href":"https:\/\/www.zunoticia.com\/noticias-de-hidalgo\/wp-json\/wp\/v2\/posts\/445398\/revisions\/445402"}],"wp:featuredmedia":[{"embeddable":true,"href":"https:\/\/www.zunoticia.com\/noticias-de-hidalgo\/wp-json\/wp\/v2\/media\/445401"}],"wp:attachment":[{"href":"https:\/\/www.zunoticia.com\/noticias-de-hidalgo\/wp-json\/wp\/v2\/media?parent=445398"}],"wp:term":[{"taxonomy":"category","embeddable":true,"href":"https:\/\/www.zunoticia.com\/noticias-de-hidalgo\/wp-json\/wp\/v2\/categories?post=445398"},{"taxonomy":"post_tag","embeddable":true,"href":"https:\/\/www.zunoticia.com\/noticias-de-hidalgo\/wp-json\/wp\/v2\/tags?post=445398"}],"curies":[{"name":"wp","href":"https:\/\/api.w.org\/{rel}","templated":true}]}}