{"id":445403,"date":"2022-09-21T13:58:35","date_gmt":"2022-09-21T18:58:35","guid":{"rendered":"https:\/\/www.zunoticia.com\/noticias-de-hidalgo\/?p=445403"},"modified":"2022-09-21T15:00:43","modified_gmt":"2022-09-21T20:00:43","slug":"445403","status":"publish","type":"post","link":"https:\/\/www.zunoticia.com\/noticias-de-hidalgo\/2022\/09\/21\/445403\/","title":{"rendered":"Ministros intentaban abolir la prisi\u00f3n preventiva oficiosa para delincuentes de \u201ccuello blanco\u201d"},"content":{"rendered":"<aside class=\"mashsb-container mashsb-main mashsb-stretched\"><div class=\"mashsb-box\"><div class=\"mashsb-count mash-large\" style=\"float:left\"><div class=\"counts mashsbcount\">0<\/div><span class=\"mashsb-sharetext\">SHARES<\/span><\/div><div class=\"mashsb-buttons\"><a class=\"mashicon-facebook mash-large mash-center mashsb-noshadow\" href=\"https:\/\/www.facebook.com\/sharer.php?u=https%3A%2F%2Fwww.zunoticia.com%2Fnoticias-de-hidalgo%2F2022%2F09%2F21%2F445403%2F\" target=\"_top\" rel=\"nofollow\"><span class=\"icon\"><\/span><span class=\"text\">Share<\/span><\/a><a class=\"mashicon-twitter mash-large mash-center mashsb-noshadow\" href=\"https:\/\/twitter.com\/intent\/tweet?text=&amp;url=https:\/\/www.zunoticia.com\/noticias-de-hidalgo\/2022\/09\/21\/445403\/\" target=\"_top\" rel=\"nofollow\"><span class=\"icon\"><\/span><span class=\"text\">Tweet<\/span><\/a><div class=\"onoffswitch2 mash-large mashsb-noshadow\" style=\"display:none\"><\/div><\/div>\n            <\/div>\n                <div style=\"clear:both\"><\/div><div class=\"mashsb-toggle-container\"><\/div><\/aside>\n            <!-- Share buttons by mashshare.net - Version: 4.0.47-->\n<p><em>Por Salvador Altamirano\/Zunoticia<\/em><\/p>\n\n\n\n<p><strong>Huejutla, Hgo. &#8211;<\/strong> Entrevistado sobre la pretendida reforma al nuevo sistema de justicia penal, en lo que concierne a la prisi\u00f3n preventiva oficiosa, el secretario de la Asociaci\u00f3n de Abogados de Huejutla, Oscar Esquivel Vera, manifest\u00f3 que respecto a esa figura jur\u00eddica hay una controversia en la Suprema Corte de la Naci\u00f3n.<\/p>\n\n\n\n<p>Especific\u00f3 que, ese nuevo concepto de justicia penal consiste en vincular a prisi\u00f3n a un presunto responsable de un delito que antes se consideraba grave, como violaci\u00f3n; homicidio calificado; delincuencia organizada; portaci\u00f3n de armas y &#8220;corrupci\u00f3n&#8221;, entre otros.<\/p>\n\n\n\n<p>Agreg\u00f3 que, el nuevo sistema establece que el imputado debe de ser citado a una audiencia inicial, durante la comparecencia el ministerio p\u00fablico debe aportar pruebas, y el presunto responsable se defienda legalmente, pero si son delitos graves el juez de control puede vincularlo en ese momento a la prisi\u00f3n, pueden quedar detenidos.<\/p>\n\n\n\n<p>Enfatiz\u00f3 que, la controversia que existe en la Suprema Corte de la Naci\u00f3n, es que algunos ministros simple y sencillamente quer\u00edan desaparecer la prisi\u00f3n preventiva oficiosa para los delitos de &#8220;corrupci\u00f3n&#8221;, cometidos por los llamados delincuentes de \u201ccuello blanco\u201d, pero a la gran mayor\u00eda de ciudadanos s\u00ed se la aplicar\u00edan, lo cual es injusto en toda su dimensi\u00f3n.<\/p>\n\n\n\n<p>A\u00f1adi\u00f3 que no obstante el inter\u00e9s de beneficiar a personas adineradas, servidores p\u00fablicos y delincuentes organizados, el presidente de la Suprema Corte de la Naci\u00f3n consider\u00f3 injusta la petici\u00f3n, y lo m\u00e1s seguro es que se quede la prisi\u00f3n preventiva oficiosa como lo establece la Constituci\u00f3n Pol\u00edtica.<\/p>\n\n\n\n<p>Para finalizar, Vera Esquivel consider\u00f3 que algunos pol\u00edticos metieron la mano para privilegiar a los delincuentes de \u201ccuello blanco\u201d, a esos que se han dedicado a saquear las instituciones de gobierno, a vivir del saqueo, pero no consiguieron su cometido, ya que de haberlo aprobado se violar\u00edan los principios de igualdad, de justicia y seguridad jur\u00eddica que establece la Constituci\u00f3n Pol\u00edtica.<\/p>\n\n\n\n<p><\/p>\n","protected":false},"excerpt":{"rendered":"<p>Por Salvador Altamirano\/Zunoticia Huejutla, Hgo. &#8211; Entrevistado sobre la pretendida reforma al nuevo sistema de justicia penal, en lo que concierne a la prisi\u00f3n preventiva oficiosa, el secretario de la Asociaci\u00f3n de Abogados de Huejutla, Oscar Esquivel Vera, manifest\u00f3 que respecto a esa figura jur\u00eddica hay una controversia en la Suprema Corte de la Naci\u00f3n.&hellip; <a class=\"more-link\" href=\"https:\/\/www.zunoticia.com\/noticias-de-hidalgo\/2022\/09\/21\/445403\/\">Seguir leyendo <span class=\"screen-reader-text\">Ministros intentaban abolir la prisi\u00f3n preventiva oficiosa para delincuentes de \u201ccuello blanco\u201d<\/span><\/a><\/p>\n","protected":false},"author":12,"featured_media":445406,"comment_status":"closed","ping_status":"open","sticky":false,"template":"","format":"standard","meta":{"rop_custom_images_group":[],"rop_custom_messages_group":[],"rop_publish_now":"initial","rop_publish_now_accounts":{"facebook_10159540855086992_322828327761733":""},"rop_publish_now_history":[],"rop_publish_now_status":"pending","footnotes":""},"categories":[181],"tags":[121],"class_list":["post-445403","post","type-post","status-publish","format-standard","has-post-thumbnail","hentry","category-huejutla","tag-huejutla","entry"],"_links":{"self":[{"href":"https:\/\/www.zunoticia.com\/noticias-de-hidalgo\/wp-json\/wp\/v2\/posts\/445403","targetHints":{"allow":["GET"]}}],"collection":[{"href":"https:\/\/www.zunoticia.com\/noticias-de-hidalgo\/wp-json\/wp\/v2\/posts"}],"about":[{"href":"https:\/\/www.zunoticia.com\/noticias-de-hidalgo\/wp-json\/wp\/v2\/types\/post"}],"author":[{"embeddable":true,"href":"https:\/\/www.zunoticia.com\/noticias-de-hidalgo\/wp-json\/wp\/v2\/users\/12"}],"replies":[{"embeddable":true,"href":"https:\/\/www.zunoticia.com\/noticias-de-hidalgo\/wp-json\/wp\/v2\/comments?post=445403"}],"version-history":[{"count":3,"href":"https:\/\/www.zunoticia.com\/noticias-de-hidalgo\/wp-json\/wp\/v2\/posts\/445403\/revisions"}],"predecessor-version":[{"id":445408,"href":"https:\/\/www.zunoticia.com\/noticias-de-hidalgo\/wp-json\/wp\/v2\/posts\/445403\/revisions\/445408"}],"wp:featuredmedia":[{"embeddable":true,"href":"https:\/\/www.zunoticia.com\/noticias-de-hidalgo\/wp-json\/wp\/v2\/media\/445406"}],"wp:attachment":[{"href":"https:\/\/www.zunoticia.com\/noticias-de-hidalgo\/wp-json\/wp\/v2\/media?parent=445403"}],"wp:term":[{"taxonomy":"category","embeddable":true,"href":"https:\/\/www.zunoticia.com\/noticias-de-hidalgo\/wp-json\/wp\/v2\/categories?post=445403"},{"taxonomy":"post_tag","embeddable":true,"href":"https:\/\/www.zunoticia.com\/noticias-de-hidalgo\/wp-json\/wp\/v2\/tags?post=445403"}],"curies":[{"name":"wp","href":"https:\/\/api.w.org\/{rel}","templated":true}]}}