{"id":445409,"date":"2022-09-21T16:39:27","date_gmt":"2022-09-21T21:39:27","guid":{"rendered":"https:\/\/www.zunoticia.com\/noticias-de-hidalgo\/?p=445409"},"modified":"2022-09-21T16:39:30","modified_gmt":"2022-09-21T21:39:30","slug":"concluye-asamblea-diocesana-de-pastoral-en-huejutla","status":"publish","type":"post","link":"https:\/\/www.zunoticia.com\/noticias-de-hidalgo\/2022\/09\/21\/concluye-asamblea-diocesana-de-pastoral-en-huejutla\/","title":{"rendered":"Concluye Asamblea Diocesana de Pastoral en Huejutla"},"content":{"rendered":"<aside class=\"mashsb-container mashsb-main mashsb-stretched\"><div class=\"mashsb-box\"><div class=\"mashsb-count mash-large\" style=\"float:left\"><div class=\"counts mashsbcount\">13<\/div><span class=\"mashsb-sharetext\">SHARES<\/span><\/div><div class=\"mashsb-buttons\"><a class=\"mashicon-facebook mash-large mash-center mashsb-noshadow\" href=\"https:\/\/www.facebook.com\/sharer.php?u=https%3A%2F%2Fwww.zunoticia.com%2Fnoticias-de-hidalgo%2F2022%2F09%2F21%2Fconcluye-asamblea-diocesana-de-pastoral-en-huejutla%2F\" target=\"_top\" rel=\"nofollow\"><span class=\"icon\"><\/span><span class=\"text\">Share<\/span><\/a><a class=\"mashicon-twitter mash-large mash-center mashsb-noshadow\" href=\"https:\/\/twitter.com\/intent\/tweet?text=&amp;url=https:\/\/www.zunoticia.com\/noticias-de-hidalgo\/2022\/09\/21\/concluye-asamblea-diocesana-de-pastoral-en-huejutla\/\" target=\"_top\" rel=\"nofollow\"><span class=\"icon\"><\/span><span class=\"text\">Tweet<\/span><\/a><div class=\"onoffswitch2 mash-large mashsb-noshadow\" style=\"display:none\"><\/div><\/div>\n            <\/div>\n                <div style=\"clear:both\"><\/div><div class=\"mashsb-toggle-container\"><\/div><\/aside>\n            <!-- Share buttons by mashshare.net - Version: 4.0.47-->\n<p><em>Por Enedino Hern\u00e1ndez\/Zunoticia<\/em><\/p>\n\n\n\n<p><strong>Huejutla, Hgo. &#8211;<\/strong> Teniendo como objetivo reafirmar la vida sinodal en la pastoral presbiteral y laical para vivir la identidad y misi\u00f3n en el Plan Diocesano de Pastoral a trav\u00e9s de la fidelidad a la Palabra de Dios, impulsando las actividades diocesanas, en las foran\u00edas y parroquia, la tarde de este mi\u00e9rcoles concluy\u00f3 la Asamblea Diocesana de Pastoral realizada durante los d\u00edas 19 al 21 de septiembre, en el Seminario Menor anexo de la Catedral Cristo Rey.<\/p>\n\n\n\n<p>Fueron m\u00e1s de un centenar de Sacerdotes, Seminaristas, religiosas y laicos comprometidos, quienes participaron en la Asamblea Diocesana de Pastoral, mismos que a lo largo de tres d\u00edas de la presente semana analizaron diversos temas del plan diocesano que se aplica en la Di\u00f3cesis de Huejutla de Reyes.<\/p>\n\n\n\n<figure class=\"wp-block-image size-large\"><img fetchpriority=\"high\" decoding=\"async\" width=\"576\" height=\"1024\" src=\"https:\/\/www.zunoticia.com\/noticias-de-hidalgo\/wp-content\/uploads\/2022\/09\/WhatsApp-Image-2022-09-21-at-4.34.56-PM-2-576x1024.jpeg\" alt=\"\" class=\"wp-image-445411\" srcset=\"https:\/\/www.zunoticia.com\/noticias-de-hidalgo\/wp-content\/uploads\/2022\/09\/WhatsApp-Image-2022-09-21-at-4.34.56-PM-2-576x1024.jpeg 576w, https:\/\/www.zunoticia.com\/noticias-de-hidalgo\/wp-content\/uploads\/2022\/09\/WhatsApp-Image-2022-09-21-at-4.34.56-PM-2-169x300.jpeg 169w, https:\/\/www.zunoticia.com\/noticias-de-hidalgo\/wp-content\/uploads\/2022\/09\/WhatsApp-Image-2022-09-21-at-4.34.56-PM-2.jpeg 720w\" sizes=\"(max-width: 576px) 100vw, 576px\" \/><\/figure>\n\n\n\n<p>La Asamblea Diocesana de Pastoral fue dirigida y coordinada por el Obispo de la Di\u00f3cesis de Huejutla de Reyes, Jos\u00e9 Hir\u00e1is Acosta Beltr\u00e1n, quien destac\u00f3 que, tuvo como objetivo general el conocer, enriquecer y reinterpretar el resultado del an\u00e1lisis de la realidad diocesana, para terminar con la elaboraci\u00f3n del Plan Diocesano de Pastoral y as\u00ed seguir construyendo el Reino de Dios.<\/p>\n\n\n\n<p>Es importante se\u00f1alar que, despu\u00e9s de dos a\u00f1os por la contingencia sanitaria, finalmente en esta semana se realiz\u00f3 en Huejutla la Asamblea Diocesana de Pastoral de manera presencial, la cual concluy\u00f3 la tarde de este mi\u00e9rcoles 21 de septiembre con buenos resultados.<\/p>\n","protected":false},"excerpt":{"rendered":"<p>Por Enedino Hern\u00e1ndez\/Zunoticia Huejutla, Hgo. &#8211; Teniendo como objetivo reafirmar la vida sinodal en la pastoral presbiteral y laical para vivir la identidad y misi\u00f3n en el Plan Diocesano de Pastoral a trav\u00e9s de la fidelidad a la Palabra de Dios, impulsando las actividades diocesanas, en las foran\u00edas y parroquia, la tarde de este mi\u00e9rcoles&hellip; <a class=\"more-link\" href=\"https:\/\/www.zunoticia.com\/noticias-de-hidalgo\/2022\/09\/21\/concluye-asamblea-diocesana-de-pastoral-en-huejutla\/\">Seguir leyendo <span class=\"screen-reader-text\">Concluye Asamblea Diocesana de Pastoral en Huejutla<\/span><\/a><\/p>\n","protected":false},"author":12,"featured_media":445410,"comment_status":"closed","ping_status":"open","sticky":false,"template":"","format":"standard","meta":{"rop_custom_images_group":[],"rop_custom_messages_group":[],"rop_publish_now":"initial","rop_publish_now_accounts":{"facebook_10159540855086992_322828327761733":""},"rop_publish_now_history":[],"rop_publish_now_status":"pending","footnotes":""},"categories":[181],"tags":[121],"class_list":["post-445409","post","type-post","status-publish","format-standard","has-post-thumbnail","hentry","category-huejutla","tag-huejutla","entry"],"_links":{"self":[{"href":"https:\/\/www.zunoticia.com\/noticias-de-hidalgo\/wp-json\/wp\/v2\/posts\/445409","targetHints":{"allow":["GET"]}}],"collection":[{"href":"https:\/\/www.zunoticia.com\/noticias-de-hidalgo\/wp-json\/wp\/v2\/posts"}],"about":[{"href":"https:\/\/www.zunoticia.com\/noticias-de-hidalgo\/wp-json\/wp\/v2\/types\/post"}],"author":[{"embeddable":true,"href":"https:\/\/www.zunoticia.com\/noticias-de-hidalgo\/wp-json\/wp\/v2\/users\/12"}],"replies":[{"embeddable":true,"href":"https:\/\/www.zunoticia.com\/noticias-de-hidalgo\/wp-json\/wp\/v2\/comments?post=445409"}],"version-history":[{"count":1,"href":"https:\/\/www.zunoticia.com\/noticias-de-hidalgo\/wp-json\/wp\/v2\/posts\/445409\/revisions"}],"predecessor-version":[{"id":445412,"href":"https:\/\/www.zunoticia.com\/noticias-de-hidalgo\/wp-json\/wp\/v2\/posts\/445409\/revisions\/445412"}],"wp:featuredmedia":[{"embeddable":true,"href":"https:\/\/www.zunoticia.com\/noticias-de-hidalgo\/wp-json\/wp\/v2\/media\/445410"}],"wp:attachment":[{"href":"https:\/\/www.zunoticia.com\/noticias-de-hidalgo\/wp-json\/wp\/v2\/media?parent=445409"}],"wp:term":[{"taxonomy":"category","embeddable":true,"href":"https:\/\/www.zunoticia.com\/noticias-de-hidalgo\/wp-json\/wp\/v2\/categories?post=445409"},{"taxonomy":"post_tag","embeddable":true,"href":"https:\/\/www.zunoticia.com\/noticias-de-hidalgo\/wp-json\/wp\/v2\/tags?post=445409"}],"curies":[{"name":"wp","href":"https:\/\/api.w.org\/{rel}","templated":true}]}}