{"id":445413,"date":"2022-09-21T16:41:20","date_gmt":"2022-09-21T21:41:20","guid":{"rendered":"https:\/\/www.zunoticia.com\/noticias-de-hidalgo\/?p=445413"},"modified":"2022-09-21T16:41:22","modified_gmt":"2022-09-21T21:41:22","slug":"invitan-a-citricultores-a-curso-de-capacitacion-contra-plagas","status":"publish","type":"post","link":"https:\/\/www.zunoticia.com\/noticias-de-hidalgo\/2022\/09\/21\/invitan-a-citricultores-a-curso-de-capacitacion-contra-plagas\/","title":{"rendered":"Invitan a citricultores a curso de capacitaci\u00f3n contra plagas"},"content":{"rendered":"<aside class=\"mashsb-container mashsb-main mashsb-stretched\"><div class=\"mashsb-box\"><div class=\"mashsb-count mash-large\" style=\"float:left\"><div class=\"counts mashsbcount\">24<\/div><span class=\"mashsb-sharetext\">SHARES<\/span><\/div><div class=\"mashsb-buttons\"><a class=\"mashicon-facebook mash-large mash-center mashsb-noshadow\" href=\"https:\/\/www.facebook.com\/sharer.php?u=https%3A%2F%2Fwww.zunoticia.com%2Fnoticias-de-hidalgo%2F2022%2F09%2F21%2Finvitan-a-citricultores-a-curso-de-capacitacion-contra-plagas%2F\" target=\"_top\" rel=\"nofollow\"><span class=\"icon\"><\/span><span class=\"text\">Share<\/span><\/a><a class=\"mashicon-twitter mash-large mash-center mashsb-noshadow\" href=\"https:\/\/twitter.com\/intent\/tweet?text=&amp;url=https:\/\/www.zunoticia.com\/noticias-de-hidalgo\/2022\/09\/21\/invitan-a-citricultores-a-curso-de-capacitacion-contra-plagas\/\" target=\"_top\" rel=\"nofollow\"><span class=\"icon\"><\/span><span class=\"text\">Tweet<\/span><\/a><div class=\"onoffswitch2 mash-large mashsb-noshadow\" style=\"display:none\"><\/div><\/div>\n            <\/div>\n                <div style=\"clear:both\"><\/div><div class=\"mashsb-toggle-container\"><\/div><\/aside>\n            <!-- Share buttons by mashshare.net - Version: 4.0.47-->\n<p><em>Por \u00c1ngel Silverio\/Zunoticia<\/em><\/p>\n\n\n\n<p><strong>San Felipe Orizatl\u00e1n, Hgo. &#8211;<\/strong> Ante la gran cantidad de productores citr\u00edcolas que hay en el municipio, el \u00e1rea de Proyectos productivos, en coordinaci\u00f3n con el ayuntamiento invitan a un curso de capacitaci\u00f3n para combatir las diferentes plagas que los afectan.<\/p>\n\n\n\n<p>Maricela Hern\u00e1ndez Hern\u00e1ndez, encargada de Proyectos productivos indic\u00f3 que, se est\u00e1 haciendo una invitaci\u00f3n extensiva a todos los productores por parte del ayuntamiento, coordinados con la SENASICA, ANAPROCI y CESAVEH, pues la intenci\u00f3n es capacitar a los productores de c\u00edtricos sobre c\u00f3mo combatir el HLB y otras plagas reglamentadas.<\/p>\n\n\n\n<p>Al cuestionar sobre qu\u00e9 era el HLB, explic\u00f3, &#8220;-Se le conoce como Huanglongbing, es una enfermedad provocada por bacterias y afecta diversas especies de plantas del g\u00e9nero Citrus, entre las que est\u00e1n el lim\u00f3n, naranja y mandarina; a esta enfermedad se le conoce por el acr\u00f3nimo HLB y tambi\u00e9n por el nombre ingl\u00e9s de Greening o Ex-Greening&#8221;.<\/p>\n\n\n\n<p>Dijo, que por ello es muy importante que los productores citr\u00edcolas acudan a esta capacitaci\u00f3n, pues es con el fin de que mantengan sus cultivos libres de cualquier plaga y puedan as\u00ed tener mejor producto para ofrecer al mercado; el curso ser\u00e1 este 22 de septiembre, en la galera de la localidad de Santa Ana.<\/p>\n","protected":false},"excerpt":{"rendered":"<p>Por \u00c1ngel Silverio\/Zunoticia San Felipe Orizatl\u00e1n, Hgo. &#8211; Ante la gran cantidad de productores citr\u00edcolas que hay en el municipio, el \u00e1rea de Proyectos productivos, en coordinaci\u00f3n con el ayuntamiento invitan a un curso de capacitaci\u00f3n para combatir las diferentes plagas que los afectan. Maricela Hern\u00e1ndez Hern\u00e1ndez, encargada de Proyectos productivos indic\u00f3 que, se est\u00e1&hellip; <a class=\"more-link\" href=\"https:\/\/www.zunoticia.com\/noticias-de-hidalgo\/2022\/09\/21\/invitan-a-citricultores-a-curso-de-capacitacion-contra-plagas\/\">Seguir leyendo <span class=\"screen-reader-text\">Invitan a citricultores a curso de capacitaci\u00f3n contra plagas<\/span><\/a><\/p>\n","protected":false},"author":12,"featured_media":445414,"comment_status":"closed","ping_status":"open","sticky":false,"template":"","format":"standard","meta":{"rop_custom_images_group":[],"rop_custom_messages_group":[],"rop_publish_now":"initial","rop_publish_now_accounts":{"facebook_10159540855086992_322828327761733":""},"rop_publish_now_history":[],"rop_publish_now_status":"pending","footnotes":""},"categories":[180],"tags":[129],"class_list":["post-445413","post","type-post","status-publish","format-standard","has-post-thumbnail","hentry","category-orizatlan","tag-orizatlan","entry"],"_links":{"self":[{"href":"https:\/\/www.zunoticia.com\/noticias-de-hidalgo\/wp-json\/wp\/v2\/posts\/445413","targetHints":{"allow":["GET"]}}],"collection":[{"href":"https:\/\/www.zunoticia.com\/noticias-de-hidalgo\/wp-json\/wp\/v2\/posts"}],"about":[{"href":"https:\/\/www.zunoticia.com\/noticias-de-hidalgo\/wp-json\/wp\/v2\/types\/post"}],"author":[{"embeddable":true,"href":"https:\/\/www.zunoticia.com\/noticias-de-hidalgo\/wp-json\/wp\/v2\/users\/12"}],"replies":[{"embeddable":true,"href":"https:\/\/www.zunoticia.com\/noticias-de-hidalgo\/wp-json\/wp\/v2\/comments?post=445413"}],"version-history":[{"count":1,"href":"https:\/\/www.zunoticia.com\/noticias-de-hidalgo\/wp-json\/wp\/v2\/posts\/445413\/revisions"}],"predecessor-version":[{"id":445415,"href":"https:\/\/www.zunoticia.com\/noticias-de-hidalgo\/wp-json\/wp\/v2\/posts\/445413\/revisions\/445415"}],"wp:featuredmedia":[{"embeddable":true,"href":"https:\/\/www.zunoticia.com\/noticias-de-hidalgo\/wp-json\/wp\/v2\/media\/445414"}],"wp:attachment":[{"href":"https:\/\/www.zunoticia.com\/noticias-de-hidalgo\/wp-json\/wp\/v2\/media?parent=445413"}],"wp:term":[{"taxonomy":"category","embeddable":true,"href":"https:\/\/www.zunoticia.com\/noticias-de-hidalgo\/wp-json\/wp\/v2\/categories?post=445413"},{"taxonomy":"post_tag","embeddable":true,"href":"https:\/\/www.zunoticia.com\/noticias-de-hidalgo\/wp-json\/wp\/v2\/tags?post=445413"}],"curies":[{"name":"wp","href":"https:\/\/api.w.org\/{rel}","templated":true}]}}