{"id":445456,"date":"2022-09-21T17:56:01","date_gmt":"2022-09-21T22:56:01","guid":{"rendered":"https:\/\/www.zunoticia.com\/noticias-de-hidalgo\/?p=445456"},"modified":"2022-09-21T17:56:03","modified_gmt":"2022-09-21T22:56:03","slug":"llaman-a-cuidarse-de-enfermedades-respiratorias","status":"publish","type":"post","link":"https:\/\/www.zunoticia.com\/noticias-de-hidalgo\/2022\/09\/21\/llaman-a-cuidarse-de-enfermedades-respiratorias\/","title":{"rendered":"Llaman a cuidarse de enfermedades respiratorias"},"content":{"rendered":"<aside class=\"mashsb-container mashsb-main mashsb-stretched\"><div class=\"mashsb-box\"><div class=\"mashsb-count mash-large\" style=\"float:left\"><div class=\"counts mashsbcount\">14<\/div><span class=\"mashsb-sharetext\">SHARES<\/span><\/div><div class=\"mashsb-buttons\"><a class=\"mashicon-facebook mash-large mash-center mashsb-noshadow\" href=\"https:\/\/www.facebook.com\/sharer.php?u=https%3A%2F%2Fwww.zunoticia.com%2Fnoticias-de-hidalgo%2F2022%2F09%2F21%2Fllaman-a-cuidarse-de-enfermedades-respiratorias%2F\" target=\"_top\" rel=\"nofollow\"><span class=\"icon\"><\/span><span class=\"text\">Share<\/span><\/a><a class=\"mashicon-twitter mash-large mash-center mashsb-noshadow\" href=\"https:\/\/twitter.com\/intent\/tweet?text=&amp;url=https:\/\/www.zunoticia.com\/noticias-de-hidalgo\/2022\/09\/21\/llaman-a-cuidarse-de-enfermedades-respiratorias\/\" target=\"_top\" rel=\"nofollow\"><span class=\"icon\"><\/span><span class=\"text\">Tweet<\/span><\/a><div class=\"onoffswitch2 mash-large mashsb-noshadow\" style=\"display:none\"><\/div><\/div>\n            <\/div>\n                <div style=\"clear:both\"><\/div><div class=\"mashsb-toggle-container\"><\/div><\/aside>\n            <!-- Share buttons by mashshare.net - Version: 4.0.47-->\n<p><em>Por \u00c1ngel Silverio\/Zunoticia<\/em><\/p>\n\n\n\n<p><strong>Jaltoc\u00e1n, Hgo. &#8211;<\/strong> Ante la temporada de lluvias y los frentes fr\u00edos que se avecinan, autoridades de salud en la demarcaci\u00f3n hicieron un llamado a la poblaci\u00f3n a extremar sus medidas de prevenci\u00f3n por las enfermedades respiratorias; sugirieron seguir haciendo uso de las disposiciones de bioseguridad.<\/p>\n\n\n\n<p>Karla Ferreira, enlace de Salud municipal, pidi\u00f3 a la poblaci\u00f3n que contin\u00faen con las medidas preventivas como es el uso de cubrebocas y el gel antibacterial, debido a que con la presencia de lluvias el n\u00famero de enfermedades respiratorias va en aumento; as\u00ed como tambi\u00e9n pese a que la mayor\u00eda est\u00e1 vacunada contra el covid-19, es necesario que se sigan cuidando contra esta enfermedad.<\/p>\n\n\n\n<p>&#8220;A veces salimos a la calle y llega a llover, nos mojamos y eso puede generar que nos enfermemos de gripe, de tos, por eso es muy importante salir preparados, utilizar paraguas, en caso de que el clima est\u00e9 lluvioso usar calzado contra el agua; y es muy importante que sigamos haciendo uso del cubrebocas, aunque es opcional, la recomendaci\u00f3n es que se siga utilizando para prevenir otro tipo de enfermedades&#8221; indic\u00f3.<\/p>\n\n\n\n<p>Finalmente lanz\u00f3 el exhorto a seguir cuid\u00e1ndonos de enfermedades como las transmitidas por el mosco Aedes Aegypti, por lo que es necesario evitar la acumulaci\u00f3n de agua en tinacos destapados, realizar la limpieza de los predios y retirar la basura como bolsas y botes, principales lugares para el criadero de mosquitos.<\/p>\n","protected":false},"excerpt":{"rendered":"<p>Por \u00c1ngel Silverio\/Zunoticia Jaltoc\u00e1n, Hgo. &#8211; Ante la temporada de lluvias y los frentes fr\u00edos que se avecinan, autoridades de salud en la demarcaci\u00f3n hicieron un llamado a la poblaci\u00f3n a extremar sus medidas de prevenci\u00f3n por las enfermedades respiratorias; sugirieron seguir haciendo uso de las disposiciones de bioseguridad. Karla Ferreira, enlace de Salud municipal,&hellip; <a class=\"more-link\" href=\"https:\/\/www.zunoticia.com\/noticias-de-hidalgo\/2022\/09\/21\/llaman-a-cuidarse-de-enfermedades-respiratorias\/\">Seguir leyendo <span class=\"screen-reader-text\">Llaman a cuidarse de enfermedades respiratorias<\/span><\/a><\/p>\n","protected":false},"author":12,"featured_media":445457,"comment_status":"closed","ping_status":"open","sticky":false,"template":"","format":"standard","meta":{"rop_custom_images_group":[],"rop_custom_messages_group":[],"rop_publish_now":"initial","rop_publish_now_accounts":{"facebook_10159540855086992_322828327761733":""},"rop_publish_now_history":[],"rop_publish_now_status":"pending","footnotes":""},"categories":[179,200],"tags":[131],"class_list":["post-445456","post","type-post","status-publish","format-standard","has-post-thumbnail","hentry","category-huasteca","category-jaltocan","tag-jaltocan","entry"],"_links":{"self":[{"href":"https:\/\/www.zunoticia.com\/noticias-de-hidalgo\/wp-json\/wp\/v2\/posts\/445456","targetHints":{"allow":["GET"]}}],"collection":[{"href":"https:\/\/www.zunoticia.com\/noticias-de-hidalgo\/wp-json\/wp\/v2\/posts"}],"about":[{"href":"https:\/\/www.zunoticia.com\/noticias-de-hidalgo\/wp-json\/wp\/v2\/types\/post"}],"author":[{"embeddable":true,"href":"https:\/\/www.zunoticia.com\/noticias-de-hidalgo\/wp-json\/wp\/v2\/users\/12"}],"replies":[{"embeddable":true,"href":"https:\/\/www.zunoticia.com\/noticias-de-hidalgo\/wp-json\/wp\/v2\/comments?post=445456"}],"version-history":[{"count":1,"href":"https:\/\/www.zunoticia.com\/noticias-de-hidalgo\/wp-json\/wp\/v2\/posts\/445456\/revisions"}],"predecessor-version":[{"id":445458,"href":"https:\/\/www.zunoticia.com\/noticias-de-hidalgo\/wp-json\/wp\/v2\/posts\/445456\/revisions\/445458"}],"wp:featuredmedia":[{"embeddable":true,"href":"https:\/\/www.zunoticia.com\/noticias-de-hidalgo\/wp-json\/wp\/v2\/media\/445457"}],"wp:attachment":[{"href":"https:\/\/www.zunoticia.com\/noticias-de-hidalgo\/wp-json\/wp\/v2\/media?parent=445456"}],"wp:term":[{"taxonomy":"category","embeddable":true,"href":"https:\/\/www.zunoticia.com\/noticias-de-hidalgo\/wp-json\/wp\/v2\/categories?post=445456"},{"taxonomy":"post_tag","embeddable":true,"href":"https:\/\/www.zunoticia.com\/noticias-de-hidalgo\/wp-json\/wp\/v2\/tags?post=445456"}],"curies":[{"name":"wp","href":"https:\/\/api.w.org\/{rel}","templated":true}]}}