{"id":445478,"date":"2022-09-21T19:48:58","date_gmt":"2022-09-22T00:48:58","guid":{"rendered":"https:\/\/www.zunoticia.com\/noticias-de-hidalgo\/?p=445478"},"modified":"2022-09-21T23:01:07","modified_gmt":"2022-09-22T04:01:07","slug":"late-con-orgullo-la-feria-de-san-francisco-2022-pachuca","status":"publish","type":"post","link":"https:\/\/www.zunoticia.com\/noticias-de-hidalgo\/2022\/09\/21\/late-con-orgullo-la-feria-de-san-francisco-2022-pachuca\/","title":{"rendered":"Late con Orgullo la feria de San Francisco 2022, Pachuca"},"content":{"rendered":"<aside class=\"mashsb-container mashsb-main mashsb-stretched\"><div class=\"mashsb-box\"><div class=\"mashsb-count mash-large\" style=\"float:left\"><div class=\"counts mashsbcount\">0<\/div><span class=\"mashsb-sharetext\">SHARES<\/span><\/div><div class=\"mashsb-buttons\"><a class=\"mashicon-facebook mash-large mash-center mashsb-noshadow\" href=\"https:\/\/www.facebook.com\/sharer.php?u=https%3A%2F%2Fwww.zunoticia.com%2Fnoticias-de-hidalgo%2F2022%2F09%2F21%2Flate-con-orgullo-la-feria-de-san-francisco-2022-pachuca%2F\" target=\"_top\" rel=\"nofollow\"><span class=\"icon\"><\/span><span class=\"text\">Share<\/span><\/a><a class=\"mashicon-twitter mash-large mash-center mashsb-noshadow\" href=\"https:\/\/twitter.com\/intent\/tweet?text=&amp;url=https:\/\/www.zunoticia.com\/noticias-de-hidalgo\/2022\/09\/21\/late-con-orgullo-la-feria-de-san-francisco-2022-pachuca\/\" target=\"_top\" rel=\"nofollow\"><span class=\"icon\"><\/span><span class=\"text\">Tweet<\/span><\/a><div class=\"onoffswitch2 mash-large mashsb-noshadow\" style=\"display:none\"><\/div><\/div>\n            <\/div>\n                <div style=\"clear:both\"><\/div><div class=\"mashsb-toggle-container\"><\/div><\/aside>\n            <!-- Share buttons by mashshare.net - Version: 4.0.47-->\n<ul class=\"wp-block-list\"><li>Los espect\u00e1culos estar\u00e1n a la altura de cualquier feria del pa\u00eds con \u00e9nfasis en el patrimonio cultural.<\/li><li>Con protocolo interinstitucional se generar\u00e1 un ambiente seguro para las familias.<\/li><\/ul>\n\n\n\n<p><em>Por Redacci\u00f3n\/Zunoticia<\/em><\/p>\n\n\n\n<p><strong>Pachuca, Hgo.-<\/strong> Del 29 de septiembre al 23 de octubre se realizar\u00e1 la Feria de San Francisco 2022, Pachuca, Hidalgo que en esta edici\u00f3n contar\u00e1 con actividades recreativas y art\u00edsticas, con \u00e9nfasis en la proyecci\u00f3n de la riqueza cultural del pueblo hidalguense.<\/p>\n\n\n\n<figure class=\"wp-block-image size-large\"><img fetchpriority=\"high\" decoding=\"async\" width=\"1024\" height=\"682\" src=\"https:\/\/www.zunoticia.com\/noticias-de-hidalgo\/wp-content\/uploads\/2022\/09\/eZy-Watermark-21-09-2022-07-39-01p.m.-1024x682.jpg\" alt=\"\" class=\"wp-image-445482\" srcset=\"https:\/\/www.zunoticia.com\/noticias-de-hidalgo\/wp-content\/uploads\/2022\/09\/eZy-Watermark-21-09-2022-07-39-01p.m.-1024x682.jpg 1024w, https:\/\/www.zunoticia.com\/noticias-de-hidalgo\/wp-content\/uploads\/2022\/09\/eZy-Watermark-21-09-2022-07-39-01p.m.-300x200.jpg 300w, https:\/\/www.zunoticia.com\/noticias-de-hidalgo\/wp-content\/uploads\/2022\/09\/eZy-Watermark-21-09-2022-07-39-01p.m.-768x512.jpg 768w, https:\/\/www.zunoticia.com\/noticias-de-hidalgo\/wp-content\/uploads\/2022\/09\/eZy-Watermark-21-09-2022-07-39-01p.m..jpg 1280w\" sizes=\"(max-width: 1024px) 100vw, 1024px\" \/><\/figure>\n\n\n\n<p>Titulares de las Secretar\u00edas de Turismo, Desarrollo Social y Desarrollo Econ\u00f3mico, Elizabeth Quintanar G\u00f3mez, Simey Olvera Bautista y Carlos Henkel Escorza, respectivamente, en conferencia de prensa expusieron los pormenores de la feria que este a\u00f1o tiene como lema \u201clate con orgullo\u201d.<\/p>\n\n\n\n<p>\u201cDespu\u00e9s de dos a\u00f1os vamos a tener feria, en el estado de Hidalgo, la Feria San Francisco 2022. Ha sido un esfuerzo porque despu\u00e9s de dos a\u00f1os, recuperamos las instalaciones de la feria, para poder presentar la nueva imagen\u201d, refiri\u00f3 Elizabeth Quintanar G\u00f3mez, quien consider\u00f3 que es una \u201calgarab\u00eda que el regreso de este importante evento sea durante la administraci\u00f3n que encabeza el gobernador Julio Menchaca\u201d.<\/p>\n\n\n\n<p>La secretaria Elizabeth Quintanar afirm\u00f3 que ser\u00e1 una feria de cultura que rescatar\u00e1 las tradiciones; \u201clos espect\u00e1culos estar\u00e1n a la altura de cualquier feria del pa\u00eds, pero sobre todo el gobernador nos ha encargado concentrar nuestra cultura, nuestra importancia de patrimonio cultural y la feria cambiar\u00e1 en muchos sentidos\u201d.<\/p>\n\n\n\n<figure class=\"wp-block-image size-large\"><img decoding=\"async\" width=\"1024\" height=\"747\" src=\"https:\/\/www.zunoticia.com\/noticias-de-hidalgo\/wp-content\/uploads\/2022\/09\/eZy-Watermark-21-09-2022-07-39-44p.m.-1024x747.jpg\" alt=\"\" class=\"wp-image-445480\" srcset=\"https:\/\/www.zunoticia.com\/noticias-de-hidalgo\/wp-content\/uploads\/2022\/09\/eZy-Watermark-21-09-2022-07-39-44p.m.-1024x747.jpg 1024w, https:\/\/www.zunoticia.com\/noticias-de-hidalgo\/wp-content\/uploads\/2022\/09\/eZy-Watermark-21-09-2022-07-39-44p.m.-300x219.jpg 300w, https:\/\/www.zunoticia.com\/noticias-de-hidalgo\/wp-content\/uploads\/2022\/09\/eZy-Watermark-21-09-2022-07-39-44p.m.-768x560.jpg 768w, https:\/\/www.zunoticia.com\/noticias-de-hidalgo\/wp-content\/uploads\/2022\/09\/eZy-Watermark-21-09-2022-07-39-44p.m..jpg 1280w\" sizes=\"(max-width: 1024px) 100vw, 1024px\" \/><\/figure>\n\n\n\n<p>Mencion\u00f3 que regresar\u00e1 el asombro por la feria, adem\u00e1s de que los costos de los boletos son accesibles para todos los bolsillos. Entre las atracciones destacan los juegos mec\u00e1nicos, Circo Atayde y espect\u00e1culo Ilusion on Ice; adem\u00e1s del cartel taurino, el palenque y el Teatro del Pueblo.<\/p>\n\n\n\n<p>Se han maximizado los pocos recursos disponibles para presentar a todo el p\u00fablico esta feria, \u201cque es de todos los hidalguenses para compartir con turistas\u201d, locales y nacionales, \u201cy lo m\u00e1s importante es que estamos coordinados, tenemos una estrategia de salud, de vialidad, de protecci\u00f3n civil\u201d, resalt\u00f3 Quintanar G\u00f3mez.<\/p>\n\n\n\n<p>El Pabell\u00f3n Artesanal es una de las partes m\u00e1s interesantes de la feria, no s\u00f3lo por lo que representa en ingreso para las familias artesanas de todas las regiones, sino porque impulsa las tradiciones y la preservaci\u00f3n de la cultura, indic\u00f3 la secretaria Simey Olvera Bautista.<\/p>\n\n\n\n<p>En su intervenci\u00f3n la titular de Desarrollo Social refiri\u00f3 que en esta edici\u00f3n de la Feria de San Francisco 2022 participar\u00e1n 131 personas artesanas, de las cuales el 25 por ciento es de origen ind\u00edgena, ser\u00e1n beneficiadas con un espacio gratuito en el pabell\u00f3n, lo que fortalecer\u00e1 sus finanzas y las de sus comunidades<\/p>\n\n\n\n<figure class=\"wp-block-image size-large\"><img decoding=\"async\" width=\"1024\" height=\"682\" src=\"https:\/\/www.zunoticia.com\/noticias-de-hidalgo\/wp-content\/uploads\/2022\/09\/eZy-Watermark-21-09-2022-07-38-41p.m.-1024x682.jpg\" alt=\"\" class=\"wp-image-445483\" srcset=\"https:\/\/www.zunoticia.com\/noticias-de-hidalgo\/wp-content\/uploads\/2022\/09\/eZy-Watermark-21-09-2022-07-38-41p.m.-1024x682.jpg 1024w, https:\/\/www.zunoticia.com\/noticias-de-hidalgo\/wp-content\/uploads\/2022\/09\/eZy-Watermark-21-09-2022-07-38-41p.m.-300x200.jpg 300w, https:\/\/www.zunoticia.com\/noticias-de-hidalgo\/wp-content\/uploads\/2022\/09\/eZy-Watermark-21-09-2022-07-38-41p.m.-768x512.jpg 768w, https:\/\/www.zunoticia.com\/noticias-de-hidalgo\/wp-content\/uploads\/2022\/09\/eZy-Watermark-21-09-2022-07-38-41p.m..jpg 1280w\" sizes=\"(max-width: 1024px) 100vw, 1024px\" \/><\/figure>\n\n\n\n<p>En su participaci\u00f3n Carlos Henkel Escorza, secretario de Desarrollo Econ\u00f3mico, destac\u00f3 la coordinaci\u00f3n interinstitucional para cumplir con las indicaciones del gobernador Julio Menchaca. Se espera una derrama econ\u00f3mica muy importante, que impactar\u00e1 de manera positiva no s\u00f3lo en la capital del estado sino tambi\u00e9n en los municipios aleda\u00f1os.<\/p>\n\n\n\n<p>La Feria de San Francisco 2022, Pachuca, Hidalgo es un foro para que los microempresarios y emprendedores den a conocer sus servicios y productos. La transformaci\u00f3n ya se est\u00e1 generando con este nuevo gobierno, el cual pretende desarrollar y dar a conocer todo el potencial econ\u00f3mico que tiene Hidalgo; as\u00ed como generar empleo, oportunidades y bienestar para las familias hidalguenses, sostuvo el secretario Carlos Henkel.<\/p>\n\n\n\n<p>Los costos de los boletos de acceso son: ni\u00f1o 35 pesos y adulto 55 pesos.<\/p>\n\n\n\n<p>En el Teatro del Pueblo actuar\u00e1n:<\/p>\n\n\n<div class=\"wp-block-image\">\n<figure class=\"aligncenter size-full\"><img loading=\"lazy\" decoding=\"async\" width=\"547\" height=\"551\" src=\"https:\/\/www.zunoticia.com\/noticias-de-hidalgo\/wp-content\/uploads\/2022\/09\/tabla.png\" alt=\"\" class=\"wp-image-445479\" srcset=\"https:\/\/www.zunoticia.com\/noticias-de-hidalgo\/wp-content\/uploads\/2022\/09\/tabla.png 547w, https:\/\/www.zunoticia.com\/noticias-de-hidalgo\/wp-content\/uploads\/2022\/09\/tabla-298x300.png 298w, https:\/\/www.zunoticia.com\/noticias-de-hidalgo\/wp-content\/uploads\/2022\/09\/tabla-150x150.png 150w\" sizes=\"(max-width: 547px) 100vw, 547px\" \/><\/figure>\n<\/div>\n\n\n<p>Con protocolo interinstitucional se generar\u00e1 un ambiente seguro para las familias<\/p>\n\n\n\n<p>Diferentes dependencias participar\u00e1n en un dispositivo para garantizar la seguridad de las y los visitantes a la feria.<\/p>\n\n\n\n<p>La Procuradur\u00eda General de Justicia del Estado de Hidalgo desplegar\u00e1 un equipo de agentes del Ministerio P\u00fablico y elementos de la Divisi\u00f3n de Investigaci\u00f3n con la finalidad de que, en la unidad m\u00f3vil, las personas que se consideren v\u00edctimas de alg\u00fan delito denuncien de inmediato.<\/p>\n\n\n\n<p>La Secretar\u00eda de Salud y los Servicios de Salud de Hidalgo implementar\u00e1 acciones para salvaguardar la salud e integridad de la poblaci\u00f3n asistente.<\/p>\n\n\n\n<p>Desde el 25 de septiembre se instalar\u00e1n 2 puestos de salud, quir\u00f3fanos y sala de choque. Se destinar\u00e1n ambulancias, 7 m\u00e9dicos y 10 enfermeras en cada turno y fines de semana.<\/p>\n\n\n\n<p>El primer puesto de salud se ubicar\u00e1 atr\u00e1s del restaurante del Sistema DIF Hidalgo y el segundo en la zona de juegos. Adem\u00e1s, se contar\u00e1 con dos ambulancias de traslado que estar\u00e1n ubicadas frente al restaurante del DIF.<\/p>\n\n\n\n<p>Secretar\u00eda de Seguridad participa con personal operativo de la Polic\u00eda estatal (Unidades Especializadas de Polic\u00eda Canina, Polic\u00eda de Monitoreo A\u00e9reo -drones-, de Rescate y Urgencias M\u00e9dicas, Secci\u00f3n de motopatrullas), H. Cuerpo de Bomberos, C5i, Polic\u00eda Industrial Bancaria, Instituto de Formaci\u00f3n Profesional, \u00e1rea jur\u00eddica y m\u00e9dicos.<\/p>\n\n\n\n<p>Videovigilancia: Circuito cerrado enlazado al C5i y sistema de videovigilancia urbana en el per\u00edmetro.<\/p>\n\n\n\n<p>Instituciones en coordinaci\u00f3n: Protecci\u00f3n Civil, Secretar\u00eda de Salud, Secretar\u00eda de Movilidad y Transporte, Cruz Roja, Procuradur\u00eda General de Justicia, Polic\u00eda Municipal y seguridad privada.<\/p>\n\n\n\n<p>El Sistema de Transporte Convencional de Hidalgo (STCH) y en el Sistema de Transporte Masivo de Hidalgo (SITMAH) implementar\u00e1 un operativo especial del 29 de septiembre al 23 de octubre con la finalidad de garantizar la movilidad de las y los hidalguenses que acudir\u00e1n a la Feria de San Francisco Pachuca Hidalgo 2022.<\/p>\n\n\n\n<p>La Subsecretar\u00eda de Protecci\u00f3n Civil y Gesti\u00f3n de Riesgos emiti\u00f3 recomendaciones y medidas de seguridad para minimizar riesgos durante el desarrollo de la feria, dirigidas a los negocios y puestos que se instalen, as\u00ed como la o las empresas de atracciones mec\u00e1nicas y\/o espect\u00e1culos que sean contratadas.<\/p>\n","protected":false},"excerpt":{"rendered":"<p>Los espect\u00e1culos estar\u00e1n a la altura de cualquier feria del pa\u00eds con \u00e9nfasis en el patrimonio cultural. Con protocolo interinstitucional se generar\u00e1 un ambiente seguro para las familias. Por Redacci\u00f3n\/Zunoticia Pachuca, Hgo.- Del 29 de septiembre al 23 de octubre se realizar\u00e1 la Feria de San Francisco 2022, Pachuca, Hidalgo que en esta edici\u00f3n contar\u00e1&hellip; <a class=\"more-link\" href=\"https:\/\/www.zunoticia.com\/noticias-de-hidalgo\/2022\/09\/21\/late-con-orgullo-la-feria-de-san-francisco-2022-pachuca\/\">Seguir leyendo <span class=\"screen-reader-text\">Late con Orgullo la feria de San Francisco 2022, Pachuca<\/span><\/a><\/p>\n","protected":false},"author":12,"featured_media":445530,"comment_status":"closed","ping_status":"open","sticky":false,"template":"","format":"standard","meta":{"rop_custom_images_group":[],"rop_custom_messages_group":[],"rop_publish_now":"initial","rop_publish_now_accounts":{"facebook_10159540855086992_322828327761733":""},"rop_publish_now_history":[],"rop_publish_now_status":"pending","footnotes":""},"categories":[208],"tags":[214],"class_list":["post-445478","post","type-post","status-publish","format-standard","has-post-thumbnail","hentry","category-estado","tag-estado","entry"],"_links":{"self":[{"href":"https:\/\/www.zunoticia.com\/noticias-de-hidalgo\/wp-json\/wp\/v2\/posts\/445478","targetHints":{"allow":["GET"]}}],"collection":[{"href":"https:\/\/www.zunoticia.com\/noticias-de-hidalgo\/wp-json\/wp\/v2\/posts"}],"about":[{"href":"https:\/\/www.zunoticia.com\/noticias-de-hidalgo\/wp-json\/wp\/v2\/types\/post"}],"author":[{"embeddable":true,"href":"https:\/\/www.zunoticia.com\/noticias-de-hidalgo\/wp-json\/wp\/v2\/users\/12"}],"replies":[{"embeddable":true,"href":"https:\/\/www.zunoticia.com\/noticias-de-hidalgo\/wp-json\/wp\/v2\/comments?post=445478"}],"version-history":[{"count":2,"href":"https:\/\/www.zunoticia.com\/noticias-de-hidalgo\/wp-json\/wp\/v2\/posts\/445478\/revisions"}],"predecessor-version":[{"id":445487,"href":"https:\/\/www.zunoticia.com\/noticias-de-hidalgo\/wp-json\/wp\/v2\/posts\/445478\/revisions\/445487"}],"wp:featuredmedia":[{"embeddable":true,"href":"https:\/\/www.zunoticia.com\/noticias-de-hidalgo\/wp-json\/wp\/v2\/media\/445530"}],"wp:attachment":[{"href":"https:\/\/www.zunoticia.com\/noticias-de-hidalgo\/wp-json\/wp\/v2\/media?parent=445478"}],"wp:term":[{"taxonomy":"category","embeddable":true,"href":"https:\/\/www.zunoticia.com\/noticias-de-hidalgo\/wp-json\/wp\/v2\/categories?post=445478"},{"taxonomy":"post_tag","embeddable":true,"href":"https:\/\/www.zunoticia.com\/noticias-de-hidalgo\/wp-json\/wp\/v2\/tags?post=445478"}],"curies":[{"name":"wp","href":"https:\/\/api.w.org\/{rel}","templated":true}]}}