{"id":445492,"date":"2022-09-21T20:12:00","date_gmt":"2022-09-22T01:12:00","guid":{"rendered":"https:\/\/www.zunoticia.com\/noticias-de-hidalgo\/?p=445492"},"modified":"2022-09-21T20:12:01","modified_gmt":"2022-09-22T01:12:01","slug":"volco-vehiculo","status":"publish","type":"post","link":"https:\/\/www.zunoticia.com\/noticias-de-hidalgo\/2022\/09\/21\/volco-vehiculo\/","title":{"rendered":"Volc\u00f3 veh\u00edculo"},"content":{"rendered":"<aside class=\"mashsb-container mashsb-main mashsb-stretched\"><div class=\"mashsb-box\"><div class=\"mashsb-count mash-large\" style=\"float:left\"><div class=\"counts mashsbcount\">34<\/div><span class=\"mashsb-sharetext\">SHARES<\/span><\/div><div class=\"mashsb-buttons\"><a class=\"mashicon-facebook mash-large mash-center mashsb-noshadow\" href=\"https:\/\/www.facebook.com\/sharer.php?u=https%3A%2F%2Fwww.zunoticia.com%2Fnoticias-de-hidalgo%2F2022%2F09%2F21%2Fvolco-vehiculo%2F\" target=\"_top\" rel=\"nofollow\"><span class=\"icon\"><\/span><span class=\"text\">Share<\/span><\/a><a class=\"mashicon-twitter mash-large mash-center mashsb-noshadow\" href=\"https:\/\/twitter.com\/intent\/tweet?text=&amp;url=https:\/\/www.zunoticia.com\/noticias-de-hidalgo\/2022\/09\/21\/volco-vehiculo\/\" target=\"_top\" rel=\"nofollow\"><span class=\"icon\"><\/span><span class=\"text\">Tweet<\/span><\/a><div class=\"onoffswitch2 mash-large mashsb-noshadow\" style=\"display:none\"><\/div><\/div>\n            <\/div>\n                <div style=\"clear:both\"><\/div><div class=\"mashsb-toggle-container\"><\/div><\/aside>\n            <!-- Share buttons by mashshare.net - Version: 4.0.47-->\n<p><em>Por Redacci\u00f3n\/Zunoticia<\/em><\/p>\n\n\n\n<p><strong>Chalma, Ver.-<\/strong> Un fuerte accidente automovil\u00edstico que se registr\u00f3 la tarde noche de este mi\u00e9rcoles, en la v\u00eda federal M\u00e9xico-Tampico, en el tramo de la carretera del tramo federal Huejutla-Chalma, a la altura del lugar conocido como la Santa Muerte, dej\u00f3 solo da\u00f1os materiales.<\/p>\n\n\n\n<p>En el sitio, un veh\u00edculo luego de que perdiera el control del volante el comerciante de nombre Fernando L. C., vecino de la colonia Los Cantores de esta ciudad, quien fue valorado por param\u00e9dicos del Cuerpo de Bomberos, volc\u00f3 sobre la cinta asf\u00e1ltica.<\/p>\n\n\n\n<p>Al sitio arribaron elementos de la Polic\u00eda Municipal de Chalma para tomar conocimiento de los hechos para deslindar responsabilidades y as\u00ed tambi\u00e9n brindaron vialidad en la zona para evitar otro accidente vehicular.<\/p>\n\n\n\n<p>La unidad al parecer transportaba verdura, la cual se dirig\u00eda a Huejutla, el propietario y sus acompa\u00f1antes por fortuna no resultaron lesionados.<\/p>\n","protected":false},"excerpt":{"rendered":"<p>Por Redacci\u00f3n\/Zunoticia Chalma, Ver.- Un fuerte accidente automovil\u00edstico que se registr\u00f3 la tarde noche de este mi\u00e9rcoles, en la v\u00eda federal M\u00e9xico-Tampico, en el tramo de la carretera del tramo federal Huejutla-Chalma, a la altura del lugar conocido como la Santa Muerte, dej\u00f3 solo da\u00f1os materiales. En el sitio, un veh\u00edculo luego de que perdiera&hellip; <a class=\"more-link\" href=\"https:\/\/www.zunoticia.com\/noticias-de-hidalgo\/2022\/09\/21\/volco-vehiculo\/\">Seguir leyendo <span class=\"screen-reader-text\">Volc\u00f3 veh\u00edculo<\/span><\/a><\/p>\n","protected":false},"author":12,"featured_media":445484,"comment_status":"closed","ping_status":"open","sticky":false,"template":"","format":"standard","meta":{"rop_custom_images_group":[],"rop_custom_messages_group":[],"rop_publish_now":"initial","rop_publish_now_accounts":{"facebook_10159540855086992_322828327761733":""},"rop_publish_now_history":[],"rop_publish_now_status":"pending","footnotes":""},"categories":[178],"tags":[259],"class_list":["post-445492","post","type-post","status-publish","format-standard","has-post-thumbnail","hentry","category-policiaca","tag-policiaca","entry"],"_links":{"self":[{"href":"https:\/\/www.zunoticia.com\/noticias-de-hidalgo\/wp-json\/wp\/v2\/posts\/445492","targetHints":{"allow":["GET"]}}],"collection":[{"href":"https:\/\/www.zunoticia.com\/noticias-de-hidalgo\/wp-json\/wp\/v2\/posts"}],"about":[{"href":"https:\/\/www.zunoticia.com\/noticias-de-hidalgo\/wp-json\/wp\/v2\/types\/post"}],"author":[{"embeddable":true,"href":"https:\/\/www.zunoticia.com\/noticias-de-hidalgo\/wp-json\/wp\/v2\/users\/12"}],"replies":[{"embeddable":true,"href":"https:\/\/www.zunoticia.com\/noticias-de-hidalgo\/wp-json\/wp\/v2\/comments?post=445492"}],"version-history":[{"count":1,"href":"https:\/\/www.zunoticia.com\/noticias-de-hidalgo\/wp-json\/wp\/v2\/posts\/445492\/revisions"}],"predecessor-version":[{"id":445493,"href":"https:\/\/www.zunoticia.com\/noticias-de-hidalgo\/wp-json\/wp\/v2\/posts\/445492\/revisions\/445493"}],"wp:featuredmedia":[{"embeddable":true,"href":"https:\/\/www.zunoticia.com\/noticias-de-hidalgo\/wp-json\/wp\/v2\/media\/445484"}],"wp:attachment":[{"href":"https:\/\/www.zunoticia.com\/noticias-de-hidalgo\/wp-json\/wp\/v2\/media?parent=445492"}],"wp:term":[{"taxonomy":"category","embeddable":true,"href":"https:\/\/www.zunoticia.com\/noticias-de-hidalgo\/wp-json\/wp\/v2\/categories?post=445492"},{"taxonomy":"post_tag","embeddable":true,"href":"https:\/\/www.zunoticia.com\/noticias-de-hidalgo\/wp-json\/wp\/v2\/tags?post=445492"}],"curies":[{"name":"wp","href":"https:\/\/api.w.org\/{rel}","templated":true}]}}