{"id":446107,"date":"2022-09-25T17:26:05","date_gmt":"2022-09-25T22:26:05","guid":{"rendered":"https:\/\/www.zunoticia.com\/noticias-de-hidalgo\/?p=446107"},"modified":"2022-09-25T17:26:07","modified_gmt":"2022-09-25T22:26:07","slug":"ciudadanos-se-sumaron-al-bacheo-de-carretera","status":"publish","type":"post","link":"https:\/\/www.zunoticia.com\/noticias-de-hidalgo\/2022\/09\/25\/ciudadanos-se-sumaron-al-bacheo-de-carretera\/","title":{"rendered":"Ciudadanos se sumaron al bacheo de carretera"},"content":{"rendered":"<aside class=\"mashsb-container mashsb-main mashsb-stretched\"><div class=\"mashsb-box\"><div class=\"mashsb-count mash-large\" style=\"float:left\"><div class=\"counts mashsbcount\">28<\/div><span class=\"mashsb-sharetext\">SHARES<\/span><\/div><div class=\"mashsb-buttons\"><a class=\"mashicon-facebook mash-large mash-center mashsb-noshadow\" href=\"https:\/\/www.facebook.com\/sharer.php?u=https%3A%2F%2Fwww.zunoticia.com%2Fnoticias-de-hidalgo%2F2022%2F09%2F25%2Fciudadanos-se-sumaron-al-bacheo-de-carretera%2F\" target=\"_top\" rel=\"nofollow\"><span class=\"icon\"><\/span><span class=\"text\">Share<\/span><\/a><a class=\"mashicon-twitter mash-large mash-center mashsb-noshadow\" href=\"https:\/\/twitter.com\/intent\/tweet?text=&amp;url=https:\/\/www.zunoticia.com\/noticias-de-hidalgo\/2022\/09\/25\/ciudadanos-se-sumaron-al-bacheo-de-carretera\/\" target=\"_top\" rel=\"nofollow\"><span class=\"icon\"><\/span><span class=\"text\">Tweet<\/span><\/a><div class=\"onoffswitch2 mash-large mashsb-noshadow\" style=\"display:none\"><\/div><\/div>\n            <\/div>\n                <div style=\"clear:both\"><\/div><div class=\"mashsb-toggle-container\"><\/div><\/aside>\n            <!-- Share buttons by mashshare.net - Version: 4.0.47-->\n<p><em>Por Roberto Meza\/Zunoticia<\/em><\/p>\n\n\n\n<p><strong>Huazalingo, Hgo.-<\/strong> Habitantes de este municipio se sumaron al bacheo de la carretera Tehuetl\u00e1n &#8211; Huazalingo, esto ante la necesidad que tienen de transitar y ante la p\u00e9simas condiciones en las que se encuentra esa v\u00eda, decidieron bachear con grava y tepetate para evitar caer en los baches y en el peor de los casos que sus veh\u00edculos se da\u00f1en.<\/p>\n\n\n\n<p>Las acciones fueron encabezadas por el se\u00f1or Porfirio Vite, quien con otras personas tomaron sus herramientas para aplicar bacheo en diversos tramos, ya que por las m\u00e1s recientes lluvias en diversas partes de la cinta asf\u00e1ltica hubo da\u00f1os y ante la falta de bacheos de las autoridades correspondientes se vieron en la necesidad de aportar su grano de arena.<\/p>\n\n\n\n<figure class=\"wp-block-image size-full\"><img fetchpriority=\"high\" decoding=\"async\" width=\"720\" height=\"519\" src=\"https:\/\/www.zunoticia.com\/noticias-de-hidalgo\/wp-content\/uploads\/2022\/09\/eZy-Watermark-25-09-2022-01-29-11p.m..jpg\" alt=\"\" class=\"wp-image-446070\" srcset=\"https:\/\/www.zunoticia.com\/noticias-de-hidalgo\/wp-content\/uploads\/2022\/09\/eZy-Watermark-25-09-2022-01-29-11p.m..jpg 720w, https:\/\/www.zunoticia.com\/noticias-de-hidalgo\/wp-content\/uploads\/2022\/09\/eZy-Watermark-25-09-2022-01-29-11p.m.-300x216.jpg 300w\" sizes=\"(max-width: 720px) 100vw, 720px\" \/><\/figure>\n\n\n\n<p>De esta forma tras la jornada que llevaron a cabo en diversos tramos, rehabilitaron de manera temporal esta v\u00eda de comunicaci\u00f3n, al mismo tiempo exigieron a las autoridades pertinentes para que apliquen las acciones de bacheo de manera permanente para que puedan transitar sin problemas, ya que son urgentes esas acciones.<\/p>\n","protected":false},"excerpt":{"rendered":"<p>Por Roberto Meza\/Zunoticia Huazalingo, Hgo.- Habitantes de este municipio se sumaron al bacheo de la carretera Tehuetl\u00e1n &#8211; Huazalingo, esto ante la necesidad que tienen de transitar y ante la p\u00e9simas condiciones en las que se encuentra esa v\u00eda, decidieron bachear con grava y tepetate para evitar caer en los baches y en el peor&hellip; <a class=\"more-link\" href=\"https:\/\/www.zunoticia.com\/noticias-de-hidalgo\/2022\/09\/25\/ciudadanos-se-sumaron-al-bacheo-de-carretera\/\">Seguir leyendo <span class=\"screen-reader-text\">Ciudadanos se sumaron al bacheo de carretera<\/span><\/a><\/p>\n","protected":false},"author":12,"featured_media":446069,"comment_status":"closed","ping_status":"open","sticky":false,"template":"","format":"standard","meta":{"rop_custom_images_group":[],"rop_custom_messages_group":[],"rop_publish_now":"initial","rop_publish_now_accounts":{"facebook_10159540855086992_322828327761733":""},"rop_publish_now_history":[],"rop_publish_now_status":"pending","footnotes":""},"categories":[179,212],"tags":[138],"class_list":["post-446107","post","type-post","status-publish","format-standard","has-post-thumbnail","hentry","category-huasteca","category-huazalingo","tag-huazalingo","entry"],"_links":{"self":[{"href":"https:\/\/www.zunoticia.com\/noticias-de-hidalgo\/wp-json\/wp\/v2\/posts\/446107","targetHints":{"allow":["GET"]}}],"collection":[{"href":"https:\/\/www.zunoticia.com\/noticias-de-hidalgo\/wp-json\/wp\/v2\/posts"}],"about":[{"href":"https:\/\/www.zunoticia.com\/noticias-de-hidalgo\/wp-json\/wp\/v2\/types\/post"}],"author":[{"embeddable":true,"href":"https:\/\/www.zunoticia.com\/noticias-de-hidalgo\/wp-json\/wp\/v2\/users\/12"}],"replies":[{"embeddable":true,"href":"https:\/\/www.zunoticia.com\/noticias-de-hidalgo\/wp-json\/wp\/v2\/comments?post=446107"}],"version-history":[{"count":1,"href":"https:\/\/www.zunoticia.com\/noticias-de-hidalgo\/wp-json\/wp\/v2\/posts\/446107\/revisions"}],"predecessor-version":[{"id":446108,"href":"https:\/\/www.zunoticia.com\/noticias-de-hidalgo\/wp-json\/wp\/v2\/posts\/446107\/revisions\/446108"}],"wp:featuredmedia":[{"embeddable":true,"href":"https:\/\/www.zunoticia.com\/noticias-de-hidalgo\/wp-json\/wp\/v2\/media\/446069"}],"wp:attachment":[{"href":"https:\/\/www.zunoticia.com\/noticias-de-hidalgo\/wp-json\/wp\/v2\/media?parent=446107"}],"wp:term":[{"taxonomy":"category","embeddable":true,"href":"https:\/\/www.zunoticia.com\/noticias-de-hidalgo\/wp-json\/wp\/v2\/categories?post=446107"},{"taxonomy":"post_tag","embeddable":true,"href":"https:\/\/www.zunoticia.com\/noticias-de-hidalgo\/wp-json\/wp\/v2\/tags?post=446107"}],"curies":[{"name":"wp","href":"https:\/\/api.w.org\/{rel}","templated":true}]}}