{"id":446131,"date":"2022-09-25T18:27:39","date_gmt":"2022-09-25T23:27:39","guid":{"rendered":"https:\/\/www.zunoticia.com\/noticias-de-hidalgo\/?p=446131"},"modified":"2022-09-25T18:27:40","modified_gmt":"2022-09-25T23:27:40","slug":"con-platicas-conmemoran-dia-de-naranja","status":"publish","type":"post","link":"https:\/\/www.zunoticia.com\/noticias-de-hidalgo\/2022\/09\/25\/con-platicas-conmemoran-dia-de-naranja\/","title":{"rendered":"Con platicas conmemoran d\u00eda de naranja"},"content":{"rendered":"<aside class=\"mashsb-container mashsb-main mashsb-stretched\"><div class=\"mashsb-box\"><div class=\"mashsb-count mash-large\" style=\"float:left\"><div class=\"counts mashsbcount\">22<\/div><span class=\"mashsb-sharetext\">SHARES<\/span><\/div><div class=\"mashsb-buttons\"><a class=\"mashicon-facebook mash-large mash-center mashsb-noshadow\" href=\"https:\/\/www.facebook.com\/sharer.php?u=https%3A%2F%2Fwww.zunoticia.com%2Fnoticias-de-hidalgo%2F2022%2F09%2F25%2Fcon-platicas-conmemoran-dia-de-naranja%2F\" target=\"_top\" rel=\"nofollow\"><span class=\"icon\"><\/span><span class=\"text\">Share<\/span><\/a><a class=\"mashicon-twitter mash-large mash-center mashsb-noshadow\" href=\"https:\/\/twitter.com\/intent\/tweet?text=&amp;url=https:\/\/www.zunoticia.com\/noticias-de-hidalgo\/2022\/09\/25\/con-platicas-conmemoran-dia-de-naranja\/\" target=\"_top\" rel=\"nofollow\"><span class=\"icon\"><\/span><span class=\"text\">Tweet<\/span><\/a><div class=\"onoffswitch2 mash-large mashsb-noshadow\" style=\"display:none\"><\/div><\/div>\n            <\/div>\n                <div style=\"clear:both\"><\/div><div class=\"mashsb-toggle-container\"><\/div><\/aside>\n            <!-- Share buttons by mashshare.net - Version: 4.0.47-->\n<p><em>Por \u00c1ngel Silverio\/Zunoticia<\/em><\/p>\n\n\n\n<p><strong>Jaltoc\u00e1n, Hgo.-<\/strong> &#8220;Disfrutar de los mismos derechos es la mejor manera de promover una vida libre de desigualdad, discriminaci\u00f3n y violencia para las ni\u00f1as, ni\u00f1os y adolescentes de todo en el marco del d\u00eda naranja, tenemos que llevar este mensaje a todas las comunidades, a todos los barrios y que en casa hogar se replique, que tenemos que acabar con cualquier tipo de violencia&#8221;.<\/p>\n\n\n\n<p>Se\u00f1al\u00f3 lo anterior Idalia Lara, titular de la Instancia de la Mujer en esta demarcaci\u00f3n, quien con motivo del d\u00eda naranja que se conmemora el 25 de cada mes, imparti\u00f3 una peque\u00f1a conferencia a autoridades y miembros de la comunidad de Tepexicuicuil, con el tema denominado &#8220;Igualdad de G\u00e9nero&#8221;.<\/p>\n\n\n\n<p>Ah\u00ed hizo menci\u00f3n sobre la importancia de recordar que la igualdad de g\u00e9nero significa que mujeres, hombres, ni\u00f1as y ni\u00f1os deban gozar, por igual, de los mismos derechos, recursos, oportunidades y protecciones, sin embargo, la realidad sigue evidenciando que ni\u00f1as, adolescentes y mujeres en su diversidad enfrentan a\u00fan hoy mayores desventajas por raz\u00f3n de su g\u00e9nero.<\/p>\n\n\n\n<p>Por ello dijo que las desigualdades hist\u00f3ricas que han enfrentado las mujeres en este sentido siguen teniendo impactos intergeneracionales que alcanzan a la ni\u00f1ez actual, por ello es necesario llevar el mensaje de prevenci\u00f3n y erradicaci\u00f3n de la violencia en todos los sectores de la sociedad y que la lucha sea diaria no solo los d\u00edas 25.<\/p>\n","protected":false},"excerpt":{"rendered":"<p>Por \u00c1ngel Silverio\/Zunoticia Jaltoc\u00e1n, Hgo.- &#8220;Disfrutar de los mismos derechos es la mejor manera de promover una vida libre de desigualdad, discriminaci\u00f3n y violencia para las ni\u00f1as, ni\u00f1os y adolescentes de todo en el marco del d\u00eda naranja, tenemos que llevar este mensaje a todas las comunidades, a todos los barrios y que en casa&hellip; <a class=\"more-link\" href=\"https:\/\/www.zunoticia.com\/noticias-de-hidalgo\/2022\/09\/25\/con-platicas-conmemoran-dia-de-naranja\/\">Seguir leyendo <span class=\"screen-reader-text\">Con platicas conmemoran d\u00eda de naranja<\/span><\/a><\/p>\n","protected":false},"author":12,"featured_media":446100,"comment_status":"closed","ping_status":"open","sticky":false,"template":"","format":"standard","meta":{"rop_custom_images_group":[],"rop_custom_messages_group":[],"rop_publish_now":"initial","rop_publish_now_accounts":{"facebook_10159540855086992_322828327761733":""},"rop_publish_now_history":[],"rop_publish_now_status":"pending","footnotes":""},"categories":[179,200],"tags":[131],"class_list":["post-446131","post","type-post","status-publish","format-standard","has-post-thumbnail","hentry","category-huasteca","category-jaltocan","tag-jaltocan","entry"],"_links":{"self":[{"href":"https:\/\/www.zunoticia.com\/noticias-de-hidalgo\/wp-json\/wp\/v2\/posts\/446131","targetHints":{"allow":["GET"]}}],"collection":[{"href":"https:\/\/www.zunoticia.com\/noticias-de-hidalgo\/wp-json\/wp\/v2\/posts"}],"about":[{"href":"https:\/\/www.zunoticia.com\/noticias-de-hidalgo\/wp-json\/wp\/v2\/types\/post"}],"author":[{"embeddable":true,"href":"https:\/\/www.zunoticia.com\/noticias-de-hidalgo\/wp-json\/wp\/v2\/users\/12"}],"replies":[{"embeddable":true,"href":"https:\/\/www.zunoticia.com\/noticias-de-hidalgo\/wp-json\/wp\/v2\/comments?post=446131"}],"version-history":[{"count":1,"href":"https:\/\/www.zunoticia.com\/noticias-de-hidalgo\/wp-json\/wp\/v2\/posts\/446131\/revisions"}],"predecessor-version":[{"id":446132,"href":"https:\/\/www.zunoticia.com\/noticias-de-hidalgo\/wp-json\/wp\/v2\/posts\/446131\/revisions\/446132"}],"wp:featuredmedia":[{"embeddable":true,"href":"https:\/\/www.zunoticia.com\/noticias-de-hidalgo\/wp-json\/wp\/v2\/media\/446100"}],"wp:attachment":[{"href":"https:\/\/www.zunoticia.com\/noticias-de-hidalgo\/wp-json\/wp\/v2\/media?parent=446131"}],"wp:term":[{"taxonomy":"category","embeddable":true,"href":"https:\/\/www.zunoticia.com\/noticias-de-hidalgo\/wp-json\/wp\/v2\/categories?post=446131"},{"taxonomy":"post_tag","embeddable":true,"href":"https:\/\/www.zunoticia.com\/noticias-de-hidalgo\/wp-json\/wp\/v2\/tags?post=446131"}],"curies":[{"name":"wp","href":"https:\/\/api.w.org\/{rel}","templated":true}]}}