{"id":446223,"date":"2022-09-26T13:28:57","date_gmt":"2022-09-26T18:28:57","guid":{"rendered":"https:\/\/www.zunoticia.com\/noticias-de-hidalgo\/?p=446223"},"modified":"2022-09-26T13:28:59","modified_gmt":"2022-09-26T18:28:59","slug":"cuestionan-destino-del-centro-cultural-de-las-huastecas","status":"publish","type":"post","link":"https:\/\/www.zunoticia.com\/noticias-de-hidalgo\/2022\/09\/26\/cuestionan-destino-del-centro-cultural-de-las-huastecas\/","title":{"rendered":"Cuestionan destino del Centro Cultural de las Huastecas"},"content":{"rendered":"<aside class=\"mashsb-container mashsb-main mashsb-stretched\"><div class=\"mashsb-box\"><div class=\"mashsb-count mash-large\" style=\"float:left\"><div class=\"counts mashsbcount\">25<\/div><span class=\"mashsb-sharetext\">SHARES<\/span><\/div><div class=\"mashsb-buttons\"><a class=\"mashicon-facebook mash-large mash-center mashsb-noshadow\" href=\"https:\/\/www.facebook.com\/sharer.php?u=https%3A%2F%2Fwww.zunoticia.com%2Fnoticias-de-hidalgo%2F2022%2F09%2F26%2Fcuestionan-destino-del-centro-cultural-de-las-huastecas%2F\" target=\"_top\" rel=\"nofollow\"><span class=\"icon\"><\/span><span class=\"text\">Share<\/span><\/a><a class=\"mashicon-twitter mash-large mash-center mashsb-noshadow\" href=\"https:\/\/twitter.com\/intent\/tweet?text=&amp;url=https:\/\/www.zunoticia.com\/noticias-de-hidalgo\/2022\/09\/26\/cuestionan-destino-del-centro-cultural-de-las-huastecas\/\" target=\"_top\" rel=\"nofollow\"><span class=\"icon\"><\/span><span class=\"text\">Tweet<\/span><\/a><div class=\"onoffswitch2 mash-large mashsb-noshadow\" style=\"display:none\"><\/div><\/div>\n            <\/div>\n                <div style=\"clear:both\"><\/div><div class=\"mashsb-toggle-container\"><\/div><\/aside>\n            <!-- Share buttons by mashshare.net - Version: 4.0.47-->\n<p><em>Por Salvador Altamirano\/Zunoticia<\/em><\/p>\n\n\n\n<p><strong>Huejutla, Hgo. &#8211;<\/strong> Habitantes de la poblaci\u00f3n, interesados en el aspecto cultural, preguntan p\u00fablicamente cu\u00e1l ser\u00e1 el destino del edificio en donde funcionar\u00eda el Centro Cultural de las Huastecas \u201cIldefonso Maya Hern\u00e1ndez&#8221;.<\/p>\n\n\n\n<p>Especificaron que, su duda y motivo de pregunta se deriva del reciente anuncio del Gobernador del Estado, Julio Menchaca Salazar, consistente en que se habilitar\u00e1 como Centro cultural la llamada &#8220;casa blanca&#8221;, residencia temporal de ex &#8211; gobernadores.<\/p>\n\n\n\n<p>Martha Alicia G\u00f3mez, inquiri\u00f3 si los dos edificios, propiedad del gobierno del estado, ser\u00e1n espacios de promoci\u00f3n de las bellas artes o el Centro Cultural de las Huastecas, ser\u00e1 un &#8220;elefante blanco&#8221;, culturalmente hablando.<\/p>\n\n\n\n<figure class=\"wp-block-image size-large\"><img fetchpriority=\"high\" decoding=\"async\" width=\"1024\" height=\"576\" src=\"https:\/\/www.zunoticia.com\/noticias-de-hidalgo\/wp-content\/uploads\/2022\/09\/WhatsApp-Image-2022-09-26-at-1.26.00-PM-3-1024x576.jpeg\" alt=\"\" class=\"wp-image-446225\" srcset=\"https:\/\/www.zunoticia.com\/noticias-de-hidalgo\/wp-content\/uploads\/2022\/09\/WhatsApp-Image-2022-09-26-at-1.26.00-PM-3-1024x576.jpeg 1024w, https:\/\/www.zunoticia.com\/noticias-de-hidalgo\/wp-content\/uploads\/2022\/09\/WhatsApp-Image-2022-09-26-at-1.26.00-PM-3-300x169.jpeg 300w, https:\/\/www.zunoticia.com\/noticias-de-hidalgo\/wp-content\/uploads\/2022\/09\/WhatsApp-Image-2022-09-26-at-1.26.00-PM-3-768x432.jpeg 768w, https:\/\/www.zunoticia.com\/noticias-de-hidalgo\/wp-content\/uploads\/2022\/09\/WhatsApp-Image-2022-09-26-at-1.26.00-PM-3-1536x864.jpeg 1536w, https:\/\/www.zunoticia.com\/noticias-de-hidalgo\/wp-content\/uploads\/2022\/09\/WhatsApp-Image-2022-09-26-at-1.26.00-PM-3-1568x882.jpeg 1568w, https:\/\/www.zunoticia.com\/noticias-de-hidalgo\/wp-content\/uploads\/2022\/09\/WhatsApp-Image-2022-09-26-at-1.26.00-PM-3.jpeg 1600w\" sizes=\"(max-width: 1024px) 100vw, 1024px\" \/><figcaption><em>Prevalece incertidumbre en torno al Centro Cultural.<\/em><\/figcaption><\/figure>\n\n\n\n<p>Subray\u00f3 que, de ser inaugurados ambos espacios como centros culturales, ser\u00eda un evento in\u00e9dito en el municipio, ya que el gobierno del estado, en anteriores periodos, no le ha dado prioridad a la cultura en la regi\u00f3n. Y aunado a lo in\u00e9dito -acentu\u00f3-, un gran acierto.<\/p>\n\n\n\n<p>Para concluir, coment\u00f3 que el municipio de Huejutla, y la porci\u00f3n de la huasteca del Estado de Hidalgo en s\u00ed, es un crisol de talentos de las siete facetas del arte, pero hacen falta lugares de desarrollo, sobre todo, apoyo. Porque talentos -asegur\u00f3-, de que los hay, los hay.<\/p>\n","protected":false},"excerpt":{"rendered":"<p>Por Salvador Altamirano\/Zunoticia Huejutla, Hgo. &#8211; Habitantes de la poblaci\u00f3n, interesados en el aspecto cultural, preguntan p\u00fablicamente cu\u00e1l ser\u00e1 el destino del edificio en donde funcionar\u00eda el Centro Cultural de las Huastecas \u201cIldefonso Maya Hern\u00e1ndez&#8221;. Especificaron que, su duda y motivo de pregunta se deriva del reciente anuncio del Gobernador del Estado, Julio Menchaca Salazar,&hellip; <a class=\"more-link\" href=\"https:\/\/www.zunoticia.com\/noticias-de-hidalgo\/2022\/09\/26\/cuestionan-destino-del-centro-cultural-de-las-huastecas\/\">Seguir leyendo <span class=\"screen-reader-text\">Cuestionan destino del Centro Cultural de las Huastecas<\/span><\/a><\/p>\n","protected":false},"author":12,"featured_media":446224,"comment_status":"closed","ping_status":"open","sticky":false,"template":"","format":"standard","meta":{"rop_custom_images_group":[],"rop_custom_messages_group":[],"rop_publish_now":"initial","rop_publish_now_accounts":{"facebook_10159540855086992_322828327761733":""},"rop_publish_now_history":[],"rop_publish_now_status":"pending","footnotes":""},"categories":[181],"tags":[121],"class_list":["post-446223","post","type-post","status-publish","format-standard","has-post-thumbnail","hentry","category-huejutla","tag-huejutla","entry"],"_links":{"self":[{"href":"https:\/\/www.zunoticia.com\/noticias-de-hidalgo\/wp-json\/wp\/v2\/posts\/446223","targetHints":{"allow":["GET"]}}],"collection":[{"href":"https:\/\/www.zunoticia.com\/noticias-de-hidalgo\/wp-json\/wp\/v2\/posts"}],"about":[{"href":"https:\/\/www.zunoticia.com\/noticias-de-hidalgo\/wp-json\/wp\/v2\/types\/post"}],"author":[{"embeddable":true,"href":"https:\/\/www.zunoticia.com\/noticias-de-hidalgo\/wp-json\/wp\/v2\/users\/12"}],"replies":[{"embeddable":true,"href":"https:\/\/www.zunoticia.com\/noticias-de-hidalgo\/wp-json\/wp\/v2\/comments?post=446223"}],"version-history":[{"count":1,"href":"https:\/\/www.zunoticia.com\/noticias-de-hidalgo\/wp-json\/wp\/v2\/posts\/446223\/revisions"}],"predecessor-version":[{"id":446226,"href":"https:\/\/www.zunoticia.com\/noticias-de-hidalgo\/wp-json\/wp\/v2\/posts\/446223\/revisions\/446226"}],"wp:featuredmedia":[{"embeddable":true,"href":"https:\/\/www.zunoticia.com\/noticias-de-hidalgo\/wp-json\/wp\/v2\/media\/446224"}],"wp:attachment":[{"href":"https:\/\/www.zunoticia.com\/noticias-de-hidalgo\/wp-json\/wp\/v2\/media?parent=446223"}],"wp:term":[{"taxonomy":"category","embeddable":true,"href":"https:\/\/www.zunoticia.com\/noticias-de-hidalgo\/wp-json\/wp\/v2\/categories?post=446223"},{"taxonomy":"post_tag","embeddable":true,"href":"https:\/\/www.zunoticia.com\/noticias-de-hidalgo\/wp-json\/wp\/v2\/tags?post=446223"}],"curies":[{"name":"wp","href":"https:\/\/api.w.org\/{rel}","templated":true}]}}