{"id":446227,"date":"2022-09-26T13:31:32","date_gmt":"2022-09-26T18:31:32","guid":{"rendered":"https:\/\/www.zunoticia.com\/noticias-de-hidalgo\/?p=446227"},"modified":"2022-09-26T19:32:15","modified_gmt":"2022-09-27T00:32:15","slug":"se-manifiestan-familiares-de-fallecidos-en-autobus","status":"publish","type":"post","link":"https:\/\/www.zunoticia.com\/noticias-de-hidalgo\/2022\/09\/26\/se-manifiestan-familiares-de-fallecidos-en-autobus\/","title":{"rendered":"Familiares de fallecidos en autob\u00fas piden agilizar para recuperar restos humanos"},"content":{"rendered":"<aside class=\"mashsb-container mashsb-main mashsb-stretched\"><div class=\"mashsb-box\"><div class=\"mashsb-count mash-large\" style=\"float:left\"><div class=\"counts mashsbcount\">25<\/div><span class=\"mashsb-sharetext\">SHARES<\/span><\/div><div class=\"mashsb-buttons\"><a class=\"mashicon-facebook mash-large mash-center mashsb-noshadow\" href=\"https:\/\/www.facebook.com\/sharer.php?u=https%3A%2F%2Fwww.zunoticia.com%2Fnoticias-de-hidalgo%2F2022%2F09%2F26%2Fse-manifiestan-familiares-de-fallecidos-en-autobus%2F\" target=\"_top\" rel=\"nofollow\"><span class=\"icon\"><\/span><span class=\"text\">Share<\/span><\/a><a class=\"mashicon-twitter mash-large mash-center mashsb-noshadow\" href=\"https:\/\/twitter.com\/intent\/tweet?text=&amp;url=https:\/\/www.zunoticia.com\/noticias-de-hidalgo\/2022\/09\/26\/se-manifiestan-familiares-de-fallecidos-en-autobus\/\" target=\"_top\" rel=\"nofollow\"><span class=\"icon\"><\/span><span class=\"text\">Tweet<\/span><\/a><div class=\"onoffswitch2 mash-large mashsb-noshadow\" style=\"display:none\"><\/div><\/div>\n            <\/div>\n                <div style=\"clear:both\"><\/div><div class=\"mashsb-toggle-container\"><\/div><\/aside>\n            <!-- Share buttons by mashshare.net - Version: 4.0.47-->\n<ul class=\"wp-block-list\"><li>Piden agilizar tr\u00e1mites para recuperar los restos de sus seres queridos.<\/li><li>Autoridades explican sobre tr\u00e1mite de identificaci\u00f3n de cuerpos y comprometen respaldo.<\/li><\/ul>\n\n\n\n<p><em>Por Redacci\u00f3n\/Zunoticia<\/em><\/p>\n\n\n\n<p><strong>Huejutla, Hgo.-<\/strong> La ma\u00f1ana de este lunes, familiares de las v\u00edctimas que perdieron la vida en el autob\u00fas accidentado el pasado 10 de septiembre, en la carretera federal Ciudad Victoria-Monterrey, se presentaron en las instalaciones del CAVI y la presidencia municipal para pedir la agilizaci\u00f3n de los tr\u00e1mites para la recuperaci\u00f3n y traslado de los restos de sus seres queridos.<\/p>\n\n\n\n<figure class=\"wp-block-gallery has-nested-images columns-default is-cropped wp-block-gallery-1 is-layout-flex wp-block-gallery-is-layout-flex\">\n<figure class=\"wp-block-image size-large\"><img fetchpriority=\"high\" decoding=\"async\" width=\"909\" height=\"703\" data-id=\"446231\" src=\"https:\/\/www.zunoticia.com\/noticias-de-hidalgo\/wp-content\/uploads\/2022\/09\/WhatsApp-Image-2022-09-26-at-1.10.08-PM-1.jpeg\" alt=\"\" class=\"wp-image-446231\" srcset=\"https:\/\/www.zunoticia.com\/noticias-de-hidalgo\/wp-content\/uploads\/2022\/09\/WhatsApp-Image-2022-09-26-at-1.10.08-PM-1.jpeg 909w, https:\/\/www.zunoticia.com\/noticias-de-hidalgo\/wp-content\/uploads\/2022\/09\/WhatsApp-Image-2022-09-26-at-1.10.08-PM-1-300x232.jpeg 300w, https:\/\/www.zunoticia.com\/noticias-de-hidalgo\/wp-content\/uploads\/2022\/09\/WhatsApp-Image-2022-09-26-at-1.10.08-PM-1-768x594.jpeg 768w\" sizes=\"(max-width: 909px) 100vw, 909px\" \/><\/figure>\n\n\n\n<figure class=\"wp-block-image size-large\"><img decoding=\"async\" width=\"1024\" height=\"576\" data-id=\"446232\" src=\"https:\/\/www.zunoticia.com\/noticias-de-hidalgo\/wp-content\/uploads\/2022\/09\/WhatsApp-Image-2022-09-26-at-1.10.07-PM-3-1024x576.jpeg\" alt=\"\" class=\"wp-image-446232\" srcset=\"https:\/\/www.zunoticia.com\/noticias-de-hidalgo\/wp-content\/uploads\/2022\/09\/WhatsApp-Image-2022-09-26-at-1.10.07-PM-3-1024x576.jpeg 1024w, https:\/\/www.zunoticia.com\/noticias-de-hidalgo\/wp-content\/uploads\/2022\/09\/WhatsApp-Image-2022-09-26-at-1.10.07-PM-3-300x169.jpeg 300w, https:\/\/www.zunoticia.com\/noticias-de-hidalgo\/wp-content\/uploads\/2022\/09\/WhatsApp-Image-2022-09-26-at-1.10.07-PM-3-768x432.jpeg 768w, https:\/\/www.zunoticia.com\/noticias-de-hidalgo\/wp-content\/uploads\/2022\/09\/WhatsApp-Image-2022-09-26-at-1.10.07-PM-3.jpeg 1280w\" sizes=\"(max-width: 1024px) 100vw, 1024px\" \/><\/figure>\n<\/figure>\n\n\n\n<p>Las personas, quienes portaban pancartas, fueron atendidas por el Licenciado Tom\u00e1s Hern\u00e1ndez Mart\u00ednez, coordinador de la Fiscal\u00eda de Delitos Sexuales y Contra la Familia, quien les explic\u00f3 que en base a la informaci\u00f3n de la Fiscal\u00eda General de Justicia del estado de Tamaulipas, en el transcurso de esta semana y probablemente en tres d\u00edas, se realizar\u00e1 la identificaci\u00f3n de los restos y de esta manera podr\u00e1n realizar los tr\u00e1mites para el traslado de sus seres queridos.<\/p>\n\n\n\n<figure class=\"wp-block-gallery has-nested-images columns-default is-cropped wp-block-gallery-2 is-layout-flex wp-block-gallery-is-layout-flex\">\n<figure class=\"wp-block-image size-large\"><img decoding=\"async\" width=\"1024\" height=\"808\" data-id=\"446229\" src=\"https:\/\/www.zunoticia.com\/noticias-de-hidalgo\/wp-content\/uploads\/2022\/09\/WhatsApp-Image-2022-09-26-at-1.10.08-PM-1024x808.jpeg\" alt=\"\" class=\"wp-image-446229\" srcset=\"https:\/\/www.zunoticia.com\/noticias-de-hidalgo\/wp-content\/uploads\/2022\/09\/WhatsApp-Image-2022-09-26-at-1.10.08-PM-1024x808.jpeg 1024w, https:\/\/www.zunoticia.com\/noticias-de-hidalgo\/wp-content\/uploads\/2022\/09\/WhatsApp-Image-2022-09-26-at-1.10.08-PM-300x237.jpeg 300w, https:\/\/www.zunoticia.com\/noticias-de-hidalgo\/wp-content\/uploads\/2022\/09\/WhatsApp-Image-2022-09-26-at-1.10.08-PM-768x606.jpeg 768w, https:\/\/www.zunoticia.com\/noticias-de-hidalgo\/wp-content\/uploads\/2022\/09\/WhatsApp-Image-2022-09-26-at-1.10.08-PM.jpeg 1280w\" sizes=\"(max-width: 1024px) 100vw, 1024px\" \/><\/figure>\n\n\n\n<figure class=\"wp-block-image size-large\"><img loading=\"lazy\" decoding=\"async\" width=\"1024\" height=\"636\" data-id=\"446230\" src=\"https:\/\/www.zunoticia.com\/noticias-de-hidalgo\/wp-content\/uploads\/2022\/09\/WhatsApp-Image-2022-09-26-at-1.10.07-PM-1024x636.jpeg\" alt=\"\" class=\"wp-image-446230\" srcset=\"https:\/\/www.zunoticia.com\/noticias-de-hidalgo\/wp-content\/uploads\/2022\/09\/WhatsApp-Image-2022-09-26-at-1.10.07-PM-1024x636.jpeg 1024w, https:\/\/www.zunoticia.com\/noticias-de-hidalgo\/wp-content\/uploads\/2022\/09\/WhatsApp-Image-2022-09-26-at-1.10.07-PM-300x186.jpeg 300w, https:\/\/www.zunoticia.com\/noticias-de-hidalgo\/wp-content\/uploads\/2022\/09\/WhatsApp-Image-2022-09-26-at-1.10.07-PM-768x477.jpeg 768w, https:\/\/www.zunoticia.com\/noticias-de-hidalgo\/wp-content\/uploads\/2022\/09\/WhatsApp-Image-2022-09-26-at-1.10.07-PM.jpeg 1144w\" sizes=\"(max-width: 1024px) 100vw, 1024px\" \/><\/figure>\n<\/figure>\n\n\n\n<p>Asimismo, el grupo de familiares de v\u00edctimas acudieron a las instalaciones del ayuntamiento local, donde fueron atendidos por el alcalde Daniel Andrade Zurutuza, quien luego de escuchar las peticiones de los familiares de las v\u00edctimas, se comprometi\u00f3 a entregarles un apoyo econ\u00f3mico, haciendo menci\u00f3n que la ayuda es por instrucciones de Julio Menchaca Salazar, gobernador del estado de Hidalgo.<\/p>\n","protected":false},"excerpt":{"rendered":"<p>Piden agilizar tr\u00e1mites para recuperar los restos de sus seres queridos. Autoridades explican sobre tr\u00e1mite de identificaci\u00f3n de cuerpos y comprometen respaldo. Por Redacci\u00f3n\/Zunoticia Huejutla, Hgo.- La ma\u00f1ana de este lunes, familiares de las v\u00edctimas que perdieron la vida en el autob\u00fas accidentado el pasado 10 de septiembre, en la carretera federal Ciudad Victoria-Monterrey, se&hellip; <a class=\"more-link\" href=\"https:\/\/www.zunoticia.com\/noticias-de-hidalgo\/2022\/09\/26\/se-manifiestan-familiares-de-fallecidos-en-autobus\/\">Seguir leyendo <span class=\"screen-reader-text\">Familiares de fallecidos en autob\u00fas piden agilizar para recuperar restos humanos<\/span><\/a><\/p>\n","protected":false},"author":12,"featured_media":446228,"comment_status":"closed","ping_status":"open","sticky":false,"template":"","format":"standard","meta":{"rop_custom_images_group":[],"rop_custom_messages_group":[],"rop_publish_now":"initial","rop_publish_now_accounts":{"facebook_10159540855086992_322828327761733":""},"rop_publish_now_history":[],"rop_publish_now_status":"pending","footnotes":""},"categories":[178],"tags":[121],"class_list":["post-446227","post","type-post","status-publish","format-standard","has-post-thumbnail","hentry","category-policiaca","tag-huejutla","entry"],"_links":{"self":[{"href":"https:\/\/www.zunoticia.com\/noticias-de-hidalgo\/wp-json\/wp\/v2\/posts\/446227","targetHints":{"allow":["GET"]}}],"collection":[{"href":"https:\/\/www.zunoticia.com\/noticias-de-hidalgo\/wp-json\/wp\/v2\/posts"}],"about":[{"href":"https:\/\/www.zunoticia.com\/noticias-de-hidalgo\/wp-json\/wp\/v2\/types\/post"}],"author":[{"embeddable":true,"href":"https:\/\/www.zunoticia.com\/noticias-de-hidalgo\/wp-json\/wp\/v2\/users\/12"}],"replies":[{"embeddable":true,"href":"https:\/\/www.zunoticia.com\/noticias-de-hidalgo\/wp-json\/wp\/v2\/comments?post=446227"}],"version-history":[{"count":2,"href":"https:\/\/www.zunoticia.com\/noticias-de-hidalgo\/wp-json\/wp\/v2\/posts\/446227\/revisions"}],"predecessor-version":[{"id":446321,"href":"https:\/\/www.zunoticia.com\/noticias-de-hidalgo\/wp-json\/wp\/v2\/posts\/446227\/revisions\/446321"}],"wp:featuredmedia":[{"embeddable":true,"href":"https:\/\/www.zunoticia.com\/noticias-de-hidalgo\/wp-json\/wp\/v2\/media\/446228"}],"wp:attachment":[{"href":"https:\/\/www.zunoticia.com\/noticias-de-hidalgo\/wp-json\/wp\/v2\/media?parent=446227"}],"wp:term":[{"taxonomy":"category","embeddable":true,"href":"https:\/\/www.zunoticia.com\/noticias-de-hidalgo\/wp-json\/wp\/v2\/categories?post=446227"},{"taxonomy":"post_tag","embeddable":true,"href":"https:\/\/www.zunoticia.com\/noticias-de-hidalgo\/wp-json\/wp\/v2\/tags?post=446227"}],"curies":[{"name":"wp","href":"https:\/\/api.w.org\/{rel}","templated":true}]}}