{"id":446264,"date":"2022-09-26T16:31:11","date_gmt":"2022-09-26T21:31:11","guid":{"rendered":"https:\/\/www.zunoticia.com\/noticias-de-hidalgo\/?p=446264"},"modified":"2022-09-26T16:31:13","modified_gmt":"2022-09-26T21:31:13","slug":"trailer-quedo-atascado-en-zona-de-deslave","status":"publish","type":"post","link":"https:\/\/www.zunoticia.com\/noticias-de-hidalgo\/2022\/09\/26\/trailer-quedo-atascado-en-zona-de-deslave\/","title":{"rendered":"Tr\u00e1iler qued\u00f3 atascado en zona de deslave"},"content":{"rendered":"<aside class=\"mashsb-container mashsb-main mashsb-stretched\"><div class=\"mashsb-box\"><div class=\"mashsb-count mash-large\" style=\"float:left\"><div class=\"counts mashsbcount\">34<\/div><span class=\"mashsb-sharetext\">SHARES<\/span><\/div><div class=\"mashsb-buttons\"><a class=\"mashicon-facebook mash-large mash-center mashsb-noshadow\" href=\"https:\/\/www.facebook.com\/sharer.php?u=https%3A%2F%2Fwww.zunoticia.com%2Fnoticias-de-hidalgo%2F2022%2F09%2F26%2Ftrailer-quedo-atascado-en-zona-de-deslave%2F\" target=\"_top\" rel=\"nofollow\"><span class=\"icon\"><\/span><span class=\"text\">Share<\/span><\/a><a class=\"mashicon-twitter mash-large mash-center mashsb-noshadow\" href=\"https:\/\/twitter.com\/intent\/tweet?text=&amp;url=https:\/\/www.zunoticia.com\/noticias-de-hidalgo\/2022\/09\/26\/trailer-quedo-atascado-en-zona-de-deslave\/\" target=\"_top\" rel=\"nofollow\"><span class=\"icon\"><\/span><span class=\"text\">Tweet<\/span><\/a><div class=\"onoffswitch2 mash-large mashsb-noshadow\" style=\"display:none\"><\/div><\/div>\n            <\/div>\n                <div style=\"clear:both\"><\/div><div class=\"mashsb-toggle-container\"><\/div><\/aside>\n            <!-- Share buttons by mashshare.net - Version: 4.0.47-->\n<ul class=\"wp-block-list\"><li>El incidente se registr\u00f3 en la carretera estatal Chalchocotipa-Coacuilco.<\/li><\/ul>\n\n\n\n<p><em>Por Redacci\u00f3n\/Zunoticia<\/em><\/p>\n\n\n\n<p><strong>Tlanchinol, Hgo. &#8211;<\/strong> Un tr\u00e1iler que circulaba sobre la carretera estatal Chalchocotipa-Coacuilco, qued\u00f3 atascado al intentar pasar por una zona donde se registr\u00f3 un deslave.<\/p>\n\n\n\n<p>Conductores de veh\u00edculos particulares y del servicio de transporte p\u00fablico, confirmaron que por la gran cantidad de lodo y ramas de \u00e1rboles que hay sobre el asfalto, por el momento no hay circulaci\u00f3n, sin embargo, el conductor de una pesada unidad quiso pasar y se qued\u00f3 varado.<\/p>\n\n\n\n<figure class=\"wp-block-image size-full\"><img fetchpriority=\"high\" decoding=\"async\" width=\"738\" height=\"524\" src=\"https:\/\/www.zunoticia.com\/noticias-de-hidalgo\/wp-content\/uploads\/2022\/09\/WhatsApp-Image-2022-09-26-at-4.03.20-PM-1.jpeg\" alt=\"\" class=\"wp-image-446266\" srcset=\"https:\/\/www.zunoticia.com\/noticias-de-hidalgo\/wp-content\/uploads\/2022\/09\/WhatsApp-Image-2022-09-26-at-4.03.20-PM-1.jpeg 738w, https:\/\/www.zunoticia.com\/noticias-de-hidalgo\/wp-content\/uploads\/2022\/09\/WhatsApp-Image-2022-09-26-at-4.03.20-PM-1-300x213.jpeg 300w\" sizes=\"(max-width: 738px) 100vw, 738px\" \/><\/figure>\n\n\n\n<p>Al sitio acudieron las autoridades polic\u00edacas para auxiliar al operador del tr\u00e1iler, pero no pudieron hacer nada, debido a que hay demasiado lodo y la cinta asf\u00e1ltica est\u00e1 muy resbalosa, por lo que primero tendr\u00e1n que retirar los escombros y de esta manera, la pesada unidad pueda salir de la zona.<\/p>\n","protected":false},"excerpt":{"rendered":"<p>El incidente se registr\u00f3 en la carretera estatal Chalchocotipa-Coacuilco. Por Redacci\u00f3n\/Zunoticia Tlanchinol, Hgo. &#8211; Un tr\u00e1iler que circulaba sobre la carretera estatal Chalchocotipa-Coacuilco, qued\u00f3 atascado al intentar pasar por una zona donde se registr\u00f3 un deslave. Conductores de veh\u00edculos particulares y del servicio de transporte p\u00fablico, confirmaron que por la gran cantidad de lodo y&hellip; <a class=\"more-link\" href=\"https:\/\/www.zunoticia.com\/noticias-de-hidalgo\/2022\/09\/26\/trailer-quedo-atascado-en-zona-de-deslave\/\">Seguir leyendo <span class=\"screen-reader-text\">Tr\u00e1iler qued\u00f3 atascado en zona de deslave<\/span><\/a><\/p>\n","protected":false},"author":12,"featured_media":446265,"comment_status":"closed","ping_status":"open","sticky":false,"template":"","format":"standard","meta":{"rop_custom_images_group":[],"rop_custom_messages_group":[],"rop_publish_now":"initial","rop_publish_now_accounts":{"facebook_10159540855086992_322828327761733":""},"rop_publish_now_history":[],"rop_publish_now_status":"pending","footnotes":""},"categories":[178],"tags":[127],"class_list":["post-446264","post","type-post","status-publish","format-standard","has-post-thumbnail","hentry","category-policiaca","tag-tlanchinol","entry"],"_links":{"self":[{"href":"https:\/\/www.zunoticia.com\/noticias-de-hidalgo\/wp-json\/wp\/v2\/posts\/446264","targetHints":{"allow":["GET"]}}],"collection":[{"href":"https:\/\/www.zunoticia.com\/noticias-de-hidalgo\/wp-json\/wp\/v2\/posts"}],"about":[{"href":"https:\/\/www.zunoticia.com\/noticias-de-hidalgo\/wp-json\/wp\/v2\/types\/post"}],"author":[{"embeddable":true,"href":"https:\/\/www.zunoticia.com\/noticias-de-hidalgo\/wp-json\/wp\/v2\/users\/12"}],"replies":[{"embeddable":true,"href":"https:\/\/www.zunoticia.com\/noticias-de-hidalgo\/wp-json\/wp\/v2\/comments?post=446264"}],"version-history":[{"count":1,"href":"https:\/\/www.zunoticia.com\/noticias-de-hidalgo\/wp-json\/wp\/v2\/posts\/446264\/revisions"}],"predecessor-version":[{"id":446267,"href":"https:\/\/www.zunoticia.com\/noticias-de-hidalgo\/wp-json\/wp\/v2\/posts\/446264\/revisions\/446267"}],"wp:featuredmedia":[{"embeddable":true,"href":"https:\/\/www.zunoticia.com\/noticias-de-hidalgo\/wp-json\/wp\/v2\/media\/446265"}],"wp:attachment":[{"href":"https:\/\/www.zunoticia.com\/noticias-de-hidalgo\/wp-json\/wp\/v2\/media?parent=446264"}],"wp:term":[{"taxonomy":"category","embeddable":true,"href":"https:\/\/www.zunoticia.com\/noticias-de-hidalgo\/wp-json\/wp\/v2\/categories?post=446264"},{"taxonomy":"post_tag","embeddable":true,"href":"https:\/\/www.zunoticia.com\/noticias-de-hidalgo\/wp-json\/wp\/v2\/tags?post=446264"}],"curies":[{"name":"wp","href":"https:\/\/api.w.org\/{rel}","templated":true}]}}