{"id":446269,"date":"2022-09-26T16:43:20","date_gmt":"2022-09-26T21:43:20","guid":{"rendered":"https:\/\/www.zunoticia.com\/noticias-de-hidalgo\/?p=446269"},"modified":"2022-09-26T16:43:22","modified_gmt":"2022-09-26T21:43:22","slug":"representaron-con-nahuatilis-a-jaltocan-en-festival-de-las-huastecas","status":"publish","type":"post","link":"https:\/\/www.zunoticia.com\/noticias-de-hidalgo\/2022\/09\/26\/representaron-con-nahuatilis-a-jaltocan-en-festival-de-las-huastecas\/","title":{"rendered":"Representaron con Nahuatilis a Jaltoc\u00e1n en festival de las huastecas"},"content":{"rendered":"<aside class=\"mashsb-container mashsb-main mashsb-stretched\"><div class=\"mashsb-box\"><div class=\"mashsb-count mash-large\" style=\"float:left\"><div class=\"counts mashsbcount\">18<\/div><span class=\"mashsb-sharetext\">SHARES<\/span><\/div><div class=\"mashsb-buttons\"><a class=\"mashicon-facebook mash-large mash-center mashsb-noshadow\" href=\"https:\/\/www.facebook.com\/sharer.php?u=https%3A%2F%2Fwww.zunoticia.com%2Fnoticias-de-hidalgo%2F2022%2F09%2F26%2Frepresentaron-con-nahuatilis-a-jaltocan-en-festival-de-las-huastecas%2F\" target=\"_top\" rel=\"nofollow\"><span class=\"icon\"><\/span><span class=\"text\">Share<\/span><\/a><a class=\"mashicon-twitter mash-large mash-center mashsb-noshadow\" href=\"https:\/\/twitter.com\/intent\/tweet?text=&amp;url=https:\/\/www.zunoticia.com\/noticias-de-hidalgo\/2022\/09\/26\/representaron-con-nahuatilis-a-jaltocan-en-festival-de-las-huastecas\/\" target=\"_top\" rel=\"nofollow\"><span class=\"icon\"><\/span><span class=\"text\">Tweet<\/span><\/a><div class=\"onoffswitch2 mash-large mashsb-noshadow\" style=\"display:none\"><\/div><\/div>\n            <\/div>\n                <div style=\"clear:both\"><\/div><div class=\"mashsb-toggle-container\"><\/div><\/aside>\n            <!-- Share buttons by mashshare.net - Version: 4.0.47-->\n<p><em>Por \u00c1ngel Silverio\/Zunoticia<\/em><\/p>\n\n\n\n<p><strong>Jaltoc\u00e1n, Hgo. &#8211;<\/strong> En d\u00edas pasados se llev\u00f3 a cabo, en el municipio de Aquism\u00f3n en San Luis Potos\u00ed, el Festival de las huastecas, lugar hasta donde llevaron el tradicional Nahuatilis.<\/p>\n\n\n\n<p>Dicho festival se realiz\u00f3 del 22 al 24 de septiembre, celebrando su edici\u00f3n n\u00famero XXV, el cual tiene como objetivo preservar, difundir y fortalecer la identidad cultural y \u00e9tnica, as\u00ed como la diversidad de expresiones culturales y art\u00edsticas de esta regi\u00f3n milenaria.<\/p>\n\n\n\n<p>Al respecto, el titular de Cultura Isa\u00edas Monta\u00f1o, dijo que, se tuvo todo el apoyo a los artesanos locales para promover sus productos y que se reconozcan las manos trabajadoras del municipio; asimismo fue presentando un grupo de J\u00f3venes que represent\u00f3 el \u201cNauatilis\u201d, siendo esta fiesta, una de las manifestaciones culturales y art\u00edsticas m\u00e1s grandes para el pueblo jaltocanense.<\/p>\n\n\n\n<p>De esta manera, se busca seguir impulsando las tradiciones del municipio y que, a su vez, cuando se lleve a cabo en el municipio, se tenga la visita de turistas que puedan apreciar la cultura y tradici\u00f3n con la que se cuenta en esta demarcaci\u00f3n.<\/p>\n","protected":false},"excerpt":{"rendered":"<p>Por \u00c1ngel Silverio\/Zunoticia Jaltoc\u00e1n, Hgo. &#8211; En d\u00edas pasados se llev\u00f3 a cabo, en el municipio de Aquism\u00f3n en San Luis Potos\u00ed, el Festival de las huastecas, lugar hasta donde llevaron el tradicional Nahuatilis. Dicho festival se realiz\u00f3 del 22 al 24 de septiembre, celebrando su edici\u00f3n n\u00famero XXV, el cual tiene como objetivo preservar,&hellip; <a class=\"more-link\" href=\"https:\/\/www.zunoticia.com\/noticias-de-hidalgo\/2022\/09\/26\/representaron-con-nahuatilis-a-jaltocan-en-festival-de-las-huastecas\/\">Seguir leyendo <span class=\"screen-reader-text\">Representaron con Nahuatilis a Jaltoc\u00e1n en festival de las huastecas<\/span><\/a><\/p>\n","protected":false},"author":12,"featured_media":446270,"comment_status":"closed","ping_status":"open","sticky":false,"template":"","format":"standard","meta":{"rop_custom_images_group":[],"rop_custom_messages_group":[],"rop_publish_now":"initial","rop_publish_now_accounts":{"facebook_10159540855086992_322828327761733":""},"rop_publish_now_history":[],"rop_publish_now_status":"pending","footnotes":""},"categories":[179,200],"tags":[131],"class_list":["post-446269","post","type-post","status-publish","format-standard","has-post-thumbnail","hentry","category-huasteca","category-jaltocan","tag-jaltocan","entry"],"_links":{"self":[{"href":"https:\/\/www.zunoticia.com\/noticias-de-hidalgo\/wp-json\/wp\/v2\/posts\/446269","targetHints":{"allow":["GET"]}}],"collection":[{"href":"https:\/\/www.zunoticia.com\/noticias-de-hidalgo\/wp-json\/wp\/v2\/posts"}],"about":[{"href":"https:\/\/www.zunoticia.com\/noticias-de-hidalgo\/wp-json\/wp\/v2\/types\/post"}],"author":[{"embeddable":true,"href":"https:\/\/www.zunoticia.com\/noticias-de-hidalgo\/wp-json\/wp\/v2\/users\/12"}],"replies":[{"embeddable":true,"href":"https:\/\/www.zunoticia.com\/noticias-de-hidalgo\/wp-json\/wp\/v2\/comments?post=446269"}],"version-history":[{"count":1,"href":"https:\/\/www.zunoticia.com\/noticias-de-hidalgo\/wp-json\/wp\/v2\/posts\/446269\/revisions"}],"predecessor-version":[{"id":446271,"href":"https:\/\/www.zunoticia.com\/noticias-de-hidalgo\/wp-json\/wp\/v2\/posts\/446269\/revisions\/446271"}],"wp:featuredmedia":[{"embeddable":true,"href":"https:\/\/www.zunoticia.com\/noticias-de-hidalgo\/wp-json\/wp\/v2\/media\/446270"}],"wp:attachment":[{"href":"https:\/\/www.zunoticia.com\/noticias-de-hidalgo\/wp-json\/wp\/v2\/media?parent=446269"}],"wp:term":[{"taxonomy":"category","embeddable":true,"href":"https:\/\/www.zunoticia.com\/noticias-de-hidalgo\/wp-json\/wp\/v2\/categories?post=446269"},{"taxonomy":"post_tag","embeddable":true,"href":"https:\/\/www.zunoticia.com\/noticias-de-hidalgo\/wp-json\/wp\/v2\/tags?post=446269"}],"curies":[{"name":"wp","href":"https:\/\/api.w.org\/{rel}","templated":true}]}}