{"id":446272,"date":"2022-09-26T17:07:46","date_gmt":"2022-09-26T22:07:46","guid":{"rendered":"https:\/\/www.zunoticia.com\/noticias-de-hidalgo\/?p=446272"},"modified":"2022-09-26T17:07:48","modified_gmt":"2022-09-26T22:07:48","slug":"orizatlan-en-el-festival-del-pescado-en-acapulco-2022","status":"publish","type":"post","link":"https:\/\/www.zunoticia.com\/noticias-de-hidalgo\/2022\/09\/26\/orizatlan-en-el-festival-del-pescado-en-acapulco-2022\/","title":{"rendered":"Orizatl\u00e1n en el Festival del Pescado en Acapulco 2022"},"content":{"rendered":"<aside class=\"mashsb-container mashsb-main mashsb-stretched\"><div class=\"mashsb-box\"><div class=\"mashsb-count mash-large\" style=\"float:left\"><div class=\"counts mashsbcount\">11<\/div><span class=\"mashsb-sharetext\">SHARES<\/span><\/div><div class=\"mashsb-buttons\"><a class=\"mashicon-facebook mash-large mash-center mashsb-noshadow\" href=\"https:\/\/www.facebook.com\/sharer.php?u=https%3A%2F%2Fwww.zunoticia.com%2Fnoticias-de-hidalgo%2F2022%2F09%2F26%2Forizatlan-en-el-festival-del-pescado-en-acapulco-2022%2F\" target=\"_top\" rel=\"nofollow\"><span class=\"icon\"><\/span><span class=\"text\">Share<\/span><\/a><a class=\"mashicon-twitter mash-large mash-center mashsb-noshadow\" href=\"https:\/\/twitter.com\/intent\/tweet?text=&amp;url=https:\/\/www.zunoticia.com\/noticias-de-hidalgo\/2022\/09\/26\/orizatlan-en-el-festival-del-pescado-en-acapulco-2022\/\" target=\"_top\" rel=\"nofollow\"><span class=\"icon\"><\/span><span class=\"text\">Tweet<\/span><\/a><div class=\"onoffswitch2 mash-large mashsb-noshadow\" style=\"display:none\"><\/div><\/div>\n            <\/div>\n                <div style=\"clear:both\"><\/div><div class=\"mashsb-toggle-container\"><\/div><\/aside>\n            <!-- Share buttons by mashshare.net - Version: 4.0.47-->\n<p><em>Por Redacci\u00f3n\/Zunoticia<\/em><\/p>\n\n\n\n<p><strong>San Felipe Orizatl\u00e1n, Hgo. &#8211;<\/strong> \u201cEl Festival del Pescado a la Talla\u201d es el encuentro gastron\u00f3mico sobre pescado m\u00e1s notable de Guerrero y la edici\u00f3n 2022 tiene como invitado especial al Estado de Hidalgo, donde San Felipe Orizatl\u00e1n tendr\u00e1 una importante participaci\u00f3n, as\u00ed lo declar\u00f3 Lucia Montagnaro Maga\u00f1a, enlace municipal, quien asisti\u00f3 en representaci\u00f3n de la alcaldesa Erika Saab Lara.<\/p>\n\n\n\n<figure class=\"wp-block-image size-large\"><img fetchpriority=\"high\" decoding=\"async\" width=\"1024\" height=\"667\" src=\"https:\/\/www.zunoticia.com\/noticias-de-hidalgo\/wp-content\/uploads\/2022\/09\/WhatsApp-Image-2022-09-26-at-4.39.25-PM-4-1-1024x667.jpeg\" alt=\"\" class=\"wp-image-446275\" srcset=\"https:\/\/www.zunoticia.com\/noticias-de-hidalgo\/wp-content\/uploads\/2022\/09\/WhatsApp-Image-2022-09-26-at-4.39.25-PM-4-1-1024x667.jpeg 1024w, https:\/\/www.zunoticia.com\/noticias-de-hidalgo\/wp-content\/uploads\/2022\/09\/WhatsApp-Image-2022-09-26-at-4.39.25-PM-4-1-300x195.jpeg 300w, https:\/\/www.zunoticia.com\/noticias-de-hidalgo\/wp-content\/uploads\/2022\/09\/WhatsApp-Image-2022-09-26-at-4.39.25-PM-4-1-768x500.jpeg 768w, https:\/\/www.zunoticia.com\/noticias-de-hidalgo\/wp-content\/uploads\/2022\/09\/WhatsApp-Image-2022-09-26-at-4.39.25-PM-4-1.jpeg 1080w\" sizes=\"(max-width: 1024px) 100vw, 1024px\" \/><\/figure>\n\n\n\n<p>En rueda de prensa, realizada en las instalaciones del Centro Cultural del Ferrocarril, encabezada por la Secretaria de Turismo de la entidad, Elizabeth Quintanar G\u00f3mez en compa\u00f1\u00eda de Mar\u00eda Guadalupe Soberanis, subsecretaria de Turismo de Guerrero; David Abarca Rodr\u00edguez, secretario de Turismo municipal de Acapulco; Carlos M\u00e9ndez Tejeda, presidente de la CANIRAC Hidalgo y Ang\u00e9lica Bautista L\u00f3pez, compartieron los pormenores del noveno \u201cFestival del Pescado a la Talla\u201d.<\/p>\n\n\n\n<figure class=\"wp-block-gallery has-nested-images columns-default is-cropped wp-block-gallery-1 is-layout-flex wp-block-gallery-is-layout-flex\">\n<figure class=\"wp-block-image size-large\"><img decoding=\"async\" width=\"1024\" height=\"768\" data-id=\"446276\" src=\"https:\/\/www.zunoticia.com\/noticias-de-hidalgo\/wp-content\/uploads\/2022\/09\/WhatsApp-Image-2022-09-26-at-4.39.25-PM-3-1024x768.jpeg\" alt=\"\" class=\"wp-image-446276\" srcset=\"https:\/\/www.zunoticia.com\/noticias-de-hidalgo\/wp-content\/uploads\/2022\/09\/WhatsApp-Image-2022-09-26-at-4.39.25-PM-3-1024x768.jpeg 1024w, https:\/\/www.zunoticia.com\/noticias-de-hidalgo\/wp-content\/uploads\/2022\/09\/WhatsApp-Image-2022-09-26-at-4.39.25-PM-3-300x225.jpeg 300w, https:\/\/www.zunoticia.com\/noticias-de-hidalgo\/wp-content\/uploads\/2022\/09\/WhatsApp-Image-2022-09-26-at-4.39.25-PM-3-768x576.jpeg 768w, https:\/\/www.zunoticia.com\/noticias-de-hidalgo\/wp-content\/uploads\/2022\/09\/WhatsApp-Image-2022-09-26-at-4.39.25-PM-3.jpeg 1080w\" sizes=\"(max-width: 1024px) 100vw, 1024px\" \/><\/figure>\n\n\n\n<figure class=\"wp-block-image size-large\"><img decoding=\"async\" width=\"1024\" height=\"768\" data-id=\"446277\" src=\"https:\/\/www.zunoticia.com\/noticias-de-hidalgo\/wp-content\/uploads\/2022\/09\/WhatsApp-Image-2022-09-26-at-4.39.25-PM-1-1024x768.jpeg\" alt=\"\" class=\"wp-image-446277\" srcset=\"https:\/\/www.zunoticia.com\/noticias-de-hidalgo\/wp-content\/uploads\/2022\/09\/WhatsApp-Image-2022-09-26-at-4.39.25-PM-1-1024x768.jpeg 1024w, https:\/\/www.zunoticia.com\/noticias-de-hidalgo\/wp-content\/uploads\/2022\/09\/WhatsApp-Image-2022-09-26-at-4.39.25-PM-1-300x225.jpeg 300w, https:\/\/www.zunoticia.com\/noticias-de-hidalgo\/wp-content\/uploads\/2022\/09\/WhatsApp-Image-2022-09-26-at-4.39.25-PM-1-768x576.jpeg 768w, https:\/\/www.zunoticia.com\/noticias-de-hidalgo\/wp-content\/uploads\/2022\/09\/WhatsApp-Image-2022-09-26-at-4.39.25-PM-1-1536x1152.jpeg 1536w, https:\/\/www.zunoticia.com\/noticias-de-hidalgo\/wp-content\/uploads\/2022\/09\/WhatsApp-Image-2022-09-26-at-4.39.25-PM-1-1568x1176.jpeg 1568w, https:\/\/www.zunoticia.com\/noticias-de-hidalgo\/wp-content\/uploads\/2022\/09\/WhatsApp-Image-2022-09-26-at-4.39.25-PM-1.jpeg 1600w\" sizes=\"(max-width: 1024px) 100vw, 1024px\" \/><\/figure>\n<\/figure>\n\n\n\n<p>Quintanar G\u00f3mez destac\u00f3 que se siente contenta de que el hermoso Estado de Hidalgo participar\u00e1 a trav\u00e9s de los municipios que cuentan con sus distintivos &#8220;Pueblos con Sabor&#8221;; que se efectuar\u00e1 el 21 y 22 de octubre.<\/p>\n\n\n\n<p>Por su parte, Montagnaro Maga\u00f1a, mencion\u00f3 que Orizatl\u00e1n ya se encuentra en los preparativos para presentar con orgullo su distintivo, a trav\u00e9s de platillos t\u00edpicos y de gran talento culinario.<\/p>\n\n\n\n<figure class=\"wp-block-image size-large\"><img loading=\"lazy\" decoding=\"async\" width=\"850\" height=\"1024\" src=\"https:\/\/www.zunoticia.com\/noticias-de-hidalgo\/wp-content\/uploads\/2022\/09\/WhatsApp-Image-2022-09-26-at-4.39.25-PM-2-850x1024.jpeg\" alt=\"\" class=\"wp-image-446274\" srcset=\"https:\/\/www.zunoticia.com\/noticias-de-hidalgo\/wp-content\/uploads\/2022\/09\/WhatsApp-Image-2022-09-26-at-4.39.25-PM-2-850x1024.jpeg 850w, https:\/\/www.zunoticia.com\/noticias-de-hidalgo\/wp-content\/uploads\/2022\/09\/WhatsApp-Image-2022-09-26-at-4.39.25-PM-2-249x300.jpeg 249w, https:\/\/www.zunoticia.com\/noticias-de-hidalgo\/wp-content\/uploads\/2022\/09\/WhatsApp-Image-2022-09-26-at-4.39.25-PM-2-768x925.jpeg 768w, https:\/\/www.zunoticia.com\/noticias-de-hidalgo\/wp-content\/uploads\/2022\/09\/WhatsApp-Image-2022-09-26-at-4.39.25-PM-2.jpeg 1063w\" sizes=\"(max-width: 850px) 100vw, 850px\" \/><\/figure>\n\n\n\n<p>El comit\u00e9 organizador destac\u00f3 que el evento contar\u00e1 con diferentes actividades, entre ellas: presentaciones art\u00edsticas, orquesta de Playa Bonfil, conferencia a cargo del hidalguense Carlos Llaca, conferencia a cargo de la chef Susana Palazuelos, muestra gastron\u00f3mica, noche blanca y coctel; adem\u00e1s el juego de loter\u00eda tur\u00edstica; as\u00ed como la firma de convenios entre municipios y empresarios.<\/p>\n","protected":false},"excerpt":{"rendered":"<p>Por Redacci\u00f3n\/Zunoticia San Felipe Orizatl\u00e1n, Hgo. &#8211; \u201cEl Festival del Pescado a la Talla\u201d es el encuentro gastron\u00f3mico sobre pescado m\u00e1s notable de Guerrero y la edici\u00f3n 2022 tiene como invitado especial al Estado de Hidalgo, donde San Felipe Orizatl\u00e1n tendr\u00e1 una importante participaci\u00f3n, as\u00ed lo declar\u00f3 Lucia Montagnaro Maga\u00f1a, enlace municipal, quien asisti\u00f3 en&hellip; <a class=\"more-link\" href=\"https:\/\/www.zunoticia.com\/noticias-de-hidalgo\/2022\/09\/26\/orizatlan-en-el-festival-del-pescado-en-acapulco-2022\/\">Seguir leyendo <span class=\"screen-reader-text\">Orizatl\u00e1n en el Festival del Pescado en Acapulco 2022<\/span><\/a><\/p>\n","protected":false},"author":12,"featured_media":446273,"comment_status":"closed","ping_status":"open","sticky":false,"template":"","format":"standard","meta":{"rop_custom_images_group":[],"rop_custom_messages_group":[],"rop_publish_now":"initial","rop_publish_now_accounts":{"facebook_10159540855086992_322828327761733":""},"rop_publish_now_history":[],"rop_publish_now_status":"pending","footnotes":""},"categories":[180],"tags":[129],"class_list":["post-446272","post","type-post","status-publish","format-standard","has-post-thumbnail","hentry","category-orizatlan","tag-orizatlan","entry"],"_links":{"self":[{"href":"https:\/\/www.zunoticia.com\/noticias-de-hidalgo\/wp-json\/wp\/v2\/posts\/446272","targetHints":{"allow":["GET"]}}],"collection":[{"href":"https:\/\/www.zunoticia.com\/noticias-de-hidalgo\/wp-json\/wp\/v2\/posts"}],"about":[{"href":"https:\/\/www.zunoticia.com\/noticias-de-hidalgo\/wp-json\/wp\/v2\/types\/post"}],"author":[{"embeddable":true,"href":"https:\/\/www.zunoticia.com\/noticias-de-hidalgo\/wp-json\/wp\/v2\/users\/12"}],"replies":[{"embeddable":true,"href":"https:\/\/www.zunoticia.com\/noticias-de-hidalgo\/wp-json\/wp\/v2\/comments?post=446272"}],"version-history":[{"count":1,"href":"https:\/\/www.zunoticia.com\/noticias-de-hidalgo\/wp-json\/wp\/v2\/posts\/446272\/revisions"}],"predecessor-version":[{"id":446278,"href":"https:\/\/www.zunoticia.com\/noticias-de-hidalgo\/wp-json\/wp\/v2\/posts\/446272\/revisions\/446278"}],"wp:featuredmedia":[{"embeddable":true,"href":"https:\/\/www.zunoticia.com\/noticias-de-hidalgo\/wp-json\/wp\/v2\/media\/446273"}],"wp:attachment":[{"href":"https:\/\/www.zunoticia.com\/noticias-de-hidalgo\/wp-json\/wp\/v2\/media?parent=446272"}],"wp:term":[{"taxonomy":"category","embeddable":true,"href":"https:\/\/www.zunoticia.com\/noticias-de-hidalgo\/wp-json\/wp\/v2\/categories?post=446272"},{"taxonomy":"post_tag","embeddable":true,"href":"https:\/\/www.zunoticia.com\/noticias-de-hidalgo\/wp-json\/wp\/v2\/tags?post=446272"}],"curies":[{"name":"wp","href":"https:\/\/api.w.org\/{rel}","templated":true}]}}