{"id":446294,"date":"2022-09-26T17:54:36","date_gmt":"2022-09-26T22:54:36","guid":{"rendered":"https:\/\/www.zunoticia.com\/noticias-de-hidalgo\/?p=446294"},"modified":"2022-09-26T17:54:38","modified_gmt":"2022-09-26T22:54:38","slug":"reestructuracion-en-el-pri-dara-fortaleza-en-varios-aspectos-jfr","status":"publish","type":"post","link":"https:\/\/www.zunoticia.com\/noticias-de-hidalgo\/2022\/09\/26\/reestructuracion-en-el-pri-dara-fortaleza-en-varios-aspectos-jfr\/","title":{"rendered":"Reestructuraci\u00f3n en el PRI dar\u00e1 fortaleza en varios aspectos: JFR"},"content":{"rendered":"<aside class=\"mashsb-container mashsb-main mashsb-stretched\"><div class=\"mashsb-box\"><div class=\"mashsb-count mash-large\" style=\"float:left\"><div class=\"counts mashsbcount\">17<\/div><span class=\"mashsb-sharetext\">SHARES<\/span><\/div><div class=\"mashsb-buttons\"><a class=\"mashicon-facebook mash-large mash-center mashsb-noshadow\" href=\"https:\/\/www.facebook.com\/sharer.php?u=https%3A%2F%2Fwww.zunoticia.com%2Fnoticias-de-hidalgo%2F2022%2F09%2F26%2Freestructuracion-en-el-pri-dara-fortaleza-en-varios-aspectos-jfr%2F\" target=\"_top\" rel=\"nofollow\"><span class=\"icon\"><\/span><span class=\"text\">Share<\/span><\/a><a class=\"mashicon-twitter mash-large mash-center mashsb-noshadow\" href=\"https:\/\/twitter.com\/intent\/tweet?text=&amp;url=https:\/\/www.zunoticia.com\/noticias-de-hidalgo\/2022\/09\/26\/reestructuracion-en-el-pri-dara-fortaleza-en-varios-aspectos-jfr\/\" target=\"_top\" rel=\"nofollow\"><span class=\"icon\"><\/span><span class=\"text\">Tweet<\/span><\/a><div class=\"onoffswitch2 mash-large mashsb-noshadow\" style=\"display:none\"><\/div><\/div>\n            <\/div>\n                <div style=\"clear:both\"><\/div><div class=\"mashsb-toggle-container\"><\/div><\/aside>\n            <!-- Share buttons by mashshare.net - Version: 4.0.47-->\n<p><em>Por Enedino Hern\u00e1ndez\/Zunoticia<\/em><\/p>\n\n\n\n<p><strong>Huejutla, Hgo. &#8211;<\/strong> \u201cPor el momento se realiza una reestructuraci\u00f3n en las filas del Partido Revolucionario Institucional (PRI) el cual de cierta manera dar\u00e1 poco a poco una mayor fortaleza en varios aspectos en el instituto pol\u00edtico\u201d, as\u00ed lo se\u00f1al\u00f3 el expresidente del PRI en Huejutla, Juan Fern\u00e1ndez Rojas.<\/p>\n\n\n\n<p>Dijo que, todo ello se lleva a cabo a efecto de poder platicar con los integrantes de las diversas estructuras y saber qui\u00e9nes quieren seguir trabajando con el instituto pol\u00edtico, pero sobre todo se espera que se realice una renovaci\u00f3n para la estrategia de trabajo, pues se busca regresar a los or\u00edgenes del partido.<\/p>\n\n\n\n<p>En su momento, expone que, se ir\u00e1 a las colonias y comunidades a platicar con la gente, conocer sus problem\u00e1ticas y hacer la gesti\u00f3n correspondiente para tratar de ayudar a los diversos n\u00facleos poblacionales \u201ctenemos que volver a ser los gestores de la gente, conocer su problem\u00e1tica y volver a ganarnos la confianza de todos ellos\u201d.<\/p>\n\n\n\n<p>Indic\u00f3 que, en el PRI siempre se mantienen preparados, sobre todo que no se deja de trabajar; principalmente que todos lo hacen por convicci\u00f3n y lealtad hacia el partido. Adelant\u00f3 la meta del PRI para el 2024 \u201ces recuperar las posiciones de poder para seguir ayudando a la gente, tenemos que lograr los triunfos electorales que nos permitan tener espacios en donde podamos servir y ayudar a la gente\u201d.<\/p>\n\n\n\n<p>Juan Fern\u00e1ndez, se\u00f1al\u00f3 que, en algunas participaciones para las elecciones se buscar\u00e1 la manera de poder irse en coalici\u00f3n con algunas otras instituciones pol\u00edticas \u201cporque la verdad enfrentamos a un partido en el poder, con toda la fuerza que trae es un poco complicado y dif\u00edcil avanzar\u201d.<\/p>\n","protected":false},"excerpt":{"rendered":"<p>Por Enedino Hern\u00e1ndez\/Zunoticia Huejutla, Hgo. &#8211; \u201cPor el momento se realiza una reestructuraci\u00f3n en las filas del Partido Revolucionario Institucional (PRI) el cual de cierta manera dar\u00e1 poco a poco una mayor fortaleza en varios aspectos en el instituto pol\u00edtico\u201d, as\u00ed lo se\u00f1al\u00f3 el expresidente del PRI en Huejutla, Juan Fern\u00e1ndez Rojas. Dijo que, todo&hellip; <a class=\"more-link\" href=\"https:\/\/www.zunoticia.com\/noticias-de-hidalgo\/2022\/09\/26\/reestructuracion-en-el-pri-dara-fortaleza-en-varios-aspectos-jfr\/\">Seguir leyendo <span class=\"screen-reader-text\">Reestructuraci\u00f3n en el PRI dar\u00e1 fortaleza en varios aspectos: JFR<\/span><\/a><\/p>\n","protected":false},"author":12,"featured_media":446295,"comment_status":"closed","ping_status":"open","sticky":false,"template":"","format":"standard","meta":{"rop_custom_images_group":[],"rop_custom_messages_group":[],"rop_publish_now":"initial","rop_publish_now_accounts":{"facebook_10159540855086992_322828327761733":""},"rop_publish_now_history":[],"rop_publish_now_status":"pending","footnotes":""},"categories":[181],"tags":[121],"class_list":["post-446294","post","type-post","status-publish","format-standard","has-post-thumbnail","hentry","category-huejutla","tag-huejutla","entry"],"_links":{"self":[{"href":"https:\/\/www.zunoticia.com\/noticias-de-hidalgo\/wp-json\/wp\/v2\/posts\/446294","targetHints":{"allow":["GET"]}}],"collection":[{"href":"https:\/\/www.zunoticia.com\/noticias-de-hidalgo\/wp-json\/wp\/v2\/posts"}],"about":[{"href":"https:\/\/www.zunoticia.com\/noticias-de-hidalgo\/wp-json\/wp\/v2\/types\/post"}],"author":[{"embeddable":true,"href":"https:\/\/www.zunoticia.com\/noticias-de-hidalgo\/wp-json\/wp\/v2\/users\/12"}],"replies":[{"embeddable":true,"href":"https:\/\/www.zunoticia.com\/noticias-de-hidalgo\/wp-json\/wp\/v2\/comments?post=446294"}],"version-history":[{"count":1,"href":"https:\/\/www.zunoticia.com\/noticias-de-hidalgo\/wp-json\/wp\/v2\/posts\/446294\/revisions"}],"predecessor-version":[{"id":446296,"href":"https:\/\/www.zunoticia.com\/noticias-de-hidalgo\/wp-json\/wp\/v2\/posts\/446294\/revisions\/446296"}],"wp:featuredmedia":[{"embeddable":true,"href":"https:\/\/www.zunoticia.com\/noticias-de-hidalgo\/wp-json\/wp\/v2\/media\/446295"}],"wp:attachment":[{"href":"https:\/\/www.zunoticia.com\/noticias-de-hidalgo\/wp-json\/wp\/v2\/media?parent=446294"}],"wp:term":[{"taxonomy":"category","embeddable":true,"href":"https:\/\/www.zunoticia.com\/noticias-de-hidalgo\/wp-json\/wp\/v2\/categories?post=446294"},{"taxonomy":"post_tag","embeddable":true,"href":"https:\/\/www.zunoticia.com\/noticias-de-hidalgo\/wp-json\/wp\/v2\/tags?post=446294"}],"curies":[{"name":"wp","href":"https:\/\/api.w.org\/{rel}","templated":true}]}}