{"id":446331,"date":"2022-09-26T19:57:58","date_gmt":"2022-09-27T00:57:58","guid":{"rendered":"https:\/\/www.zunoticia.com\/noticias-de-hidalgo\/?p=446331"},"modified":"2022-09-26T19:58:00","modified_gmt":"2022-09-27T00:58:00","slug":"ministeriales-capturaron-a-extesorero-de-chiconamel","status":"publish","type":"post","link":"https:\/\/www.zunoticia.com\/noticias-de-hidalgo\/2022\/09\/26\/ministeriales-capturaron-a-extesorero-de-chiconamel\/","title":{"rendered":"Ministeriales capturaron a extesorero de Chiconamel"},"content":{"rendered":"<aside class=\"mashsb-container mashsb-main mashsb-stretched\"><div class=\"mashsb-box\"><div class=\"mashsb-count mash-large\" style=\"float:left\"><div class=\"counts mashsbcount\">32<\/div><span class=\"mashsb-sharetext\">SHARES<\/span><\/div><div class=\"mashsb-buttons\"><a class=\"mashicon-facebook mash-large mash-center mashsb-noshadow\" href=\"https:\/\/www.facebook.com\/sharer.php?u=https%3A%2F%2Fwww.zunoticia.com%2Fnoticias-de-hidalgo%2F2022%2F09%2F26%2Fministeriales-capturaron-a-extesorero-de-chiconamel%2F\" target=\"_top\" rel=\"nofollow\"><span class=\"icon\"><\/span><span class=\"text\">Share<\/span><\/a><a class=\"mashicon-twitter mash-large mash-center mashsb-noshadow\" href=\"https:\/\/twitter.com\/intent\/tweet?text=&amp;url=https:\/\/www.zunoticia.com\/noticias-de-hidalgo\/2022\/09\/26\/ministeriales-capturaron-a-extesorero-de-chiconamel\/\" target=\"_top\" rel=\"nofollow\"><span class=\"icon\"><\/span><span class=\"text\">Tweet<\/span><\/a><div class=\"onoffswitch2 mash-large mashsb-noshadow\" style=\"display:none\"><\/div><\/div>\n            <\/div>\n                <div style=\"clear:both\"><\/div><div class=\"mashsb-toggle-container\"><\/div><\/aside>\n            <!-- Share buttons by mashshare.net - Version: 4.0.47-->\n<p><em>Por Redacci\u00f3n\/Zunoticia<\/em><\/p>\n\n\n\n<p><strong>Chiconamel, Ver.-<\/strong> Al ser se\u00f1alado como probable responsable de los delitos de desv\u00edo de recursos y abuso de autoridad, detienen e ingresan al CERESO al extesorero de este municipio.<\/p>\n\n\n\n<p>El imputado fue requerido por la autoridad judicial mediante una orden de aprehensi\u00f3n que fue cumplimentada por agentes de la Polic\u00eda Ministerial la tarde del domingo en P\u00e1nuco, Veracruz.<\/p>\n\n\n\n<p>Fuentes ministeriales dieron a conocer que es la segunda vez que el exfuncionario pisa la c\u00e1rcel, ya que en el a\u00f1o 2011 se le inici\u00f3 un proceso penal, pero en ese entonces logr\u00f3 ampararse y sali\u00f3 libre, sin embargo, el Organismo de Fiscalizaci\u00f3n Superior (ORFIS), nuevamente lo requiri\u00f3.<\/p>\n\n\n\n<p>El ahora reo del CERESO regional de Tantoyuca, Veracruz, fue puesto a disposici\u00f3n de un Juez de Control, quien determinar\u00e1 su situaci\u00f3n legal dentro del t\u00e9rmino que establece la ley.<\/p>\n","protected":false},"excerpt":{"rendered":"<p>Por Redacci\u00f3n\/Zunoticia Chiconamel, Ver.- Al ser se\u00f1alado como probable responsable de los delitos de desv\u00edo de recursos y abuso de autoridad, detienen e ingresan al CERESO al extesorero de este municipio. El imputado fue requerido por la autoridad judicial mediante una orden de aprehensi\u00f3n que fue cumplimentada por agentes de la Polic\u00eda Ministerial la tarde&hellip; <a class=\"more-link\" href=\"https:\/\/www.zunoticia.com\/noticias-de-hidalgo\/2022\/09\/26\/ministeriales-capturaron-a-extesorero-de-chiconamel\/\">Seguir leyendo <span class=\"screen-reader-text\">Ministeriales capturaron a extesorero de Chiconamel<\/span><\/a><\/p>\n","protected":false},"author":12,"featured_media":446329,"comment_status":"closed","ping_status":"open","sticky":false,"template":"","format":"standard","meta":{"rop_custom_images_group":[],"rop_custom_messages_group":[],"rop_publish_now":"initial","rop_publish_now_accounts":{"facebook_10159540855086992_322828327761733":""},"rop_publish_now_history":[],"rop_publish_now_status":"pending","footnotes":""},"categories":[178],"tags":[259],"class_list":["post-446331","post","type-post","status-publish","format-standard","has-post-thumbnail","hentry","category-policiaca","tag-policiaca","entry"],"_links":{"self":[{"href":"https:\/\/www.zunoticia.com\/noticias-de-hidalgo\/wp-json\/wp\/v2\/posts\/446331","targetHints":{"allow":["GET"]}}],"collection":[{"href":"https:\/\/www.zunoticia.com\/noticias-de-hidalgo\/wp-json\/wp\/v2\/posts"}],"about":[{"href":"https:\/\/www.zunoticia.com\/noticias-de-hidalgo\/wp-json\/wp\/v2\/types\/post"}],"author":[{"embeddable":true,"href":"https:\/\/www.zunoticia.com\/noticias-de-hidalgo\/wp-json\/wp\/v2\/users\/12"}],"replies":[{"embeddable":true,"href":"https:\/\/www.zunoticia.com\/noticias-de-hidalgo\/wp-json\/wp\/v2\/comments?post=446331"}],"version-history":[{"count":1,"href":"https:\/\/www.zunoticia.com\/noticias-de-hidalgo\/wp-json\/wp\/v2\/posts\/446331\/revisions"}],"predecessor-version":[{"id":446332,"href":"https:\/\/www.zunoticia.com\/noticias-de-hidalgo\/wp-json\/wp\/v2\/posts\/446331\/revisions\/446332"}],"wp:featuredmedia":[{"embeddable":true,"href":"https:\/\/www.zunoticia.com\/noticias-de-hidalgo\/wp-json\/wp\/v2\/media\/446329"}],"wp:attachment":[{"href":"https:\/\/www.zunoticia.com\/noticias-de-hidalgo\/wp-json\/wp\/v2\/media?parent=446331"}],"wp:term":[{"taxonomy":"category","embeddable":true,"href":"https:\/\/www.zunoticia.com\/noticias-de-hidalgo\/wp-json\/wp\/v2\/categories?post=446331"},{"taxonomy":"post_tag","embeddable":true,"href":"https:\/\/www.zunoticia.com\/noticias-de-hidalgo\/wp-json\/wp\/v2\/tags?post=446331"}],"curies":[{"name":"wp","href":"https:\/\/api.w.org\/{rel}","templated":true}]}}