{"id":446372,"date":"2022-09-26T23:06:47","date_gmt":"2022-09-27T04:06:47","guid":{"rendered":"https:\/\/www.zunoticia.com\/noticias-de-hidalgo\/?p=446372"},"modified":"2022-09-26T23:06:49","modified_gmt":"2022-09-27T04:06:49","slug":"motociclista-choco-con-combi","status":"publish","type":"post","link":"https:\/\/www.zunoticia.com\/noticias-de-hidalgo\/2022\/09\/26\/motociclista-choco-con-combi\/","title":{"rendered":"Motociclista choc\u00f3 con combi"},"content":{"rendered":"<aside class=\"mashsb-container mashsb-main mashsb-stretched\"><div class=\"mashsb-box\"><div class=\"mashsb-count mash-large\" style=\"float:left\"><div class=\"counts mashsbcount\">43<\/div><span class=\"mashsb-sharetext\">SHARES<\/span><\/div><div class=\"mashsb-buttons\"><a class=\"mashicon-facebook mash-large mash-center mashsb-noshadow\" href=\"https:\/\/www.facebook.com\/sharer.php?u=https%3A%2F%2Fwww.zunoticia.com%2Fnoticias-de-hidalgo%2F2022%2F09%2F26%2Fmotociclista-choco-con-combi%2F\" target=\"_top\" rel=\"nofollow\"><span class=\"icon\"><\/span><span class=\"text\">Share<\/span><\/a><a class=\"mashicon-twitter mash-large mash-center mashsb-noshadow\" href=\"https:\/\/twitter.com\/intent\/tweet?text=&amp;url=https:\/\/www.zunoticia.com\/noticias-de-hidalgo\/2022\/09\/26\/motociclista-choco-con-combi\/\" target=\"_top\" rel=\"nofollow\"><span class=\"icon\"><\/span><span class=\"text\">Tweet<\/span><\/a><div class=\"onoffswitch2 mash-large mashsb-noshadow\" style=\"display:none\"><\/div><\/div>\n            <\/div>\n                <div style=\"clear:both\"><\/div><div class=\"mashsb-toggle-container\"><\/div><\/aside>\n            <!-- Share buttons by mashshare.net - Version: 4.0.47-->\n<p><em>Por Redacci\u00f3n\/Zunoticia<\/em><\/p>\n\n\n\n<p><strong>Huejutla, Hgo.-<\/strong> Una persona del sexo masculino que circulaba a bordo de su motocicleta termin\u00f3 impactado presuntamente por alcance contra un veh\u00edculo del transporte p\u00fablico.<\/p>\n\n\n\n<p>Los hechos ocurrieron durante el transcurso del lunes sobre la carretera Huejutla -Macuxtepetla a la altura de la comunidad de Tlalzintla perteneciente al municipio de Huejutla, cuando fue reportado un accidente, donde el conductor de una motocicleta se hab\u00eda impactado por alcance contra una combi de la ruta Huejutla &#8211; Palzoquiapa.<\/p>\n\n\n\n<p>Los involucrados comenzaron una discusi\u00f3n en el lugar donde afortunadamente no se encontraban personas lesionadas; sin embargo, tras varios minutos, lograron llegar a un acuerdo para la reparaci\u00f3n de da\u00f1os materiales.<\/p>\n\n\n\n<p>Asimismo, de este percance, ninguna autoridad tom\u00f3 conocimiento, por lo que posteriormente los conductores se retiraron del lugar para evitar entorpecer la vialidad de los dem\u00e1s automovilistas.<\/p>\n","protected":false},"excerpt":{"rendered":"<p>Por Redacci\u00f3n\/Zunoticia Huejutla, Hgo.- Una persona del sexo masculino que circulaba a bordo de su motocicleta termin\u00f3 impactado presuntamente por alcance contra un veh\u00edculo del transporte p\u00fablico. Los hechos ocurrieron durante el transcurso del lunes sobre la carretera Huejutla -Macuxtepetla a la altura de la comunidad de Tlalzintla perteneciente al municipio de Huejutla, cuando fue&hellip; <a class=\"more-link\" href=\"https:\/\/www.zunoticia.com\/noticias-de-hidalgo\/2022\/09\/26\/motociclista-choco-con-combi\/\">Seguir leyendo <span class=\"screen-reader-text\">Motociclista choc\u00f3 con combi<\/span><\/a><\/p>\n","protected":false},"author":12,"featured_media":446327,"comment_status":"closed","ping_status":"open","sticky":false,"template":"","format":"standard","meta":{"rop_custom_images_group":[],"rop_custom_messages_group":[],"rop_publish_now":"initial","rop_publish_now_accounts":{"facebook_10159540855086992_322828327761733":""},"rop_publish_now_history":[],"rop_publish_now_status":"pending","footnotes":""},"categories":[178],"tags":[259],"class_list":["post-446372","post","type-post","status-publish","format-standard","has-post-thumbnail","hentry","category-policiaca","tag-policiaca","entry"],"_links":{"self":[{"href":"https:\/\/www.zunoticia.com\/noticias-de-hidalgo\/wp-json\/wp\/v2\/posts\/446372","targetHints":{"allow":["GET"]}}],"collection":[{"href":"https:\/\/www.zunoticia.com\/noticias-de-hidalgo\/wp-json\/wp\/v2\/posts"}],"about":[{"href":"https:\/\/www.zunoticia.com\/noticias-de-hidalgo\/wp-json\/wp\/v2\/types\/post"}],"author":[{"embeddable":true,"href":"https:\/\/www.zunoticia.com\/noticias-de-hidalgo\/wp-json\/wp\/v2\/users\/12"}],"replies":[{"embeddable":true,"href":"https:\/\/www.zunoticia.com\/noticias-de-hidalgo\/wp-json\/wp\/v2\/comments?post=446372"}],"version-history":[{"count":1,"href":"https:\/\/www.zunoticia.com\/noticias-de-hidalgo\/wp-json\/wp\/v2\/posts\/446372\/revisions"}],"predecessor-version":[{"id":446373,"href":"https:\/\/www.zunoticia.com\/noticias-de-hidalgo\/wp-json\/wp\/v2\/posts\/446372\/revisions\/446373"}],"wp:featuredmedia":[{"embeddable":true,"href":"https:\/\/www.zunoticia.com\/noticias-de-hidalgo\/wp-json\/wp\/v2\/media\/446327"}],"wp:attachment":[{"href":"https:\/\/www.zunoticia.com\/noticias-de-hidalgo\/wp-json\/wp\/v2\/media?parent=446372"}],"wp:term":[{"taxonomy":"category","embeddable":true,"href":"https:\/\/www.zunoticia.com\/noticias-de-hidalgo\/wp-json\/wp\/v2\/categories?post=446372"},{"taxonomy":"post_tag","embeddable":true,"href":"https:\/\/www.zunoticia.com\/noticias-de-hidalgo\/wp-json\/wp\/v2\/tags?post=446372"}],"curies":[{"name":"wp","href":"https:\/\/api.w.org\/{rel}","templated":true}]}}