{"id":446864,"date":"2022-09-29T15:48:27","date_gmt":"2022-09-29T20:48:27","guid":{"rendered":"https:\/\/www.zunoticia.com\/noticias-de-hidalgo\/?p=446864"},"modified":"2022-09-29T15:48:29","modified_gmt":"2022-09-29T20:48:29","slug":"realizan-primera-ofrenda-del-inicio-del-mijkailuitl","status":"publish","type":"post","link":"https:\/\/www.zunoticia.com\/noticias-de-hidalgo\/2022\/09\/29\/realizan-primera-ofrenda-del-inicio-del-mijkailuitl\/","title":{"rendered":"Realizan primera ofrenda del inicio del Mijkailuitl"},"content":{"rendered":"<aside class=\"mashsb-container mashsb-main mashsb-stretched\"><div class=\"mashsb-box\"><div class=\"mashsb-count mash-large\" style=\"float:left\"><div class=\"counts mashsbcount\">12<\/div><span class=\"mashsb-sharetext\">SHARES<\/span><\/div><div class=\"mashsb-buttons\"><a class=\"mashicon-facebook mash-large mash-center mashsb-noshadow\" href=\"https:\/\/www.facebook.com\/sharer.php?u=https%3A%2F%2Fwww.zunoticia.com%2Fnoticias-de-hidalgo%2F2022%2F09%2F29%2Frealizan-primera-ofrenda-del-inicio-del-mijkailuitl%2F\" target=\"_top\" rel=\"nofollow\"><span class=\"icon\"><\/span><span class=\"text\">Share<\/span><\/a><a class=\"mashicon-twitter mash-large mash-center mashsb-noshadow\" href=\"https:\/\/twitter.com\/intent\/tweet?text=&amp;url=https:\/\/www.zunoticia.com\/noticias-de-hidalgo\/2022\/09\/29\/realizan-primera-ofrenda-del-inicio-del-mijkailuitl\/\" target=\"_top\" rel=\"nofollow\"><span class=\"icon\"><\/span><span class=\"text\">Tweet<\/span><\/a><div class=\"onoffswitch2 mash-large mashsb-noshadow\" style=\"display:none\"><\/div><\/div>\n            <\/div>\n                <div style=\"clear:both\"><\/div><div class=\"mashsb-toggle-container\"><\/div><\/aside>\n            <!-- Share buttons by mashshare.net - Version: 4.0.47-->\n<p><em>Por \u00c1ngel Silverio\/Zunoticia<\/em><\/p>\n\n\n\n<p><strong>Jaltoc\u00e1n, Hgo. &#8211;<\/strong> Con una gran algarab\u00eda, este jueves se llev\u00f3 a cabo la primera ofrenda en honor a San Miguel, con lo cual da inicio el llamado Mijkailuitl, prepar\u00e1ndose as\u00ed para las fiestas del xantolo.<\/p>\n\n\n\n<p>Fue en la explanada del palacio municipal, donde se realiz\u00f3 la primera ofrenda, se dieron cita los habitantes y autoridades, quienes al son del viol\u00edn, jarana y guitarra, ofrendaron los primeros tamales, chocolate, caf\u00e9 y pan.<\/p>\n\n\n\n<figure class=\"wp-block-image size-large\"><img fetchpriority=\"high\" decoding=\"async\" width=\"1024\" height=\"461\" src=\"https:\/\/www.zunoticia.com\/noticias-de-hidalgo\/wp-content\/uploads\/2022\/09\/WhatsApp-Image-2022-09-29-at-3.33.18-PM-2-1024x461.jpeg\" alt=\"\" class=\"wp-image-446866\" srcset=\"https:\/\/www.zunoticia.com\/noticias-de-hidalgo\/wp-content\/uploads\/2022\/09\/WhatsApp-Image-2022-09-29-at-3.33.18-PM-2-1024x461.jpeg 1024w, https:\/\/www.zunoticia.com\/noticias-de-hidalgo\/wp-content\/uploads\/2022\/09\/WhatsApp-Image-2022-09-29-at-3.33.18-PM-2-300x135.jpeg 300w, https:\/\/www.zunoticia.com\/noticias-de-hidalgo\/wp-content\/uploads\/2022\/09\/WhatsApp-Image-2022-09-29-at-3.33.18-PM-2-768x346.jpeg 768w, https:\/\/www.zunoticia.com\/noticias-de-hidalgo\/wp-content\/uploads\/2022\/09\/WhatsApp-Image-2022-09-29-at-3.33.18-PM-2-1536x691.jpeg 1536w, https:\/\/www.zunoticia.com\/noticias-de-hidalgo\/wp-content\/uploads\/2022\/09\/WhatsApp-Image-2022-09-29-at-3.33.18-PM-2-1568x706.jpeg 1568w, https:\/\/www.zunoticia.com\/noticias-de-hidalgo\/wp-content\/uploads\/2022\/09\/WhatsApp-Image-2022-09-29-at-3.33.18-PM-2.jpeg 1600w\" sizes=\"(max-width: 1024px) 100vw, 1024px\" \/><\/figure>\n\n\n\n<p>Al respecto, el profesor Felipe Amador Rivera del Concejo Cultural Xaltokaj, explic\u00f3 que, con esta primera ofrenda, los dioses del inframundo abren las puertas del Mictl\u00e1n, al mundo de los vivos, siendo este 29 de septiembre la primera ofrenda de 7, ofreci\u00e9ndose esta \u00faltima el d\u00eda 30 de noviembre.<\/p>\n\n\n\n<p>De esta manera, se preparan ya las familias para vivir la fiesta m\u00e1s grande y representativa de la huasteca, como es el Mijkailuitl y el Xantolo, por lo que esta vez piensan hacerlo en grande, luego de tres a\u00f1os de pandemia.<\/p>\n","protected":false},"excerpt":{"rendered":"<p>Por \u00c1ngel Silverio\/Zunoticia Jaltoc\u00e1n, Hgo. &#8211; Con una gran algarab\u00eda, este jueves se llev\u00f3 a cabo la primera ofrenda en honor a San Miguel, con lo cual da inicio el llamado Mijkailuitl, prepar\u00e1ndose as\u00ed para las fiestas del xantolo. Fue en la explanada del palacio municipal, donde se realiz\u00f3 la primera ofrenda, se dieron cita&hellip; <a class=\"more-link\" href=\"https:\/\/www.zunoticia.com\/noticias-de-hidalgo\/2022\/09\/29\/realizan-primera-ofrenda-del-inicio-del-mijkailuitl\/\">Seguir leyendo <span class=\"screen-reader-text\">Realizan primera ofrenda del inicio del Mijkailuitl<\/span><\/a><\/p>\n","protected":false},"author":12,"featured_media":446865,"comment_status":"closed","ping_status":"open","sticky":false,"template":"","format":"standard","meta":{"rop_custom_images_group":[],"rop_custom_messages_group":[],"rop_publish_now":"initial","rop_publish_now_accounts":{"facebook_10159540855086992_322828327761733":""},"rop_publish_now_history":[],"rop_publish_now_status":"pending","footnotes":""},"categories":[179,200],"tags":[131],"class_list":["post-446864","post","type-post","status-publish","format-standard","has-post-thumbnail","hentry","category-huasteca","category-jaltocan","tag-jaltocan","entry"],"_links":{"self":[{"href":"https:\/\/www.zunoticia.com\/noticias-de-hidalgo\/wp-json\/wp\/v2\/posts\/446864","targetHints":{"allow":["GET"]}}],"collection":[{"href":"https:\/\/www.zunoticia.com\/noticias-de-hidalgo\/wp-json\/wp\/v2\/posts"}],"about":[{"href":"https:\/\/www.zunoticia.com\/noticias-de-hidalgo\/wp-json\/wp\/v2\/types\/post"}],"author":[{"embeddable":true,"href":"https:\/\/www.zunoticia.com\/noticias-de-hidalgo\/wp-json\/wp\/v2\/users\/12"}],"replies":[{"embeddable":true,"href":"https:\/\/www.zunoticia.com\/noticias-de-hidalgo\/wp-json\/wp\/v2\/comments?post=446864"}],"version-history":[{"count":1,"href":"https:\/\/www.zunoticia.com\/noticias-de-hidalgo\/wp-json\/wp\/v2\/posts\/446864\/revisions"}],"predecessor-version":[{"id":446867,"href":"https:\/\/www.zunoticia.com\/noticias-de-hidalgo\/wp-json\/wp\/v2\/posts\/446864\/revisions\/446867"}],"wp:featuredmedia":[{"embeddable":true,"href":"https:\/\/www.zunoticia.com\/noticias-de-hidalgo\/wp-json\/wp\/v2\/media\/446865"}],"wp:attachment":[{"href":"https:\/\/www.zunoticia.com\/noticias-de-hidalgo\/wp-json\/wp\/v2\/media?parent=446864"}],"wp:term":[{"taxonomy":"category","embeddable":true,"href":"https:\/\/www.zunoticia.com\/noticias-de-hidalgo\/wp-json\/wp\/v2\/categories?post=446864"},{"taxonomy":"post_tag","embeddable":true,"href":"https:\/\/www.zunoticia.com\/noticias-de-hidalgo\/wp-json\/wp\/v2\/tags?post=446864"}],"curies":[{"name":"wp","href":"https:\/\/api.w.org\/{rel}","templated":true}]}}