{"id":447001,"date":"2022-09-30T10:49:16","date_gmt":"2022-09-30T15:49:16","guid":{"rendered":"https:\/\/www.zunoticia.com\/noticias-de-hidalgo\/?p=447001"},"modified":"2022-09-30T11:49:26","modified_gmt":"2022-09-30T16:49:26","slug":"447001","status":"publish","type":"post","link":"https:\/\/www.zunoticia.com\/noticias-de-hidalgo\/2022\/09\/30\/447001\/","title":{"rendered":"Manuel Nochebuena, nuevo P\u00e1rroco de Yatip\u00e1n"},"content":{"rendered":"<aside class=\"mashsb-container mashsb-main mashsb-stretched\"><div class=\"mashsb-box\"><div class=\"mashsb-count mash-large\" style=\"float:left\"><div class=\"counts mashsbcount\">58<\/div><span class=\"mashsb-sharetext\">SHARES<\/span><\/div><div class=\"mashsb-buttons\"><a class=\"mashicon-facebook mash-large mash-center mashsb-noshadow\" href=\"https:\/\/www.facebook.com\/sharer.php?u=https%3A%2F%2Fwww.zunoticia.com%2Fnoticias-de-hidalgo%2F2022%2F09%2F30%2F447001%2F\" target=\"_top\" rel=\"nofollow\"><span class=\"icon\"><\/span><span class=\"text\">Share<\/span><\/a><a class=\"mashicon-twitter mash-large mash-center mashsb-noshadow\" href=\"https:\/\/twitter.com\/intent\/tweet?text=&amp;url=https:\/\/www.zunoticia.com\/noticias-de-hidalgo\/2022\/09\/30\/447001\/\" target=\"_top\" rel=\"nofollow\"><span class=\"icon\"><\/span><span class=\"text\">Tweet<\/span><\/a><div class=\"onoffswitch2 mash-large mashsb-noshadow\" style=\"display:none\"><\/div><\/div>\n            <\/div>\n                <div style=\"clear:both\"><\/div><div class=\"mashsb-toggle-container\"><\/div><\/aside>\n            <!-- Share buttons by mashshare.net - Version: 4.0.47-->\n<p><em>Por Enedino Hern\u00e1ndez\/Zunoticia<\/em><\/p>\n\n\n\n<p><strong>Huejutla, Hgo. &#8211;<\/strong> El Obispo de la Di\u00f3cesis de Huejutla de Reyes, Jos\u00e9 Hir\u00e1is Acosta Beltr\u00e1n, present\u00f3 de manera oficial a Manuel Nochebuena como nuevo P\u00e1rroco de Yatip\u00e1n en el municipio de Tianguistengo.<\/p>\n\n\n\n<p>La presentaci\u00f3n del nuevo P\u00e1rroco se llev\u00f3 a cabo en el transcurso del d\u00eda jueves 29 de septiembre, en donde se cont\u00f3 con la presencia de un buen n\u00famero de Sacerdotes y fieles cat\u00f3licos.<\/p>\n\n\n\n<figure class=\"wp-block-gallery has-nested-images columns-default is-cropped wp-block-gallery-1 is-layout-flex wp-block-gallery-is-layout-flex\">\n<figure class=\"wp-block-image size-large\"><img fetchpriority=\"high\" decoding=\"async\" width=\"720\" height=\"540\" data-id=\"447018\" src=\"https:\/\/www.zunoticia.com\/noticias-de-hidalgo\/wp-content\/uploads\/2022\/09\/WhatsApp-Image-2022-09-30-at-11.36.09-AM-1.jpeg\" alt=\"\" class=\"wp-image-447018\" srcset=\"https:\/\/www.zunoticia.com\/noticias-de-hidalgo\/wp-content\/uploads\/2022\/09\/WhatsApp-Image-2022-09-30-at-11.36.09-AM-1.jpeg 720w, https:\/\/www.zunoticia.com\/noticias-de-hidalgo\/wp-content\/uploads\/2022\/09\/WhatsApp-Image-2022-09-30-at-11.36.09-AM-1-300x225.jpeg 300w\" sizes=\"(max-width: 720px) 100vw, 720px\" \/><\/figure>\n<\/figure>\n\n\n\n<p>La comunidad cat\u00f3lica de la Parroquia \u201cNuestra Se\u00f1ora de Guadalupe\u201d, de Yatip\u00e1n, en el municipio de Tianguistengo, recibi\u00f3 a su nuevo pastor, el padre Manuel Nochebuena, quien habr\u00e1 de continuar con el trabajo religioso correspondiente.<\/p>\n\n\n\n<p>Manuel Nochebuena, se desempe\u00f1aba anteriormente en el cargo como Vicario de la Parroquia \u201cSan Pedro Ap\u00f3stol\u201d, en Chapulhuac\u00e1n, Hidalgo.&nbsp;<\/p>\n\n\n\n<figure class=\"wp-block-image size-full\"><img decoding=\"async\" width=\"720\" height=\"540\" src=\"https:\/\/www.zunoticia.com\/noticias-de-hidalgo\/wp-content\/uploads\/2022\/09\/WhatsApp-Image-2022-09-30-at-11.36.09-AM.jpeg\" alt=\"\" class=\"wp-image-447019\" srcset=\"https:\/\/www.zunoticia.com\/noticias-de-hidalgo\/wp-content\/uploads\/2022\/09\/WhatsApp-Image-2022-09-30-at-11.36.09-AM.jpeg 720w, https:\/\/www.zunoticia.com\/noticias-de-hidalgo\/wp-content\/uploads\/2022\/09\/WhatsApp-Image-2022-09-30-at-11.36.09-AM-300x225.jpeg 300w\" sizes=\"(max-width: 720px) 100vw, 720px\" \/><\/figure>\n\n\n\n<p>Es importante se\u00f1alar que la misa de toma de posesi\u00f3n fue presidida por el Obispo Jos\u00e9 Hir\u00e1is Acosta Beltr\u00e1n, concelebraci\u00f3n eucar\u00edstica en la cual fue acompa\u00f1ado por Sacerdotes, seminaristas, religiosas, feligreses de Chapulhuac\u00e1n, agentes de Pastoral y la comunidad cristiana de Yatip\u00e1n.<\/p>\n\n\n\n<figure class=\"wp-block-image size-full\"><img decoding=\"async\" width=\"720\" height=\"540\" src=\"https:\/\/www.zunoticia.com\/noticias-de-hidalgo\/wp-content\/uploads\/2022\/09\/WhatsApp-Image-2022-09-30-at-11.36.09-AM-2.jpeg\" alt=\"\" class=\"wp-image-447017\" srcset=\"https:\/\/www.zunoticia.com\/noticias-de-hidalgo\/wp-content\/uploads\/2022\/09\/WhatsApp-Image-2022-09-30-at-11.36.09-AM-2.jpeg 720w, https:\/\/www.zunoticia.com\/noticias-de-hidalgo\/wp-content\/uploads\/2022\/09\/WhatsApp-Image-2022-09-30-at-11.36.09-AM-2-300x225.jpeg 300w\" sizes=\"(max-width: 720px) 100vw, 720px\" \/><\/figure>\n\n\n\n<p>En esta concelebraci\u00f3n eucar\u00edstica tambi\u00e9n se agradeci\u00f3 el servicio del padre Gudelio, quien colabor\u00f3 en este lugar como P\u00e1rroco y actualmente se encuentra en Tlanchinol.<\/p>\n\n\n\n<p><\/p>\n","protected":false},"excerpt":{"rendered":"<p>Por Enedino Hern\u00e1ndez\/Zunoticia Huejutla, Hgo. &#8211; El Obispo de la Di\u00f3cesis de Huejutla de Reyes, Jos\u00e9 Hir\u00e1is Acosta Beltr\u00e1n, present\u00f3 de manera oficial a Manuel Nochebuena como nuevo P\u00e1rroco de Yatip\u00e1n en el municipio de Tianguistengo. La presentaci\u00f3n del nuevo P\u00e1rroco se llev\u00f3 a cabo en el transcurso del d\u00eda jueves 29 de septiembre, en&hellip; <a class=\"more-link\" href=\"https:\/\/www.zunoticia.com\/noticias-de-hidalgo\/2022\/09\/30\/447001\/\">Seguir leyendo <span class=\"screen-reader-text\">Manuel Nochebuena, nuevo P\u00e1rroco de Yatip\u00e1n<\/span><\/a><\/p>\n","protected":false},"author":12,"featured_media":447016,"comment_status":"closed","ping_status":"open","sticky":false,"template":"","format":"standard","meta":{"rop_custom_images_group":[],"rop_custom_messages_group":[],"rop_publish_now":"initial","rop_publish_now_accounts":{"facebook_10159540855086992_322828327761733":""},"rop_publish_now_history":[],"rop_publish_now_status":"pending","footnotes":""},"categories":[181],"tags":[121],"class_list":["post-447001","post","type-post","status-publish","format-standard","has-post-thumbnail","hentry","category-huejutla","tag-huejutla","entry"],"_links":{"self":[{"href":"https:\/\/www.zunoticia.com\/noticias-de-hidalgo\/wp-json\/wp\/v2\/posts\/447001","targetHints":{"allow":["GET"]}}],"collection":[{"href":"https:\/\/www.zunoticia.com\/noticias-de-hidalgo\/wp-json\/wp\/v2\/posts"}],"about":[{"href":"https:\/\/www.zunoticia.com\/noticias-de-hidalgo\/wp-json\/wp\/v2\/types\/post"}],"author":[{"embeddable":true,"href":"https:\/\/www.zunoticia.com\/noticias-de-hidalgo\/wp-json\/wp\/v2\/users\/12"}],"replies":[{"embeddable":true,"href":"https:\/\/www.zunoticia.com\/noticias-de-hidalgo\/wp-json\/wp\/v2\/comments?post=447001"}],"version-history":[{"count":2,"href":"https:\/\/www.zunoticia.com\/noticias-de-hidalgo\/wp-json\/wp\/v2\/posts\/447001\/revisions"}],"predecessor-version":[{"id":447020,"href":"https:\/\/www.zunoticia.com\/noticias-de-hidalgo\/wp-json\/wp\/v2\/posts\/447001\/revisions\/447020"}],"wp:featuredmedia":[{"embeddable":true,"href":"https:\/\/www.zunoticia.com\/noticias-de-hidalgo\/wp-json\/wp\/v2\/media\/447016"}],"wp:attachment":[{"href":"https:\/\/www.zunoticia.com\/noticias-de-hidalgo\/wp-json\/wp\/v2\/media?parent=447001"}],"wp:term":[{"taxonomy":"category","embeddable":true,"href":"https:\/\/www.zunoticia.com\/noticias-de-hidalgo\/wp-json\/wp\/v2\/categories?post=447001"},{"taxonomy":"post_tag","embeddable":true,"href":"https:\/\/www.zunoticia.com\/noticias-de-hidalgo\/wp-json\/wp\/v2\/tags?post=447001"}],"curies":[{"name":"wp","href":"https:\/\/api.w.org\/{rel}","templated":true}]}}