{"id":447003,"date":"2022-09-30T11:41:20","date_gmt":"2022-09-30T16:41:20","guid":{"rendered":"https:\/\/www.zunoticia.com\/noticias-de-hidalgo\/?p=447003"},"modified":"2022-09-30T11:41:22","modified_gmt":"2022-09-30T16:41:22","slug":"del-mictlan-hacia-huejutla-inicia-caminar-de-fieles-difuntos","status":"publish","type":"post","link":"https:\/\/www.zunoticia.com\/noticias-de-hidalgo\/2022\/09\/30\/del-mictlan-hacia-huejutla-inicia-caminar-de-fieles-difuntos\/","title":{"rendered":"Del Mictl\u00e1n hacia Huejutla, inicia caminar de fieles difuntos"},"content":{"rendered":"<aside class=\"mashsb-container mashsb-main mashsb-stretched\"><div class=\"mashsb-box\"><div class=\"mashsb-count mash-large\" style=\"float:left\"><div class=\"counts mashsbcount\">44<\/div><span class=\"mashsb-sharetext\">SHARES<\/span><\/div><div class=\"mashsb-buttons\"><a class=\"mashicon-facebook mash-large mash-center mashsb-noshadow\" href=\"https:\/\/www.facebook.com\/sharer.php?u=https%3A%2F%2Fwww.zunoticia.com%2Fnoticias-de-hidalgo%2F2022%2F09%2F30%2Fdel-mictlan-hacia-huejutla-inicia-caminar-de-fieles-difuntos%2F\" target=\"_top\" rel=\"nofollow\"><span class=\"icon\"><\/span><span class=\"text\">Share<\/span><\/a><a class=\"mashicon-twitter mash-large mash-center mashsb-noshadow\" href=\"https:\/\/twitter.com\/intent\/tweet?text=&amp;url=https:\/\/www.zunoticia.com\/noticias-de-hidalgo\/2022\/09\/30\/del-mictlan-hacia-huejutla-inicia-caminar-de-fieles-difuntos\/\" target=\"_top\" rel=\"nofollow\"><span class=\"icon\"><\/span><span class=\"text\">Tweet<\/span><\/a><div class=\"onoffswitch2 mash-large mashsb-noshadow\" style=\"display:none\"><\/div><\/div>\n            <\/div>\n                <div style=\"clear:both\"><\/div><div class=\"mashsb-toggle-container\"><\/div><\/aside>\n            <!-- Share buttons by mashshare.net - Version: 4.0.47-->\n<ul class=\"wp-block-list\"><li>Encabeza Daniel Andrade, primera ofrenda en Tlaltzintla. Dan inicio los preparativos de la fiesta m\u00e1s grande de la Huasteca.<\/li><\/ul>\n\n\n\n<p><em>Por Redacci\u00f3n\/Zunoticia<\/em><\/p>\n\n\n\n<p><strong>Huejutla, Hgo. &#8211;<\/strong> Entre copal, comida, m\u00fasica y cuadrillas de disfrazados, se llev\u00f3 a cabo la Primera Ofrenda previo al Xantolo 2022, en la comunidad de Tlaltzintla.<\/p>\n\n\n\n<p>El ritual con el que pr\u00e1cticamente da inicio la fiesta m\u00e1s importante de la Huasteca Hidalguense, fue encabezado por el presidente municipal de Huejutla, Daniel Andrade Zurutuza, la Presidenta del Sistema DIF, Carol Guadalupe Lara Flores, integrantes de la Asamblea, funcionarios, vecinos y autoridades de la localidad anfitriona.<\/p>\n\n\n\n<figure class=\"wp-block-image size-large\"><img fetchpriority=\"high\" decoding=\"async\" width=\"1024\" height=\"683\" src=\"https:\/\/www.zunoticia.com\/noticias-de-hidalgo\/wp-content\/uploads\/2022\/09\/WhatsApp-Image-2022-09-30-at-11.36.10-AM-1024x683.jpeg\" alt=\"\" class=\"wp-image-447004\" srcset=\"https:\/\/www.zunoticia.com\/noticias-de-hidalgo\/wp-content\/uploads\/2022\/09\/WhatsApp-Image-2022-09-30-at-11.36.10-AM-1024x683.jpeg 1024w, https:\/\/www.zunoticia.com\/noticias-de-hidalgo\/wp-content\/uploads\/2022\/09\/WhatsApp-Image-2022-09-30-at-11.36.10-AM-300x200.jpeg 300w, https:\/\/www.zunoticia.com\/noticias-de-hidalgo\/wp-content\/uploads\/2022\/09\/WhatsApp-Image-2022-09-30-at-11.36.10-AM-768x512.jpeg 768w, https:\/\/www.zunoticia.com\/noticias-de-hidalgo\/wp-content\/uploads\/2022\/09\/WhatsApp-Image-2022-09-30-at-11.36.10-AM-1536x1024.jpeg 1536w, https:\/\/www.zunoticia.com\/noticias-de-hidalgo\/wp-content\/uploads\/2022\/09\/WhatsApp-Image-2022-09-30-at-11.36.10-AM-1568x1045.jpeg 1568w, https:\/\/www.zunoticia.com\/noticias-de-hidalgo\/wp-content\/uploads\/2022\/09\/WhatsApp-Image-2022-09-30-at-11.36.10-AM.jpeg 1599w\" sizes=\"(max-width: 1024px) 100vw, 1024px\" \/><\/figure>\n\n\n\n<p>En un escenario lleno de misticismo, se realiz\u00f3 el ritual propio de la tradici\u00f3n, iniciando en el pante\u00f3n de la comunidad, el alcalde huasteco y su esposa, la Presidenta del DIF Municipal, Carol Guadalupe Lara Flores, ofrendaron a los fieles difuntos. Ah\u00ed, el Prof. Sotero Ram\u00edrez, director de Desarrollo Humano del Ayuntamiento, destac\u00f3 la importancia de realizar, pero sobre todo rescatar este tipo tradiciones.<\/p>\n\n\n\n<p>Posteriormente, autoridades municipales, locales y gente de la comunidad, se trasladaron hasta la explanada de la Iglesia del pueblo, donde personal de Cultura, apoyado por diversas \u00e1reas de la Presidencia Municipal, montaron un gran altar en honor a San Miguel Arc\u00e1ngel.<\/p>\n\n\n\n<figure class=\"wp-block-gallery has-nested-images columns-default is-cropped wp-block-gallery-1 is-layout-flex wp-block-gallery-is-layout-flex\">\n<figure class=\"wp-block-image size-large\"><img decoding=\"async\" width=\"1024\" height=\"1020\" data-id=\"447009\" src=\"https:\/\/www.zunoticia.com\/noticias-de-hidalgo\/wp-content\/uploads\/2022\/09\/WhatsApp-Image-2022-09-30-at-11.36.10-AM-3-1-1024x1020.jpeg\" alt=\"\" class=\"wp-image-447009\" srcset=\"https:\/\/www.zunoticia.com\/noticias-de-hidalgo\/wp-content\/uploads\/2022\/09\/WhatsApp-Image-2022-09-30-at-11.36.10-AM-3-1-1024x1020.jpeg 1024w, https:\/\/www.zunoticia.com\/noticias-de-hidalgo\/wp-content\/uploads\/2022\/09\/WhatsApp-Image-2022-09-30-at-11.36.10-AM-3-1-300x300.jpeg 300w, https:\/\/www.zunoticia.com\/noticias-de-hidalgo\/wp-content\/uploads\/2022\/09\/WhatsApp-Image-2022-09-30-at-11.36.10-AM-3-1-150x150.jpeg 150w, https:\/\/www.zunoticia.com\/noticias-de-hidalgo\/wp-content\/uploads\/2022\/09\/WhatsApp-Image-2022-09-30-at-11.36.10-AM-3-1-768x765.jpeg 768w, https:\/\/www.zunoticia.com\/noticias-de-hidalgo\/wp-content\/uploads\/2022\/09\/WhatsApp-Image-2022-09-30-at-11.36.10-AM-3-1.jpeg 1280w\" sizes=\"(max-width: 1024px) 100vw, 1024px\" \/><\/figure>\n\n\n\n<figure class=\"wp-block-image size-large\"><img decoding=\"async\" width=\"1024\" height=\"683\" data-id=\"447010\" src=\"https:\/\/www.zunoticia.com\/noticias-de-hidalgo\/wp-content\/uploads\/2022\/09\/WhatsApp-Image-2022-09-30-at-11.36.10-AM-1-1-1024x683.jpeg\" alt=\"\" class=\"wp-image-447010\" srcset=\"https:\/\/www.zunoticia.com\/noticias-de-hidalgo\/wp-content\/uploads\/2022\/09\/WhatsApp-Image-2022-09-30-at-11.36.10-AM-1-1-1024x683.jpeg 1024w, https:\/\/www.zunoticia.com\/noticias-de-hidalgo\/wp-content\/uploads\/2022\/09\/WhatsApp-Image-2022-09-30-at-11.36.10-AM-1-1-300x200.jpeg 300w, https:\/\/www.zunoticia.com\/noticias-de-hidalgo\/wp-content\/uploads\/2022\/09\/WhatsApp-Image-2022-09-30-at-11.36.10-AM-1-1-768x512.jpeg 768w, https:\/\/www.zunoticia.com\/noticias-de-hidalgo\/wp-content\/uploads\/2022\/09\/WhatsApp-Image-2022-09-30-at-11.36.10-AM-1-1-1536x1024.jpeg 1536w, https:\/\/www.zunoticia.com\/noticias-de-hidalgo\/wp-content\/uploads\/2022\/09\/WhatsApp-Image-2022-09-30-at-11.36.10-AM-1-1-1568x1045.jpeg 1568w, https:\/\/www.zunoticia.com\/noticias-de-hidalgo\/wp-content\/uploads\/2022\/09\/WhatsApp-Image-2022-09-30-at-11.36.10-AM-1-1.jpeg 1599w\" sizes=\"(max-width: 1024px) 100vw, 1024px\" \/><\/figure>\n\n\n\n<figure class=\"wp-block-image size-large\"><img loading=\"lazy\" decoding=\"async\" width=\"1024\" height=\"621\" data-id=\"447011\" src=\"https:\/\/www.zunoticia.com\/noticias-de-hidalgo\/wp-content\/uploads\/2022\/09\/WhatsApp-Image-2022-09-30-at-11.36.10-AM-2-1-1024x621.jpeg\" alt=\"\" class=\"wp-image-447011\" srcset=\"https:\/\/www.zunoticia.com\/noticias-de-hidalgo\/wp-content\/uploads\/2022\/09\/WhatsApp-Image-2022-09-30-at-11.36.10-AM-2-1-1024x621.jpeg 1024w, https:\/\/www.zunoticia.com\/noticias-de-hidalgo\/wp-content\/uploads\/2022\/09\/WhatsApp-Image-2022-09-30-at-11.36.10-AM-2-1-300x182.jpeg 300w, https:\/\/www.zunoticia.com\/noticias-de-hidalgo\/wp-content\/uploads\/2022\/09\/WhatsApp-Image-2022-09-30-at-11.36.10-AM-2-1-768x466.jpeg 768w, https:\/\/www.zunoticia.com\/noticias-de-hidalgo\/wp-content\/uploads\/2022\/09\/WhatsApp-Image-2022-09-30-at-11.36.10-AM-2-1.jpeg 1280w\" sizes=\"(max-width: 1024px) 100vw, 1024px\" \/><\/figure>\n<\/figure>\n\n\n\n<p>Ah\u00ed, el alcalde dijo que el legado que dejar\u00e1 su gobierno, ser\u00e1 que tengamos un Huejutla tur\u00edstico, un Huejutla que sea la capital de la cultura y el comercio. A\u00f1adi\u00f3 que este a\u00f1o se espera un Xantolo familiar y espectacular. &#8220;En unidad, vamos a catapultar a Huejutla a todo el mundo&#8221;, enfatiz\u00f3 el edil.<\/p>\n\n\n\n<figure class=\"wp-block-image size-large\"><img loading=\"lazy\" decoding=\"async\" width=\"1024\" height=\"576\" src=\"https:\/\/www.zunoticia.com\/noticias-de-hidalgo\/wp-content\/uploads\/2022\/09\/WhatsApp-Image-2022-09-30-at-11.36.08-AM-1024x576.jpeg\" alt=\"\" class=\"wp-image-447008\" srcset=\"https:\/\/www.zunoticia.com\/noticias-de-hidalgo\/wp-content\/uploads\/2022\/09\/WhatsApp-Image-2022-09-30-at-11.36.08-AM-1024x576.jpeg 1024w, https:\/\/www.zunoticia.com\/noticias-de-hidalgo\/wp-content\/uploads\/2022\/09\/WhatsApp-Image-2022-09-30-at-11.36.08-AM-300x169.jpeg 300w, https:\/\/www.zunoticia.com\/noticias-de-hidalgo\/wp-content\/uploads\/2022\/09\/WhatsApp-Image-2022-09-30-at-11.36.08-AM-768x432.jpeg 768w, https:\/\/www.zunoticia.com\/noticias-de-hidalgo\/wp-content\/uploads\/2022\/09\/WhatsApp-Image-2022-09-30-at-11.36.08-AM.jpeg 1280w\" sizes=\"(max-width: 1024px) 100vw, 1024px\" \/><\/figure>\n\n\n\n<p>Al t\u00e9rmino, tras humear el altar mayor con copal, el alcalde, su esposa, los asamble\u00edstas, as\u00ed como las autoridades locales, invitados especiales y habitantes de Tlaltzintla, se congregaron en una amena convivencia donde compartieron los alimentos propios de la ofrenda.<\/p>\n","protected":false},"excerpt":{"rendered":"<p>Encabeza Daniel Andrade, primera ofrenda en Tlaltzintla. Dan inicio los preparativos de la fiesta m\u00e1s grande de la Huasteca. Por Redacci\u00f3n\/Zunoticia Huejutla, Hgo. &#8211; Entre copal, comida, m\u00fasica y cuadrillas de disfrazados, se llev\u00f3 a cabo la Primera Ofrenda previo al Xantolo 2022, en la comunidad de Tlaltzintla. El ritual con el que pr\u00e1cticamente da&hellip; <a class=\"more-link\" href=\"https:\/\/www.zunoticia.com\/noticias-de-hidalgo\/2022\/09\/30\/del-mictlan-hacia-huejutla-inicia-caminar-de-fieles-difuntos\/\">Seguir leyendo <span class=\"screen-reader-text\">Del Mictl\u00e1n hacia Huejutla, inicia caminar de fieles difuntos<\/span><\/a><\/p>\n","protected":false},"author":12,"featured_media":447012,"comment_status":"closed","ping_status":"open","sticky":false,"template":"","format":"standard","meta":{"rop_custom_images_group":[],"rop_custom_messages_group":[],"rop_publish_now":"initial","rop_publish_now_accounts":{"facebook_10159540855086992_322828327761733":""},"rop_publish_now_history":[],"rop_publish_now_status":"pending","footnotes":""},"categories":[181],"tags":[121],"class_list":["post-447003","post","type-post","status-publish","format-standard","has-post-thumbnail","hentry","category-huejutla","tag-huejutla","entry"],"_links":{"self":[{"href":"https:\/\/www.zunoticia.com\/noticias-de-hidalgo\/wp-json\/wp\/v2\/posts\/447003","targetHints":{"allow":["GET"]}}],"collection":[{"href":"https:\/\/www.zunoticia.com\/noticias-de-hidalgo\/wp-json\/wp\/v2\/posts"}],"about":[{"href":"https:\/\/www.zunoticia.com\/noticias-de-hidalgo\/wp-json\/wp\/v2\/types\/post"}],"author":[{"embeddable":true,"href":"https:\/\/www.zunoticia.com\/noticias-de-hidalgo\/wp-json\/wp\/v2\/users\/12"}],"replies":[{"embeddable":true,"href":"https:\/\/www.zunoticia.com\/noticias-de-hidalgo\/wp-json\/wp\/v2\/comments?post=447003"}],"version-history":[{"count":1,"href":"https:\/\/www.zunoticia.com\/noticias-de-hidalgo\/wp-json\/wp\/v2\/posts\/447003\/revisions"}],"predecessor-version":[{"id":447013,"href":"https:\/\/www.zunoticia.com\/noticias-de-hidalgo\/wp-json\/wp\/v2\/posts\/447003\/revisions\/447013"}],"wp:featuredmedia":[{"embeddable":true,"href":"https:\/\/www.zunoticia.com\/noticias-de-hidalgo\/wp-json\/wp\/v2\/media\/447012"}],"wp:attachment":[{"href":"https:\/\/www.zunoticia.com\/noticias-de-hidalgo\/wp-json\/wp\/v2\/media?parent=447003"}],"wp:term":[{"taxonomy":"category","embeddable":true,"href":"https:\/\/www.zunoticia.com\/noticias-de-hidalgo\/wp-json\/wp\/v2\/categories?post=447003"},{"taxonomy":"post_tag","embeddable":true,"href":"https:\/\/www.zunoticia.com\/noticias-de-hidalgo\/wp-json\/wp\/v2\/tags?post=447003"}],"curies":[{"name":"wp","href":"https:\/\/api.w.org\/{rel}","templated":true}]}}