{"id":447027,"date":"2022-09-30T13:28:17","date_gmt":"2022-09-30T18:28:17","guid":{"rendered":"https:\/\/www.zunoticia.com\/noticias-de-hidalgo\/?p=447027"},"modified":"2022-09-30T13:28:19","modified_gmt":"2022-09-30T18:28:19","slug":"presentan-monologo-oscar-rafaella-y-yo-para-adultos-mayores-de-casas-de-dia","status":"publish","type":"post","link":"https:\/\/www.zunoticia.com\/noticias-de-hidalgo\/2022\/09\/30\/presentan-monologo-oscar-rafaella-y-yo-para-adultos-mayores-de-casas-de-dia\/","title":{"rendered":"Presentan mon\u00f3logo \u00d3scar, Rafaella y yo para adultos mayores de Casas de D\u00eda"},"content":{"rendered":"<aside class=\"mashsb-container mashsb-main mashsb-stretched\"><div class=\"mashsb-box\"><div class=\"mashsb-count mash-large\" style=\"float:left\"><div class=\"counts mashsbcount\">11<\/div><span class=\"mashsb-sharetext\">SHARES<\/span><\/div><div class=\"mashsb-buttons\"><a class=\"mashicon-facebook mash-large mash-center mashsb-noshadow\" href=\"https:\/\/www.facebook.com\/sharer.php?u=https%3A%2F%2Fwww.zunoticia.com%2Fnoticias-de-hidalgo%2F2022%2F09%2F30%2Fpresentan-monologo-oscar-rafaella-y-yo-para-adultos-mayores-de-casas-de-dia%2F\" target=\"_top\" rel=\"nofollow\"><span class=\"icon\"><\/span><span class=\"text\">Share<\/span><\/a><a class=\"mashicon-twitter mash-large mash-center mashsb-noshadow\" href=\"https:\/\/twitter.com\/intent\/tweet?text=&amp;url=https:\/\/www.zunoticia.com\/noticias-de-hidalgo\/2022\/09\/30\/presentan-monologo-oscar-rafaella-y-yo-para-adultos-mayores-de-casas-de-dia\/\" target=\"_top\" rel=\"nofollow\"><span class=\"icon\"><\/span><span class=\"text\">Tweet<\/span><\/a><div class=\"onoffswitch2 mash-large mashsb-noshadow\" style=\"display:none\"><\/div><\/div>\n            <\/div>\n                <div style=\"clear:both\"><\/div><div class=\"mashsb-toggle-container\"><\/div><\/aside>\n            <!-- Share buttons by mashshare.net - Version: 4.0.47-->\n<ul class=\"wp-block-list\"><li>El objetivo es acercar la cultura y en especial el teatro a derechohabientes de la tercera edad: Yezm\u00edn Lehmann Mendoza.<\/li><li>Adem\u00e1s de la Ciudad de M\u00e9xico, la puesta en escena se presentar\u00e1 este a\u00f1o en Zacatecas, Oaxaca y Chiapas<\/li><\/ul>\n\n\n\n<p><em>Por Redacci\u00f3n\/Zunoticia<\/em><\/p>\n\n\n\n<p><strong>Ciudad de M\u00e9xico. &#8211; <\/strong>Con el objetivo de acercar la cultura, y en especial el teatro a los derechohabientes de la tercera edad que acuden a las Casas de D\u00eda, el Instituto de Seguridad y Servicios Sociales de los Trabajadores del Estado (Issste) inici\u00f3 la presentaci\u00f3n del mon\u00f3logo \u00d3scar, Rafaella y yo, as\u00ed lo se\u00f1al\u00f3 la directora Normativa de Prestaciones Econ\u00f3micas, Sociales y Culturales, Yezm\u00edn Lehmann Mendoza.<\/p>\n\n\n\n<p>Indic\u00f3 que estos espacios son lugares de convivencia donde las personas adultas mayores encuentran actividades para el cuerpo, ejercicios para la mente y diversas expresiones art\u00edsticas.<\/p>\n\n\n\n<figure class=\"wp-block-image size-large\"><img fetchpriority=\"high\" decoding=\"async\" width=\"1024\" height=\"682\" src=\"https:\/\/www.zunoticia.com\/noticias-de-hidalgo\/wp-content\/uploads\/2022\/09\/WhatsApp-Image-2022-09-30-at-1.25.03-PM-1-1024x682.jpeg\" alt=\"\" class=\"wp-image-447029\" srcset=\"https:\/\/www.zunoticia.com\/noticias-de-hidalgo\/wp-content\/uploads\/2022\/09\/WhatsApp-Image-2022-09-30-at-1.25.03-PM-1-1024x682.jpeg 1024w, https:\/\/www.zunoticia.com\/noticias-de-hidalgo\/wp-content\/uploads\/2022\/09\/WhatsApp-Image-2022-09-30-at-1.25.03-PM-1-300x200.jpeg 300w, https:\/\/www.zunoticia.com\/noticias-de-hidalgo\/wp-content\/uploads\/2022\/09\/WhatsApp-Image-2022-09-30-at-1.25.03-PM-1-768x512.jpeg 768w, https:\/\/www.zunoticia.com\/noticias-de-hidalgo\/wp-content\/uploads\/2022\/09\/WhatsApp-Image-2022-09-30-at-1.25.03-PM-1.jpeg 1280w\" sizes=\"(max-width: 1024px) 100vw, 1024px\" \/><\/figure>\n\n\n\n<p>\u201cLa presentaci\u00f3n de la obra tiene dos prop\u00f3sitos: por un lado, acercarles a la cultura y, por otro lado, que su estancia sea m\u00e1s placentera y que disfruten el tiempo que pasan en estos recintos.\u201d<\/p>\n\n\n\n<p>Tal como lo ha expresado el director general del Issste, Pedro Zenteno Santaella, el instituto es un agente activo y garante de los derechos humanos, enfocado especialmente a los adultos mayores, siguiendo la pol\u00edtica del presidente Andr\u00e9s Manuel L\u00f3pez Obrador, por eso este tipo de acciones est\u00e1n enfocadas a su recreaci\u00f3n, agreg\u00f3 Lehmann Mendoza.<\/p>\n\n\n\n<p>El mon\u00f3logo \u00d3scar, Rafaella y yo, presentado en la Casa de D\u00eda \u201cBradley\u201d, e interpretado por la actriz Anna Ciocchetti, este a\u00f1o llegar\u00e1 los estados de Zacatecas, Oaxaca, Chiapas y Ciudad de M\u00e9xico; para 2023 continuar\u00e1 en las dem\u00e1s entidades de la Rep\u00fablica que cuentan con estos espacios, inform\u00f3.<\/p>\n\n\n\n<figure class=\"wp-block-image size-large\"><img decoding=\"async\" width=\"1024\" height=\"682\" src=\"https:\/\/www.zunoticia.com\/noticias-de-hidalgo\/wp-content\/uploads\/2022\/09\/WhatsApp-Image-2022-09-30-at-1.25.03-PM-1024x682.jpeg\" alt=\"\" class=\"wp-image-447030\" srcset=\"https:\/\/www.zunoticia.com\/noticias-de-hidalgo\/wp-content\/uploads\/2022\/09\/WhatsApp-Image-2022-09-30-at-1.25.03-PM-1024x682.jpeg 1024w, https:\/\/www.zunoticia.com\/noticias-de-hidalgo\/wp-content\/uploads\/2022\/09\/WhatsApp-Image-2022-09-30-at-1.25.03-PM-300x200.jpeg 300w, https:\/\/www.zunoticia.com\/noticias-de-hidalgo\/wp-content\/uploads\/2022\/09\/WhatsApp-Image-2022-09-30-at-1.25.03-PM-768x512.jpeg 768w, https:\/\/www.zunoticia.com\/noticias-de-hidalgo\/wp-content\/uploads\/2022\/09\/WhatsApp-Image-2022-09-30-at-1.25.03-PM.jpeg 1280w\" sizes=\"(max-width: 1024px) 100vw, 1024px\" \/><\/figure>\n\n\n\n<p>Actualmente, el instituto cuenta con 22 Casas de D\u00eda, las cuales son una herramienta eficiente para atender a los adultos mayores, con espacios dise\u00f1ados para que se mantengan activos f\u00edsica y mentalmente, a\u00f1adi\u00f3 Yezm\u00edn Lehmann.<\/p>\n\n\n\n<p>Durante la presentaci\u00f3n, estuvieron presentes el subdirector de Prestaciones Sociales y Culturales, Francisco P\u00e9rez Hern\u00e1ndez, y el subdelegado de Prestaciones Econ\u00f3micas de la Zona Regional Poniente, Federico Rebolledo Z\u00fa\u00f1iga.&nbsp;&nbsp;<\/p>\n","protected":false},"excerpt":{"rendered":"<p>El objetivo es acercar la cultura y en especial el teatro a derechohabientes de la tercera edad: Yezm\u00edn Lehmann Mendoza. Adem\u00e1s de la Ciudad de M\u00e9xico, la puesta en escena se presentar\u00e1 este a\u00f1o en Zacatecas, Oaxaca y Chiapas Por Redacci\u00f3n\/Zunoticia Ciudad de M\u00e9xico. &#8211; Con el objetivo de acercar la cultura, y en especial&hellip; <a class=\"more-link\" href=\"https:\/\/www.zunoticia.com\/noticias-de-hidalgo\/2022\/09\/30\/presentan-monologo-oscar-rafaella-y-yo-para-adultos-mayores-de-casas-de-dia\/\">Seguir leyendo <span class=\"screen-reader-text\">Presentan mon\u00f3logo \u00d3scar, Rafaella y yo para adultos mayores de Casas de D\u00eda<\/span><\/a><\/p>\n","protected":false},"author":12,"featured_media":447028,"comment_status":"closed","ping_status":"open","sticky":false,"template":"","format":"standard","meta":{"rop_custom_images_group":[],"rop_custom_messages_group":[],"rop_publish_now":"initial","rop_publish_now_accounts":{"facebook_10159540855086992_322828327761733":""},"rop_publish_now_history":[],"rop_publish_now_status":"pending","footnotes":""},"categories":[218],"tags":[217],"class_list":["post-447027","post","type-post","status-publish","format-standard","has-post-thumbnail","hentry","category-nacional","tag-nacional","entry"],"_links":{"self":[{"href":"https:\/\/www.zunoticia.com\/noticias-de-hidalgo\/wp-json\/wp\/v2\/posts\/447027","targetHints":{"allow":["GET"]}}],"collection":[{"href":"https:\/\/www.zunoticia.com\/noticias-de-hidalgo\/wp-json\/wp\/v2\/posts"}],"about":[{"href":"https:\/\/www.zunoticia.com\/noticias-de-hidalgo\/wp-json\/wp\/v2\/types\/post"}],"author":[{"embeddable":true,"href":"https:\/\/www.zunoticia.com\/noticias-de-hidalgo\/wp-json\/wp\/v2\/users\/12"}],"replies":[{"embeddable":true,"href":"https:\/\/www.zunoticia.com\/noticias-de-hidalgo\/wp-json\/wp\/v2\/comments?post=447027"}],"version-history":[{"count":1,"href":"https:\/\/www.zunoticia.com\/noticias-de-hidalgo\/wp-json\/wp\/v2\/posts\/447027\/revisions"}],"predecessor-version":[{"id":447031,"href":"https:\/\/www.zunoticia.com\/noticias-de-hidalgo\/wp-json\/wp\/v2\/posts\/447027\/revisions\/447031"}],"wp:featuredmedia":[{"embeddable":true,"href":"https:\/\/www.zunoticia.com\/noticias-de-hidalgo\/wp-json\/wp\/v2\/media\/447028"}],"wp:attachment":[{"href":"https:\/\/www.zunoticia.com\/noticias-de-hidalgo\/wp-json\/wp\/v2\/media?parent=447027"}],"wp:term":[{"taxonomy":"category","embeddable":true,"href":"https:\/\/www.zunoticia.com\/noticias-de-hidalgo\/wp-json\/wp\/v2\/categories?post=447027"},{"taxonomy":"post_tag","embeddable":true,"href":"https:\/\/www.zunoticia.com\/noticias-de-hidalgo\/wp-json\/wp\/v2\/tags?post=447027"}],"curies":[{"name":"wp","href":"https:\/\/api.w.org\/{rel}","templated":true}]}}