{"id":447056,"date":"2022-09-30T14:25:16","date_gmt":"2022-09-30T19:25:16","guid":{"rendered":"https:\/\/www.zunoticia.com\/noticias-de-hidalgo\/?p=447056"},"modified":"2022-09-30T14:25:17","modified_gmt":"2022-09-30T19:25:17","slug":"inician-los-preparativos-para-las-festividades-de-xantolo","status":"publish","type":"post","link":"https:\/\/www.zunoticia.com\/noticias-de-hidalgo\/2022\/09\/30\/inician-los-preparativos-para-las-festividades-de-xantolo\/","title":{"rendered":"Inician los preparativos para las festividades de Xantolo"},"content":{"rendered":"<aside class=\"mashsb-container mashsb-main mashsb-stretched\"><div class=\"mashsb-box\"><div class=\"mashsb-count mash-large\" style=\"float:left\"><div class=\"counts mashsbcount\">7<\/div><span class=\"mashsb-sharetext\">SHARES<\/span><\/div><div class=\"mashsb-buttons\"><a class=\"mashicon-facebook mash-large mash-center mashsb-noshadow\" href=\"https:\/\/www.facebook.com\/sharer.php?u=https%3A%2F%2Fwww.zunoticia.com%2Fnoticias-de-hidalgo%2F2022%2F09%2F30%2Finician-los-preparativos-para-las-festividades-de-xantolo%2F\" target=\"_top\" rel=\"nofollow\"><span class=\"icon\"><\/span><span class=\"text\">Share<\/span><\/a><a class=\"mashicon-twitter mash-large mash-center mashsb-noshadow\" href=\"https:\/\/twitter.com\/intent\/tweet?text=&amp;url=https:\/\/www.zunoticia.com\/noticias-de-hidalgo\/2022\/09\/30\/inician-los-preparativos-para-las-festividades-de-xantolo\/\" target=\"_top\" rel=\"nofollow\"><span class=\"icon\"><\/span><span class=\"text\">Tweet<\/span><\/a><div class=\"onoffswitch2 mash-large mashsb-noshadow\" style=\"display:none\"><\/div><\/div>\n            <\/div>\n                <div style=\"clear:both\"><\/div><div class=\"mashsb-toggle-container\"><\/div><\/aside>\n            <!-- Share buttons by mashshare.net - Version: 4.0.47-->\n<p><em>Por Redacci\u00f3n\/Zunoticia<\/em><\/p>\n\n\n\n<p><strong>Tlanchinol, Hgo. &#8211;<\/strong> La ma\u00f1ana de este viernes el director del \u00e1rea de Educaci\u00f3n, el profesor Amaury Medina Escudero por instrucciones del presidente municipal Marcos Bautista Medina, encabez\u00f3 la reuni\u00f3n de directores del ayuntamiento, en donde se tomaron decisiones importantes respecto a la celebraci\u00f3n del Xantolo en la cabecera de Tlanchinol.<\/p>\n\n\n\n<figure class=\"wp-block-image size-large\"><img fetchpriority=\"high\" decoding=\"async\" width=\"1024\" height=\"577\" src=\"https:\/\/www.zunoticia.com\/noticias-de-hidalgo\/wp-content\/uploads\/2022\/09\/WhatsApp-Image-2022-09-30-at-2.23.34-PM-1024x577.jpeg\" alt=\"\" class=\"wp-image-447058\" srcset=\"https:\/\/www.zunoticia.com\/noticias-de-hidalgo\/wp-content\/uploads\/2022\/09\/WhatsApp-Image-2022-09-30-at-2.23.34-PM-1024x577.jpeg 1024w, https:\/\/www.zunoticia.com\/noticias-de-hidalgo\/wp-content\/uploads\/2022\/09\/WhatsApp-Image-2022-09-30-at-2.23.34-PM-300x169.jpeg 300w, https:\/\/www.zunoticia.com\/noticias-de-hidalgo\/wp-content\/uploads\/2022\/09\/WhatsApp-Image-2022-09-30-at-2.23.34-PM-768x433.jpeg 768w, https:\/\/www.zunoticia.com\/noticias-de-hidalgo\/wp-content\/uploads\/2022\/09\/WhatsApp-Image-2022-09-30-at-2.23.34-PM.jpeg 1280w\" sizes=\"(max-width: 1024px) 100vw, 1024px\" \/><\/figure>\n\n\n\n<p>Durante la reuni\u00f3n se determinaron comisiones para las distintas \u00e1reas, a fin de realizar las actividades programadas, donde se enfatiz\u00f3 que el ayuntamiento tendr\u00e1 toda la disposici\u00f3n para poder llevarlas a cabo, como son la presentaci\u00f3n de la tradicional ofrenda, comparsas demostrativas, el desfile con el acompa\u00f1amiento de una cabalgata, concurso de arcos y de catrinas, adem\u00e1s de la organizaci\u00f3n para elaborar la decoraci\u00f3n general de la plaza Bicentenario y comisiones tambi\u00e9n para llevar a cabo el convivio general que se tiene contemplado.<\/p>\n\n\n\n<p>El presidente municipal Marcos Bautista Medina a trav\u00e9s del director de Educaci\u00f3n expres\u00f3 que, su compromiso es poder realizar una celebraci\u00f3n que le d\u00e9 realce a Tlanchinol.<\/p>\n","protected":false},"excerpt":{"rendered":"<p>Por Redacci\u00f3n\/Zunoticia Tlanchinol, Hgo. &#8211; La ma\u00f1ana de este viernes el director del \u00e1rea de Educaci\u00f3n, el profesor Amaury Medina Escudero por instrucciones del presidente municipal Marcos Bautista Medina, encabez\u00f3 la reuni\u00f3n de directores del ayuntamiento, en donde se tomaron decisiones importantes respecto a la celebraci\u00f3n del Xantolo en la cabecera de Tlanchinol. Durante la&hellip; <a class=\"more-link\" href=\"https:\/\/www.zunoticia.com\/noticias-de-hidalgo\/2022\/09\/30\/inician-los-preparativos-para-las-festividades-de-xantolo\/\">Seguir leyendo <span class=\"screen-reader-text\">Inician los preparativos para las festividades de Xantolo<\/span><\/a><\/p>\n","protected":false},"author":12,"featured_media":447057,"comment_status":"closed","ping_status":"open","sticky":false,"template":"","format":"standard","meta":{"rop_custom_images_group":[],"rop_custom_messages_group":[],"rop_publish_now":"initial","rop_publish_now_accounts":{"facebook_10159540855086992_322828327761733":""},"rop_publish_now_history":[],"rop_publish_now_status":"pending","footnotes":""},"categories":[219,201],"tags":[127],"class_list":["post-447056","post","type-post","status-publish","format-standard","has-post-thumbnail","hentry","category-sierra","category-tlanchinol","tag-tlanchinol","entry"],"_links":{"self":[{"href":"https:\/\/www.zunoticia.com\/noticias-de-hidalgo\/wp-json\/wp\/v2\/posts\/447056","targetHints":{"allow":["GET"]}}],"collection":[{"href":"https:\/\/www.zunoticia.com\/noticias-de-hidalgo\/wp-json\/wp\/v2\/posts"}],"about":[{"href":"https:\/\/www.zunoticia.com\/noticias-de-hidalgo\/wp-json\/wp\/v2\/types\/post"}],"author":[{"embeddable":true,"href":"https:\/\/www.zunoticia.com\/noticias-de-hidalgo\/wp-json\/wp\/v2\/users\/12"}],"replies":[{"embeddable":true,"href":"https:\/\/www.zunoticia.com\/noticias-de-hidalgo\/wp-json\/wp\/v2\/comments?post=447056"}],"version-history":[{"count":1,"href":"https:\/\/www.zunoticia.com\/noticias-de-hidalgo\/wp-json\/wp\/v2\/posts\/447056\/revisions"}],"predecessor-version":[{"id":447059,"href":"https:\/\/www.zunoticia.com\/noticias-de-hidalgo\/wp-json\/wp\/v2\/posts\/447056\/revisions\/447059"}],"wp:featuredmedia":[{"embeddable":true,"href":"https:\/\/www.zunoticia.com\/noticias-de-hidalgo\/wp-json\/wp\/v2\/media\/447057"}],"wp:attachment":[{"href":"https:\/\/www.zunoticia.com\/noticias-de-hidalgo\/wp-json\/wp\/v2\/media?parent=447056"}],"wp:term":[{"taxonomy":"category","embeddable":true,"href":"https:\/\/www.zunoticia.com\/noticias-de-hidalgo\/wp-json\/wp\/v2\/categories?post=447056"},{"taxonomy":"post_tag","embeddable":true,"href":"https:\/\/www.zunoticia.com\/noticias-de-hidalgo\/wp-json\/wp\/v2\/tags?post=447056"}],"curies":[{"name":"wp","href":"https:\/\/api.w.org\/{rel}","templated":true}]}}