{"id":447066,"date":"2022-09-30T16:14:54","date_gmt":"2022-09-30T21:14:54","guid":{"rendered":"https:\/\/www.zunoticia.com\/noticias-de-hidalgo\/?p=447066"},"modified":"2022-09-30T16:14:56","modified_gmt":"2022-09-30T21:14:56","slug":"conmemora-ayuntamiento-275-aniversario-del-natalicio-de-jose-maria-morelos","status":"publish","type":"post","link":"https:\/\/www.zunoticia.com\/noticias-de-hidalgo\/2022\/09\/30\/conmemora-ayuntamiento-275-aniversario-del-natalicio-de-jose-maria-morelos\/","title":{"rendered":"Conmemora Ayuntamiento 275 aniversario del natalicio de Jos\u00e9 Mar\u00eda Morelos"},"content":{"rendered":"<aside class=\"mashsb-container mashsb-main mashsb-stretched\"><div class=\"mashsb-box\"><div class=\"mashsb-count mash-large\" style=\"float:left\"><div class=\"counts mashsbcount\">8<\/div><span class=\"mashsb-sharetext\">SHARES<\/span><\/div><div class=\"mashsb-buttons\"><a class=\"mashicon-facebook mash-large mash-center mashsb-noshadow\" href=\"https:\/\/www.facebook.com\/sharer.php?u=https%3A%2F%2Fwww.zunoticia.com%2Fnoticias-de-hidalgo%2F2022%2F09%2F30%2Fconmemora-ayuntamiento-275-aniversario-del-natalicio-de-jose-maria-morelos%2F\" target=\"_top\" rel=\"nofollow\"><span class=\"icon\"><\/span><span class=\"text\">Share<\/span><\/a><a class=\"mashicon-twitter mash-large mash-center mashsb-noshadow\" href=\"https:\/\/twitter.com\/intent\/tweet?text=&amp;url=https:\/\/www.zunoticia.com\/noticias-de-hidalgo\/2022\/09\/30\/conmemora-ayuntamiento-275-aniversario-del-natalicio-de-jose-maria-morelos\/\" target=\"_top\" rel=\"nofollow\"><span class=\"icon\"><\/span><span class=\"text\">Tweet<\/span><\/a><div class=\"onoffswitch2 mash-large mashsb-noshadow\" style=\"display:none\"><\/div><\/div>\n            <\/div>\n                <div style=\"clear:both\"><\/div><div class=\"mashsb-toggle-container\"><\/div><\/aside>\n            <!-- Share buttons by mashshare.net - Version: 4.0.47-->\n<p><em>Por Salvador Altamirano\/Zunoticia<\/em><\/p>\n\n\n\n<p><strong>Huejutla, Hgo. &#8211;<\/strong> Jos\u00e9 Mar\u00eda Morelos y Pav\u00f3n, naci\u00f3 el 30 de septiembre de 1765 en Valladolid, hoy Morelia, Michoac\u00e1n; fue sacerdote; militar; insurgente y patriota, quien a la muerte de Miguel Hidalgo dirigi\u00f3 el movimiento de Independencia.<\/p>\n\n\n\n<p>Por tal motivo, personal adscrito al Ayuntamiento que preside Daniel Andrade Zurutuza, conmemor\u00f3 el 275 aniversario del natalicio del ilustre personaje, quien pugn\u00f3 por dar patria y libertad a los mexicanos, por lo que fue capturado en noviembre de 1815 y fusilado el 22 de diciembre del mismo a\u00f1o en Ecatepec, Estado de M\u00e9xico<\/p>\n\n\n\n<figure class=\"wp-block-image size-large\"><img fetchpriority=\"high\" decoding=\"async\" width=\"1024\" height=\"576\" src=\"https:\/\/www.zunoticia.com\/noticias-de-hidalgo\/wp-content\/uploads\/2022\/09\/WhatsApp-Image-2022-09-30-at-3.57.45-PM-4-1024x576.jpeg\" alt=\"\" class=\"wp-image-447068\" srcset=\"https:\/\/www.zunoticia.com\/noticias-de-hidalgo\/wp-content\/uploads\/2022\/09\/WhatsApp-Image-2022-09-30-at-3.57.45-PM-4-1024x576.jpeg 1024w, https:\/\/www.zunoticia.com\/noticias-de-hidalgo\/wp-content\/uploads\/2022\/09\/WhatsApp-Image-2022-09-30-at-3.57.45-PM-4-300x169.jpeg 300w, https:\/\/www.zunoticia.com\/noticias-de-hidalgo\/wp-content\/uploads\/2022\/09\/WhatsApp-Image-2022-09-30-at-3.57.45-PM-4-768x432.jpeg 768w, https:\/\/www.zunoticia.com\/noticias-de-hidalgo\/wp-content\/uploads\/2022\/09\/WhatsApp-Image-2022-09-30-at-3.57.45-PM-4.jpeg 1280w\" sizes=\"(max-width: 1024px) 100vw, 1024px\" \/><\/figure>\n\n\n\n<p>El sencillo pero emotivo evento, tuvo efecto a las 08:00 horas, en la plaza de la Revoluci\u00f3n Mexicana, el cual consisti\u00f3 en la entonaci\u00f3n del Himno Nacional e izamiento del L\u00e1baro Patrio.<\/p>\n\n\n\n<p>En la lectura de la rese\u00f1a hist\u00f3rica, se destac\u00f3 que, en 1810, durante le gesta de Independencia, se incorpor\u00f3 a las huestes insurgentes y Miguel Hidalgo lo nombr\u00f3 dirigente de quienes combat\u00edan en el sur del pa\u00eds, encarg\u00e1ndole la toma de Acapulco, Guerrero. Posterior a la muerte del caudillo en jefe, en 1811, Morelos conquist\u00f3 la mayor parte del sur y centro del pa\u00eds para finalmente tomar Oaxaca.<\/p>\n\n\n\n<p>Es oportuno destacar, que al homenaje hist\u00f3rico asisti\u00f3 el mandatario municipal, quien estuvo acompa\u00f1ado del Capit\u00e1n de Infanter\u00eda Ra\u00fal Mej\u00eda Serv\u00edn en representaci\u00f3n del Comandante del 84 Batall\u00f3n de Infanter\u00eda, Coronel Jos\u00e9 F\u00e9lix Ortiz L\u00f3pez; la directora de Servicios Regionales de la SEP, Soraya In\u00e9s Rivera L\u00f3pez; la directora del DIF Municipal, Isabel Zamora; regidores y funcionarios; as\u00ed como la Escolta de Seguridad P\u00fablica Municipal, a la cual correspondi\u00f3 portar la Bandera Nacional.<\/p>\n","protected":false},"excerpt":{"rendered":"<p>Por Salvador Altamirano\/Zunoticia Huejutla, Hgo. &#8211; Jos\u00e9 Mar\u00eda Morelos y Pav\u00f3n, naci\u00f3 el 30 de septiembre de 1765 en Valladolid, hoy Morelia, Michoac\u00e1n; fue sacerdote; militar; insurgente y patriota, quien a la muerte de Miguel Hidalgo dirigi\u00f3 el movimiento de Independencia. Por tal motivo, personal adscrito al Ayuntamiento que preside Daniel Andrade Zurutuza, conmemor\u00f3 el&hellip; <a class=\"more-link\" href=\"https:\/\/www.zunoticia.com\/noticias-de-hidalgo\/2022\/09\/30\/conmemora-ayuntamiento-275-aniversario-del-natalicio-de-jose-maria-morelos\/\">Seguir leyendo <span class=\"screen-reader-text\">Conmemora Ayuntamiento 275 aniversario del natalicio de Jos\u00e9 Mar\u00eda Morelos<\/span><\/a><\/p>\n","protected":false},"author":12,"featured_media":447067,"comment_status":"closed","ping_status":"open","sticky":false,"template":"","format":"standard","meta":{"rop_custom_images_group":[],"rop_custom_messages_group":[],"rop_publish_now":"initial","rop_publish_now_accounts":{"facebook_10159540855086992_322828327761733":""},"rop_publish_now_history":[],"rop_publish_now_status":"pending","footnotes":""},"categories":[181],"tags":[121],"class_list":["post-447066","post","type-post","status-publish","format-standard","has-post-thumbnail","hentry","category-huejutla","tag-huejutla","entry"],"_links":{"self":[{"href":"https:\/\/www.zunoticia.com\/noticias-de-hidalgo\/wp-json\/wp\/v2\/posts\/447066","targetHints":{"allow":["GET"]}}],"collection":[{"href":"https:\/\/www.zunoticia.com\/noticias-de-hidalgo\/wp-json\/wp\/v2\/posts"}],"about":[{"href":"https:\/\/www.zunoticia.com\/noticias-de-hidalgo\/wp-json\/wp\/v2\/types\/post"}],"author":[{"embeddable":true,"href":"https:\/\/www.zunoticia.com\/noticias-de-hidalgo\/wp-json\/wp\/v2\/users\/12"}],"replies":[{"embeddable":true,"href":"https:\/\/www.zunoticia.com\/noticias-de-hidalgo\/wp-json\/wp\/v2\/comments?post=447066"}],"version-history":[{"count":1,"href":"https:\/\/www.zunoticia.com\/noticias-de-hidalgo\/wp-json\/wp\/v2\/posts\/447066\/revisions"}],"predecessor-version":[{"id":447069,"href":"https:\/\/www.zunoticia.com\/noticias-de-hidalgo\/wp-json\/wp\/v2\/posts\/447066\/revisions\/447069"}],"wp:featuredmedia":[{"embeddable":true,"href":"https:\/\/www.zunoticia.com\/noticias-de-hidalgo\/wp-json\/wp\/v2\/media\/447067"}],"wp:attachment":[{"href":"https:\/\/www.zunoticia.com\/noticias-de-hidalgo\/wp-json\/wp\/v2\/media?parent=447066"}],"wp:term":[{"taxonomy":"category","embeddable":true,"href":"https:\/\/www.zunoticia.com\/noticias-de-hidalgo\/wp-json\/wp\/v2\/categories?post=447066"},{"taxonomy":"post_tag","embeddable":true,"href":"https:\/\/www.zunoticia.com\/noticias-de-hidalgo\/wp-json\/wp\/v2\/tags?post=447066"}],"curies":[{"name":"wp","href":"https:\/\/api.w.org\/{rel}","templated":true}]}}