{"id":447073,"date":"2022-09-30T16:25:38","date_gmt":"2022-09-30T21:25:38","guid":{"rendered":"https:\/\/www.zunoticia.com\/noticias-de-hidalgo\/?p=447073"},"modified":"2022-09-30T16:25:41","modified_gmt":"2022-09-30T21:25:41","slug":"realizaron-feria-de-las-carreras-en-el-cecyteh","status":"publish","type":"post","link":"https:\/\/www.zunoticia.com\/noticias-de-hidalgo\/2022\/09\/30\/realizaron-feria-de-las-carreras-en-el-cecyteh\/","title":{"rendered":"Realizaron feria de las carreras en el CECYTEH"},"content":{"rendered":"<aside class=\"mashsb-container mashsb-main mashsb-stretched\"><div class=\"mashsb-box\"><div class=\"mashsb-count mash-large\" style=\"float:left\"><div class=\"counts mashsbcount\">56<\/div><span class=\"mashsb-sharetext\">SHARES<\/span><\/div><div class=\"mashsb-buttons\"><a class=\"mashicon-facebook mash-large mash-center mashsb-noshadow\" href=\"https:\/\/www.facebook.com\/sharer.php?u=https%3A%2F%2Fwww.zunoticia.com%2Fnoticias-de-hidalgo%2F2022%2F09%2F30%2Frealizaron-feria-de-las-carreras-en-el-cecyteh%2F\" target=\"_top\" rel=\"nofollow\"><span class=\"icon\"><\/span><span class=\"text\">Share<\/span><\/a><a class=\"mashicon-twitter mash-large mash-center mashsb-noshadow\" href=\"https:\/\/twitter.com\/intent\/tweet?text=&amp;url=https:\/\/www.zunoticia.com\/noticias-de-hidalgo\/2022\/09\/30\/realizaron-feria-de-las-carreras-en-el-cecyteh\/\" target=\"_top\" rel=\"nofollow\"><span class=\"icon\"><\/span><span class=\"text\">Tweet<\/span><\/a><div class=\"onoffswitch2 mash-large mashsb-noshadow\" style=\"display:none\"><\/div><\/div>\n            <\/div>\n                <div style=\"clear:both\"><\/div><div class=\"mashsb-toggle-container\"><\/div><\/aside>\n            <!-- Share buttons by mashshare.net - Version: 4.0.47-->\n<p><em>Por \u00c1ngel Silverio\/Zunoticia<\/em><\/p>\n\n\n\n<p><strong>San Felipe Orizatl\u00e1n, Hgo. &#8211;<\/strong> A fin de que los alumnos del Colegio de Estudios Cient\u00edficos y Tecnol\u00f3gicos del Estado de Hidalgo (CECYTEH), vayan conociendo las opciones educativas que tienen una vez que concluyan su educaci\u00f3n media superior, en d\u00edas pasados fue llevada a cabo la feria de carreras, donde los estudiantes mostraron gran inter\u00e9s.<\/p>\n\n\n\n<p>De acuerdo con lo informado por la directiva de la instituci\u00f3n, se realiz\u00f3 la feria de carreras, que es una actividad que apoya a las y los estudiantes en su proceso de elecci\u00f3n de componente profesional, y tiene como objetivo informar acerca de las opciones de estudio, permite a las y los estudiantes conocer sobre habilidades, caracter\u00edsticas personales, perfil profesional, mercado laboral y plan de estudios de cada una de las carreras que ofrece el plantel.<\/p>\n\n\n\n<figure class=\"wp-block-image size-large\"><img fetchpriority=\"high\" decoding=\"async\" width=\"1024\" height=\"768\" src=\"https:\/\/www.zunoticia.com\/noticias-de-hidalgo\/wp-content\/uploads\/2022\/09\/WhatsApp-Image-2022-09-30-at-3.57.45-PM-1-1024x768.jpeg\" alt=\"\" class=\"wp-image-447075\" srcset=\"https:\/\/www.zunoticia.com\/noticias-de-hidalgo\/wp-content\/uploads\/2022\/09\/WhatsApp-Image-2022-09-30-at-3.57.45-PM-1-1024x768.jpeg 1024w, https:\/\/www.zunoticia.com\/noticias-de-hidalgo\/wp-content\/uploads\/2022\/09\/WhatsApp-Image-2022-09-30-at-3.57.45-PM-1-300x225.jpeg 300w, https:\/\/www.zunoticia.com\/noticias-de-hidalgo\/wp-content\/uploads\/2022\/09\/WhatsApp-Image-2022-09-30-at-3.57.45-PM-1-768x576.jpeg 768w, https:\/\/www.zunoticia.com\/noticias-de-hidalgo\/wp-content\/uploads\/2022\/09\/WhatsApp-Image-2022-09-30-at-3.57.45-PM-1.jpeg 1080w\" sizes=\"(max-width: 1024px) 100vw, 1024px\" \/><\/figure>\n\n\n\n<p>Los j\u00f3venes se vieron muy interesados en esta feria de carreras, pues conocieron una gran diversidad de opciones que pueden estudiar para formar su vida profesional, adem\u00e1s de conocer a m\u00e1s detalle las carreras que se ofrecen por parte de las diferentes instituciones.<\/p>\n\n\n\n<p>Cabe mencionar que, as\u00ed tambi\u00e9n en estos d\u00edas, alumnos del CECYTEH, se encuentran particionado en un importante evento en otro estado, por lo que se les dese\u00f3 todo el \u00e9xito en su participaci\u00f3n, que pone en alto el nombre de la instituci\u00f3n y de San Felipe Orizatl\u00e1n.<\/p>\n","protected":false},"excerpt":{"rendered":"<p>Por \u00c1ngel Silverio\/Zunoticia San Felipe Orizatl\u00e1n, Hgo. &#8211; A fin de que los alumnos del Colegio de Estudios Cient\u00edficos y Tecnol\u00f3gicos del Estado de Hidalgo (CECYTEH), vayan conociendo las opciones educativas que tienen una vez que concluyan su educaci\u00f3n media superior, en d\u00edas pasados fue llevada a cabo la feria de carreras, donde los estudiantes&hellip; <a class=\"more-link\" href=\"https:\/\/www.zunoticia.com\/noticias-de-hidalgo\/2022\/09\/30\/realizaron-feria-de-las-carreras-en-el-cecyteh\/\">Seguir leyendo <span class=\"screen-reader-text\">Realizaron feria de las carreras en el CECYTEH<\/span><\/a><\/p>\n","protected":false},"author":12,"featured_media":447074,"comment_status":"closed","ping_status":"open","sticky":false,"template":"","format":"standard","meta":{"rop_custom_images_group":[],"rop_custom_messages_group":[],"rop_publish_now":"initial","rop_publish_now_accounts":{"facebook_10159540855086992_322828327761733":""},"rop_publish_now_history":[],"rop_publish_now_status":"pending","footnotes":""},"categories":[180],"tags":[129],"class_list":["post-447073","post","type-post","status-publish","format-standard","has-post-thumbnail","hentry","category-orizatlan","tag-orizatlan","entry"],"_links":{"self":[{"href":"https:\/\/www.zunoticia.com\/noticias-de-hidalgo\/wp-json\/wp\/v2\/posts\/447073","targetHints":{"allow":["GET"]}}],"collection":[{"href":"https:\/\/www.zunoticia.com\/noticias-de-hidalgo\/wp-json\/wp\/v2\/posts"}],"about":[{"href":"https:\/\/www.zunoticia.com\/noticias-de-hidalgo\/wp-json\/wp\/v2\/types\/post"}],"author":[{"embeddable":true,"href":"https:\/\/www.zunoticia.com\/noticias-de-hidalgo\/wp-json\/wp\/v2\/users\/12"}],"replies":[{"embeddable":true,"href":"https:\/\/www.zunoticia.com\/noticias-de-hidalgo\/wp-json\/wp\/v2\/comments?post=447073"}],"version-history":[{"count":1,"href":"https:\/\/www.zunoticia.com\/noticias-de-hidalgo\/wp-json\/wp\/v2\/posts\/447073\/revisions"}],"predecessor-version":[{"id":447076,"href":"https:\/\/www.zunoticia.com\/noticias-de-hidalgo\/wp-json\/wp\/v2\/posts\/447073\/revisions\/447076"}],"wp:featuredmedia":[{"embeddable":true,"href":"https:\/\/www.zunoticia.com\/noticias-de-hidalgo\/wp-json\/wp\/v2\/media\/447074"}],"wp:attachment":[{"href":"https:\/\/www.zunoticia.com\/noticias-de-hidalgo\/wp-json\/wp\/v2\/media?parent=447073"}],"wp:term":[{"taxonomy":"category","embeddable":true,"href":"https:\/\/www.zunoticia.com\/noticias-de-hidalgo\/wp-json\/wp\/v2\/categories?post=447073"},{"taxonomy":"post_tag","embeddable":true,"href":"https:\/\/www.zunoticia.com\/noticias-de-hidalgo\/wp-json\/wp\/v2\/tags?post=447073"}],"curies":[{"name":"wp","href":"https:\/\/api.w.org\/{rel}","templated":true}]}}