{"id":447100,"date":"2022-09-30T17:17:14","date_gmt":"2022-09-30T22:17:14","guid":{"rendered":"https:\/\/www.zunoticia.com\/noticias-de-hidalgo\/?p=447100"},"modified":"2022-09-30T17:17:17","modified_gmt":"2022-09-30T22:17:17","slug":"simey-olvera-superviso-pabellon-artesanal-de-la-feria-de-san-francisco","status":"publish","type":"post","link":"https:\/\/www.zunoticia.com\/noticias-de-hidalgo\/2022\/09\/30\/simey-olvera-superviso-pabellon-artesanal-de-la-feria-de-san-francisco\/","title":{"rendered":"Simey Olvera supervis\u00f3 pabell\u00f3n artesanal de la Feria de San Francisco"},"content":{"rendered":"<aside class=\"mashsb-container mashsb-main mashsb-stretched\"><div class=\"mashsb-box\"><div class=\"mashsb-count mash-large\" style=\"float:left\"><div class=\"counts mashsbcount\">22<\/div><span class=\"mashsb-sharetext\">SHARES<\/span><\/div><div class=\"mashsb-buttons\"><a class=\"mashicon-facebook mash-large mash-center mashsb-noshadow\" href=\"https:\/\/www.facebook.com\/sharer.php?u=https%3A%2F%2Fwww.zunoticia.com%2Fnoticias-de-hidalgo%2F2022%2F09%2F30%2Fsimey-olvera-superviso-pabellon-artesanal-de-la-feria-de-san-francisco%2F\" target=\"_top\" rel=\"nofollow\"><span class=\"icon\"><\/span><span class=\"text\">Share<\/span><\/a><a class=\"mashicon-twitter mash-large mash-center mashsb-noshadow\" href=\"https:\/\/twitter.com\/intent\/tweet?text=&amp;url=https:\/\/www.zunoticia.com\/noticias-de-hidalgo\/2022\/09\/30\/simey-olvera-superviso-pabellon-artesanal-de-la-feria-de-san-francisco\/\" target=\"_top\" rel=\"nofollow\"><span class=\"icon\"><\/span><span class=\"text\">Tweet<\/span><\/a><div class=\"onoffswitch2 mash-large mashsb-noshadow\" style=\"display:none\"><\/div><\/div>\n            <\/div>\n                <div style=\"clear:both\"><\/div><div class=\"mashsb-toggle-container\"><\/div><\/aside>\n            <!-- Share buttons by mashshare.net - Version: 4.0.47-->\n<ul class=\"wp-block-list\"><li>Ya est\u00e1 todo listo y las personas artesanas preparadas para las visitas.<\/li><\/ul>\n\n\n\n<p><em>Por Redacci\u00f3n\/Zunoticia<\/em><\/p>\n\n\n\n<p><strong>Pachuca de Soto, Hgo. &#8211; <\/strong>Que las personas artesanas tengan un espacio digno y preparado para poder atender a las y los visitantes de la Feria de San Francisco 2022, es una de las principales ocupaciones que tiene el gobierno de Hidalgo, es por ello que la secretaria de Desarrollo Social, Simey Olvera Bautista, recorri\u00f3 el Pabell\u00f3n Artesanal atendiendo dudas y recibiendo solicitudes que mejoraran la experiencia, tanto de expositores como de visitantes.<\/p>\n\n\n\n<p>&nbsp;La titular de la Secretar\u00eda de Desarrollo Social (Sedeso), recorri\u00f3 cada espacio del pabell\u00f3n a su cargo, platic\u00f3 con las y los artesanos, les aclar\u00f3 algunos temas y resolvi\u00f3 dudas respecto a su participaci\u00f3n.<\/p>\n\n\n\n<p>Asimismo, coment\u00f3 que la encomienda del gobernador Julio Menchaca es, atenderlos y brindarles las herramientas necesarias para que puedan realizar su labor, ya que ellos son el estandarte del estado, quienes conservan y proyectan las ra\u00edces e identidad de toda la poblaci\u00f3n hidalguenses.<\/p>\n\n\n\n<p>En esta edici\u00f3n de la feria se hab\u00edan registrado 131 personas en la convocatoria emitida en agosto, sin embargo, se ha buscado la forma de apoyar a m\u00e1s artesanas y artesanos, esto a trav\u00e9s de espacios compartidos, en los cuales habr\u00e1 temas diferentes, as\u00ed como variedad de personas artesanas, quienes podr\u00e1n vender de manera itinerante sus productos, tanto en la zona artesanal como la gastron\u00f3mica del pabell\u00f3n.<\/p>\n\n\n\n<figure class=\"wp-block-image size-large\"><img fetchpriority=\"high\" decoding=\"async\" width=\"1024\" height=\"683\" src=\"https:\/\/www.zunoticia.com\/noticias-de-hidalgo\/wp-content\/uploads\/2022\/09\/WhatsApp-Image-2022-09-30-at-5.03.00-PM-1-1024x683.jpeg\" alt=\"\" class=\"wp-image-447102\" srcset=\"https:\/\/www.zunoticia.com\/noticias-de-hidalgo\/wp-content\/uploads\/2022\/09\/WhatsApp-Image-2022-09-30-at-5.03.00-PM-1-1024x683.jpeg 1024w, https:\/\/www.zunoticia.com\/noticias-de-hidalgo\/wp-content\/uploads\/2022\/09\/WhatsApp-Image-2022-09-30-at-5.03.00-PM-1-300x200.jpeg 300w, https:\/\/www.zunoticia.com\/noticias-de-hidalgo\/wp-content\/uploads\/2022\/09\/WhatsApp-Image-2022-09-30-at-5.03.00-PM-1-768x512.jpeg 768w, https:\/\/www.zunoticia.com\/noticias-de-hidalgo\/wp-content\/uploads\/2022\/09\/WhatsApp-Image-2022-09-30-at-5.03.00-PM-1.jpeg 1488w\" sizes=\"(max-width: 1024px) 100vw, 1024px\" \/><\/figure>\n\n\n\n<p>La subsecretaria, Claudia M\u00e1rquez Camacho, coment\u00f3 que participar en este espacio, fue totalmente gratuito, e incluso a quienes les es necesario, se les brindo hospedaje en los albergues del DIF estatal y se gestion\u00f3 que puedan transportarse gratuitamente en el tuzobus, de manera que los ingresos obtenidos de sus ventas sean \u00edntegros para estas artesanas y artesanos.<\/p>\n\n\n\n<p>Finalmente, Simey Olvera hizo la invitaci\u00f3n a que acudan a la Feria de San Francisco 2022 \u201cLate con orgullo\u201d, gocen de todas sus atracciones, pero sobre todo acudan al Pabell\u00f3n Artesanal y apoyen a las personas artesanas de todas las regiones que se encuentran de visita en Pachuca, con precios justos y sin intermediarios, por lo que podr\u00e1n encontrar incre\u00edbles productos artesanales a precios justos.<\/p>\n\n\n\n<p><strong>D\u00eda Nacional del Ma\u00edz<\/strong><\/p>\n\n\n\n<p>En el marco del d\u00eda Internacional del Ma\u00edz, la secretaria de Desarrollo Social, Simey Olvera Bautista, particip\u00f3 en la inauguraci\u00f3n de la Segunda Feria Gastron\u00f3mica y Artesanal del municipio de Mixquiahuala, en donde reconoci\u00f3 la vocaci\u00f3n agr\u00edcola de la regi\u00f3n y el importante papel que tiene para el estado de Hidalgo, as\u00ed tambi\u00e9n llev\u00f3 el mensaje de esperanza del gobernador Julio Menchaca.<\/p>\n\n\n\n<p>Asimismo, haciendo sinergia con el titular de la Oficina de Enlace Educativo del Gobierno de M\u00e9xico en el Estado de Hidalgo, Jes\u00fas L\u00f3pez Serrano, visit\u00f3 el municipio&nbsp; de Tlaxcoapan, donde sigui\u00f3 la conmemoraci\u00f3n de este d\u00eda nacional de ma\u00edz&nbsp; junto con la comunidad estudiantil y docente&nbsp; de la regi\u00f3n, teniendo como sede las instalaciones del CBTis 218 \u201cJulian Villagr\u00e1n\u201d, en donde invit\u00f3 a las juventudes a que sue\u00f1en, que se esfuercen y den el extra, pero sobre todo que sue\u00f1en, porque del tama\u00f1o de sus sue\u00f1os ser\u00e1n las alas que los llevar\u00e1n al \u00e9xito.<\/p>\n","protected":false},"excerpt":{"rendered":"<p>Ya est\u00e1 todo listo y las personas artesanas preparadas para las visitas. Por Redacci\u00f3n\/Zunoticia Pachuca de Soto, Hgo. &#8211; Que las personas artesanas tengan un espacio digno y preparado para poder atender a las y los visitantes de la Feria de San Francisco 2022, es una de las principales ocupaciones que tiene el gobierno de&hellip; <a class=\"more-link\" href=\"https:\/\/www.zunoticia.com\/noticias-de-hidalgo\/2022\/09\/30\/simey-olvera-superviso-pabellon-artesanal-de-la-feria-de-san-francisco\/\">Seguir leyendo <span class=\"screen-reader-text\">Simey Olvera supervis\u00f3 pabell\u00f3n artesanal de la Feria de San Francisco<\/span><\/a><\/p>\n","protected":false},"author":12,"featured_media":447101,"comment_status":"closed","ping_status":"open","sticky":false,"template":"","format":"standard","meta":{"rop_custom_images_group":[],"rop_custom_messages_group":[],"rop_publish_now":"initial","rop_publish_now_accounts":{"facebook_10159540855086992_322828327761733":""},"rop_publish_now_history":[],"rop_publish_now_status":"pending","footnotes":""},"categories":[208],"tags":[214],"class_list":["post-447100","post","type-post","status-publish","format-standard","has-post-thumbnail","hentry","category-estado","tag-estado","entry"],"_links":{"self":[{"href":"https:\/\/www.zunoticia.com\/noticias-de-hidalgo\/wp-json\/wp\/v2\/posts\/447100","targetHints":{"allow":["GET"]}}],"collection":[{"href":"https:\/\/www.zunoticia.com\/noticias-de-hidalgo\/wp-json\/wp\/v2\/posts"}],"about":[{"href":"https:\/\/www.zunoticia.com\/noticias-de-hidalgo\/wp-json\/wp\/v2\/types\/post"}],"author":[{"embeddable":true,"href":"https:\/\/www.zunoticia.com\/noticias-de-hidalgo\/wp-json\/wp\/v2\/users\/12"}],"replies":[{"embeddable":true,"href":"https:\/\/www.zunoticia.com\/noticias-de-hidalgo\/wp-json\/wp\/v2\/comments?post=447100"}],"version-history":[{"count":1,"href":"https:\/\/www.zunoticia.com\/noticias-de-hidalgo\/wp-json\/wp\/v2\/posts\/447100\/revisions"}],"predecessor-version":[{"id":447103,"href":"https:\/\/www.zunoticia.com\/noticias-de-hidalgo\/wp-json\/wp\/v2\/posts\/447100\/revisions\/447103"}],"wp:featuredmedia":[{"embeddable":true,"href":"https:\/\/www.zunoticia.com\/noticias-de-hidalgo\/wp-json\/wp\/v2\/media\/447101"}],"wp:attachment":[{"href":"https:\/\/www.zunoticia.com\/noticias-de-hidalgo\/wp-json\/wp\/v2\/media?parent=447100"}],"wp:term":[{"taxonomy":"category","embeddable":true,"href":"https:\/\/www.zunoticia.com\/noticias-de-hidalgo\/wp-json\/wp\/v2\/categories?post=447100"},{"taxonomy":"post_tag","embeddable":true,"href":"https:\/\/www.zunoticia.com\/noticias-de-hidalgo\/wp-json\/wp\/v2\/tags?post=447100"}],"curies":[{"name":"wp","href":"https:\/\/api.w.org\/{rel}","templated":true}]}}