{"id":447104,"date":"2022-09-30T17:19:21","date_gmt":"2022-09-30T22:19:21","guid":{"rendered":"https:\/\/www.zunoticia.com\/noticias-de-hidalgo\/?p=447104"},"modified":"2022-09-30T17:19:23","modified_gmt":"2022-09-30T22:19:23","slug":"sufrio-salida-de-camino-con-su-camioneta","status":"publish","type":"post","link":"https:\/\/www.zunoticia.com\/noticias-de-hidalgo\/2022\/09\/30\/sufrio-salida-de-camino-con-su-camioneta\/","title":{"rendered":"Sufri\u00f3 salida de camino con su camioneta"},"content":{"rendered":"<aside class=\"mashsb-container mashsb-main mashsb-stretched\"><div class=\"mashsb-box\"><div class=\"mashsb-count mash-large\" style=\"float:left\"><div class=\"counts mashsbcount\">19<\/div><span class=\"mashsb-sharetext\">SHARES<\/span><\/div><div class=\"mashsb-buttons\"><a class=\"mashicon-facebook mash-large mash-center mashsb-noshadow\" href=\"https:\/\/www.facebook.com\/sharer.php?u=https%3A%2F%2Fwww.zunoticia.com%2Fnoticias-de-hidalgo%2F2022%2F09%2F30%2Fsufrio-salida-de-camino-con-su-camioneta%2F\" target=\"_top\" rel=\"nofollow\"><span class=\"icon\"><\/span><span class=\"text\">Share<\/span><\/a><a class=\"mashicon-twitter mash-large mash-center mashsb-noshadow\" href=\"https:\/\/twitter.com\/intent\/tweet?text=&amp;url=https:\/\/www.zunoticia.com\/noticias-de-hidalgo\/2022\/09\/30\/sufrio-salida-de-camino-con-su-camioneta\/\" target=\"_top\" rel=\"nofollow\"><span class=\"icon\"><\/span><span class=\"text\">Tweet<\/span><\/a><div class=\"onoffswitch2 mash-large mashsb-noshadow\" style=\"display:none\"><\/div><\/div>\n            <\/div>\n                <div style=\"clear:both\"><\/div><div class=\"mashsb-toggle-container\"><\/div><\/aside>\n            <!-- Share buttons by mashshare.net - Version: 4.0.47-->\n<p><em>Por Redacci\u00f3n\/Zunoticia<\/em><\/p>\n\n\n\n<p><strong>Yahualica, Hgo. &#8211;<\/strong> El conductor de una camioneta, quien presuntamente circulaba a exceso de velocidad sobre la v\u00eda estatal Atlapexco-Calnali, en l\u00edmites de Yahualica con Calnali, sufri\u00f3 una salida de camino, dej\u00e1ndole este accidente leves lesiones y da\u00f1os materiales en la unidad accidentada.<\/p>\n\n\n\n<p>El incidente ocurri\u00f3 la ma\u00f1ana del viernes, al lugar del accidente acudieron polic\u00edas municipales para tomar conocimiento de los hechos; tras el incidente el conductor V. N.N. solo tuvo lesiones leves y no ameritaba ser llevado al hospital. El tripulante de la unidad dijo que perdi\u00f3 el control de su carro y sufri\u00f3 una salida de camino por un presunto bache, pero no pas\u00f3 a mayores.<\/p>\n\n\n\n<p>La camioneta de la marca nissan, color verde, present\u00f3 da\u00f1os en la parte frontal al chocar con un mont\u00edculo de tierra, por lo que fue remolcado de ese lugar.<\/p>\n\n\n\n<p>Ante este accidente la polic\u00eda municipal exhorta a los conductores a manejar a la defensiva, sobre todo en los lugares con hundimiento y baches.<\/p>\n","protected":false},"excerpt":{"rendered":"<p>Por Redacci\u00f3n\/Zunoticia Yahualica, Hgo. &#8211; El conductor de una camioneta, quien presuntamente circulaba a exceso de velocidad sobre la v\u00eda estatal Atlapexco-Calnali, en l\u00edmites de Yahualica con Calnali, sufri\u00f3 una salida de camino, dej\u00e1ndole este accidente leves lesiones y da\u00f1os materiales en la unidad accidentada. El incidente ocurri\u00f3 la ma\u00f1ana del viernes, al lugar del&hellip; <a class=\"more-link\" href=\"https:\/\/www.zunoticia.com\/noticias-de-hidalgo\/2022\/09\/30\/sufrio-salida-de-camino-con-su-camioneta\/\">Seguir leyendo <span class=\"screen-reader-text\">Sufri\u00f3 salida de camino con su camioneta<\/span><\/a><\/p>\n","protected":false},"author":12,"featured_media":447105,"comment_status":"closed","ping_status":"open","sticky":false,"template":"","format":"standard","meta":{"rop_custom_images_group":[],"rop_custom_messages_group":[],"rop_publish_now":"initial","rop_publish_now_accounts":{"facebook_10159540855086992_322828327761733":""},"rop_publish_now_history":[],"rop_publish_now_status":"pending","footnotes":""},"categories":[179,203],"tags":[123],"class_list":["post-447104","post","type-post","status-publish","format-standard","has-post-thumbnail","hentry","category-huasteca","category-yahualica","tag-yahualica","entry"],"_links":{"self":[{"href":"https:\/\/www.zunoticia.com\/noticias-de-hidalgo\/wp-json\/wp\/v2\/posts\/447104","targetHints":{"allow":["GET"]}}],"collection":[{"href":"https:\/\/www.zunoticia.com\/noticias-de-hidalgo\/wp-json\/wp\/v2\/posts"}],"about":[{"href":"https:\/\/www.zunoticia.com\/noticias-de-hidalgo\/wp-json\/wp\/v2\/types\/post"}],"author":[{"embeddable":true,"href":"https:\/\/www.zunoticia.com\/noticias-de-hidalgo\/wp-json\/wp\/v2\/users\/12"}],"replies":[{"embeddable":true,"href":"https:\/\/www.zunoticia.com\/noticias-de-hidalgo\/wp-json\/wp\/v2\/comments?post=447104"}],"version-history":[{"count":1,"href":"https:\/\/www.zunoticia.com\/noticias-de-hidalgo\/wp-json\/wp\/v2\/posts\/447104\/revisions"}],"predecessor-version":[{"id":447106,"href":"https:\/\/www.zunoticia.com\/noticias-de-hidalgo\/wp-json\/wp\/v2\/posts\/447104\/revisions\/447106"}],"wp:featuredmedia":[{"embeddable":true,"href":"https:\/\/www.zunoticia.com\/noticias-de-hidalgo\/wp-json\/wp\/v2\/media\/447105"}],"wp:attachment":[{"href":"https:\/\/www.zunoticia.com\/noticias-de-hidalgo\/wp-json\/wp\/v2\/media?parent=447104"}],"wp:term":[{"taxonomy":"category","embeddable":true,"href":"https:\/\/www.zunoticia.com\/noticias-de-hidalgo\/wp-json\/wp\/v2\/categories?post=447104"},{"taxonomy":"post_tag","embeddable":true,"href":"https:\/\/www.zunoticia.com\/noticias-de-hidalgo\/wp-json\/wp\/v2\/tags?post=447104"}],"curies":[{"name":"wp","href":"https:\/\/api.w.org\/{rel}","templated":true}]}}