{"id":447110,"date":"2022-09-30T17:32:37","date_gmt":"2022-09-30T22:32:37","guid":{"rendered":"https:\/\/www.zunoticia.com\/noticias-de-hidalgo\/?p=447110"},"modified":"2022-09-30T17:32:40","modified_gmt":"2022-09-30T22:32:40","slug":"el-2-de-octubre-es-una-fecha-que-no-se-debe-de-olvidar-fdomez","status":"publish","type":"post","link":"https:\/\/www.zunoticia.com\/noticias-de-hidalgo\/2022\/09\/30\/el-2-de-octubre-es-una-fecha-que-no-se-debe-de-olvidar-fdomez\/","title":{"rendered":"El 2 de octubre es una fecha que no se debe de olvidar: FDOMEZ"},"content":{"rendered":"<aside class=\"mashsb-container mashsb-main mashsb-stretched\"><div class=\"mashsb-box\"><div class=\"mashsb-count mash-large\" style=\"float:left\"><div class=\"counts mashsbcount\">14<\/div><span class=\"mashsb-sharetext\">SHARES<\/span><\/div><div class=\"mashsb-buttons\"><a class=\"mashicon-facebook mash-large mash-center mashsb-noshadow\" href=\"https:\/\/www.facebook.com\/sharer.php?u=https%3A%2F%2Fwww.zunoticia.com%2Fnoticias-de-hidalgo%2F2022%2F09%2F30%2Fel-2-de-octubre-es-una-fecha-que-no-se-debe-de-olvidar-fdomez%2F\" target=\"_top\" rel=\"nofollow\"><span class=\"icon\"><\/span><span class=\"text\">Share<\/span><\/a><a class=\"mashicon-twitter mash-large mash-center mashsb-noshadow\" href=\"https:\/\/twitter.com\/intent\/tweet?text=&amp;url=https:\/\/www.zunoticia.com\/noticias-de-hidalgo\/2022\/09\/30\/el-2-de-octubre-es-una-fecha-que-no-se-debe-de-olvidar-fdomez\/\" target=\"_top\" rel=\"nofollow\"><span class=\"icon\"><\/span><span class=\"text\">Tweet<\/span><\/a><div class=\"onoffswitch2 mash-large mashsb-noshadow\" style=\"display:none\"><\/div><\/div>\n            <\/div>\n                <div style=\"clear:both\"><\/div><div class=\"mashsb-toggle-container\"><\/div><\/aside>\n            <!-- Share buttons by mashshare.net - Version: 4.0.47-->\n<p><em>Por Enedino Hern\u00e1ndez\/Zunoticia<\/em><\/p>\n\n\n\n<p><strong>Huejutla, Hgo. &#8211;<\/strong> \u201cEl 2 de octubre de 1968, es una fecha que no se debe de olvidar, se\u00f1al\u00f3 Mat\u00edas Flores, representante del Frente Democr\u00e1tico Oriental de M\u00e9xico Emiliano Zapata (FDOMEZ).<\/p>\n\n\n\n<p>Record\u00f3 que el 2 de octubre de 1968, en la Ciudad de M\u00e9xico se suscit\u00f3 una terrible matanza en Tlatelolco, en la Plaza de las Tres Culturas, provocando la muerte de un buen n\u00famero de personas, una brutal culminaci\u00f3n de delitos que podr\u00edan ser considerados contra la humanidad, perpetrados desde el gobierno de M\u00e9xico en contra de los estudiantes a lo largo de ese a\u00f1o, caracterizados por detenciones masivas, arbitrarias e ilegales que se realizaron durante este per\u00edodo.<\/p>\n\n\n\n<p>\u201cConmemoramos este 2 de octubre un acontecimiento hist\u00f3rico, fue una situaci\u00f3n en donde varios ciudadanos mexicanos perdieron la vida, en especial de quienes participaron en esas actividades durante la manifestaci\u00f3n.<\/p>\n\n\n\n<p>Es un hecho que necesariamente es recordado en diversas partes del pa\u00eds para insistir que en M\u00e9xico hay represi\u00f3n, hay cr\u00edmenes de lesa humanidad.<\/p>\n\n\n\n<p>Expone que por lo tanto el movimiento popular en el pa\u00eds rememora este d\u00eda y como organizaci\u00f3n tambi\u00e9n recordamos esta fecha, en el pa\u00eds necesariamente tiene que haber justicia para las familias \u201ctiene que haber justicia para las v\u00edctimas, porque un crimen de lesa humanidad, as\u00ed como la ejecuci\u00f3n extrajudicial y la desaparici\u00f3n forzada que se practic\u00f3 en esa fecha, no prescribe hasta que no se castigue a los responsables de estos hechos tan lamentables, en donde intervinieron el ej\u00e9rcito y las mismas dependencias gubernamentales\u201d.<\/p>\n","protected":false},"excerpt":{"rendered":"<p>Por Enedino Hern\u00e1ndez\/Zunoticia Huejutla, Hgo. &#8211; \u201cEl 2 de octubre de 1968, es una fecha que no se debe de olvidar, se\u00f1al\u00f3 Mat\u00edas Flores, representante del Frente Democr\u00e1tico Oriental de M\u00e9xico Emiliano Zapata (FDOMEZ). Record\u00f3 que el 2 de octubre de 1968, en la Ciudad de M\u00e9xico se suscit\u00f3 una terrible matanza en Tlatelolco, en&hellip; <a class=\"more-link\" href=\"https:\/\/www.zunoticia.com\/noticias-de-hidalgo\/2022\/09\/30\/el-2-de-octubre-es-una-fecha-que-no-se-debe-de-olvidar-fdomez\/\">Seguir leyendo <span class=\"screen-reader-text\">El 2 de octubre es una fecha que no se debe de olvidar: FDOMEZ<\/span><\/a><\/p>\n","protected":false},"author":12,"featured_media":447111,"comment_status":"closed","ping_status":"open","sticky":false,"template":"","format":"standard","meta":{"rop_custom_images_group":[],"rop_custom_messages_group":[],"rop_publish_now":"initial","rop_publish_now_accounts":{"facebook_10159540855086992_322828327761733":""},"rop_publish_now_history":[],"rop_publish_now_status":"pending","footnotes":""},"categories":[181],"tags":[121],"class_list":["post-447110","post","type-post","status-publish","format-standard","has-post-thumbnail","hentry","category-huejutla","tag-huejutla","entry"],"_links":{"self":[{"href":"https:\/\/www.zunoticia.com\/noticias-de-hidalgo\/wp-json\/wp\/v2\/posts\/447110","targetHints":{"allow":["GET"]}}],"collection":[{"href":"https:\/\/www.zunoticia.com\/noticias-de-hidalgo\/wp-json\/wp\/v2\/posts"}],"about":[{"href":"https:\/\/www.zunoticia.com\/noticias-de-hidalgo\/wp-json\/wp\/v2\/types\/post"}],"author":[{"embeddable":true,"href":"https:\/\/www.zunoticia.com\/noticias-de-hidalgo\/wp-json\/wp\/v2\/users\/12"}],"replies":[{"embeddable":true,"href":"https:\/\/www.zunoticia.com\/noticias-de-hidalgo\/wp-json\/wp\/v2\/comments?post=447110"}],"version-history":[{"count":1,"href":"https:\/\/www.zunoticia.com\/noticias-de-hidalgo\/wp-json\/wp\/v2\/posts\/447110\/revisions"}],"predecessor-version":[{"id":447112,"href":"https:\/\/www.zunoticia.com\/noticias-de-hidalgo\/wp-json\/wp\/v2\/posts\/447110\/revisions\/447112"}],"wp:featuredmedia":[{"embeddable":true,"href":"https:\/\/www.zunoticia.com\/noticias-de-hidalgo\/wp-json\/wp\/v2\/media\/447111"}],"wp:attachment":[{"href":"https:\/\/www.zunoticia.com\/noticias-de-hidalgo\/wp-json\/wp\/v2\/media?parent=447110"}],"wp:term":[{"taxonomy":"category","embeddable":true,"href":"https:\/\/www.zunoticia.com\/noticias-de-hidalgo\/wp-json\/wp\/v2\/categories?post=447110"},{"taxonomy":"post_tag","embeddable":true,"href":"https:\/\/www.zunoticia.com\/noticias-de-hidalgo\/wp-json\/wp\/v2\/tags?post=447110"}],"curies":[{"name":"wp","href":"https:\/\/api.w.org\/{rel}","templated":true}]}}