{"id":447119,"date":"2022-09-30T17:43:50","date_gmt":"2022-09-30T22:43:50","guid":{"rendered":"https:\/\/www.zunoticia.com\/noticias-de-hidalgo\/?p=447119"},"modified":"2022-09-30T17:43:52","modified_gmt":"2022-09-30T22:43:52","slug":"despiden-a-joven-fallecido-en-accidente-de-autobus","status":"publish","type":"post","link":"https:\/\/www.zunoticia.com\/noticias-de-hidalgo\/2022\/09\/30\/despiden-a-joven-fallecido-en-accidente-de-autobus\/","title":{"rendered":"Despiden a joven fallecido en accidente de autob\u00fas"},"content":{"rendered":"<aside class=\"mashsb-container mashsb-main mashsb-stretched\"><div class=\"mashsb-box\"><div class=\"mashsb-count mash-large\" style=\"float:left\"><div class=\"counts mashsbcount\">26<\/div><span class=\"mashsb-sharetext\">SHARES<\/span><\/div><div class=\"mashsb-buttons\"><a class=\"mashicon-facebook mash-large mash-center mashsb-noshadow\" href=\"https:\/\/www.facebook.com\/sharer.php?u=https%3A%2F%2Fwww.zunoticia.com%2Fnoticias-de-hidalgo%2F2022%2F09%2F30%2Fdespiden-a-joven-fallecido-en-accidente-de-autobus%2F\" target=\"_top\" rel=\"nofollow\"><span class=\"icon\"><\/span><span class=\"text\">Share<\/span><\/a><a class=\"mashicon-twitter mash-large mash-center mashsb-noshadow\" href=\"https:\/\/twitter.com\/intent\/tweet?text=&amp;url=https:\/\/www.zunoticia.com\/noticias-de-hidalgo\/2022\/09\/30\/despiden-a-joven-fallecido-en-accidente-de-autobus\/\" target=\"_top\" rel=\"nofollow\"><span class=\"icon\"><\/span><span class=\"text\">Tweet<\/span><\/a><div class=\"onoffswitch2 mash-large mashsb-noshadow\" style=\"display:none\"><\/div><\/div>\n            <\/div>\n                <div style=\"clear:both\"><\/div><div class=\"mashsb-toggle-container\"><\/div><\/aside>\n            <!-- Share buttons by mashshare.net - Version: 4.0.47-->\n<p><em>Por Redacci\u00f3n\/Zunoticia<\/em><\/p>\n\n\n\n<p><strong>Huejutla, Hgo. &#8211;<\/strong> Con una misa de cuerpo presente que se llev\u00f3 a cabo la tarde de este viernes, en el Santuario de la Virgen de Guadalupe de esta ciudad, despiden al joven de 16 a\u00f1os de edad, Carlos Mart\u00ednez Oviedo, una de las v\u00edctimas del accidente de autob\u00fas que se registr\u00f3 el pasado 10 de septiembre, en el estado de Tamaulipas.<\/p>\n\n\n\n<figure class=\"wp-block-image size-large\"><img fetchpriority=\"high\" decoding=\"async\" width=\"1024\" height=\"576\" src=\"https:\/\/www.zunoticia.com\/noticias-de-hidalgo\/wp-content\/uploads\/2022\/09\/WhatsApp-Image-2022-09-30-at-4.41.14-PM-1024x576.jpeg\" alt=\"\" class=\"wp-image-447121\" srcset=\"https:\/\/www.zunoticia.com\/noticias-de-hidalgo\/wp-content\/uploads\/2022\/09\/WhatsApp-Image-2022-09-30-at-4.41.14-PM-1024x576.jpeg 1024w, https:\/\/www.zunoticia.com\/noticias-de-hidalgo\/wp-content\/uploads\/2022\/09\/WhatsApp-Image-2022-09-30-at-4.41.14-PM-300x169.jpeg 300w, https:\/\/www.zunoticia.com\/noticias-de-hidalgo\/wp-content\/uploads\/2022\/09\/WhatsApp-Image-2022-09-30-at-4.41.14-PM-768x432.jpeg 768w, https:\/\/www.zunoticia.com\/noticias-de-hidalgo\/wp-content\/uploads\/2022\/09\/WhatsApp-Image-2022-09-30-at-4.41.14-PM-1536x864.jpeg 1536w, https:\/\/www.zunoticia.com\/noticias-de-hidalgo\/wp-content\/uploads\/2022\/09\/WhatsApp-Image-2022-09-30-at-4.41.14-PM-1568x882.jpeg 1568w, https:\/\/www.zunoticia.com\/noticias-de-hidalgo\/wp-content\/uploads\/2022\/09\/WhatsApp-Image-2022-09-30-at-4.41.14-PM.jpeg 1599w\" sizes=\"(max-width: 1024px) 100vw, 1024px\" \/><figcaption><em>Despiden a joven de 16 a\u00f1os que perdi\u00f3 la vida en accidente de autob\u00fas en el estado de Tamaulipas.<\/em><\/figcaption><\/figure>\n\n\n\n<p>Entre l\u00e1grimas y con m\u00fasica de tr\u00edo, m\u00e1s de un centenar de personas acompa\u00f1aron a la familia del menor, quien era vecino de la colonia Paso Las Chacas de esta ciudad, fallecido en el kil\u00f3metro 67 de la carretera federal Ciudad Victoria-Monterrey, donde tambi\u00e9n murieron otras 17 personas.<\/p>\n\n\n\n<p>Despu\u00e9s de la misa, los restos mortales del jovencito fueron sepultados en el pante\u00f3n de Chacatitla.<\/p>\n","protected":false},"excerpt":{"rendered":"<p>Por Redacci\u00f3n\/Zunoticia Huejutla, Hgo. &#8211; Con una misa de cuerpo presente que se llev\u00f3 a cabo la tarde de este viernes, en el Santuario de la Virgen de Guadalupe de esta ciudad, despiden al joven de 16 a\u00f1os de edad, Carlos Mart\u00ednez Oviedo, una de las v\u00edctimas del accidente de autob\u00fas que se registr\u00f3 el&hellip; <a class=\"more-link\" href=\"https:\/\/www.zunoticia.com\/noticias-de-hidalgo\/2022\/09\/30\/despiden-a-joven-fallecido-en-accidente-de-autobus\/\">Seguir leyendo <span class=\"screen-reader-text\">Despiden a joven fallecido en accidente de autob\u00fas<\/span><\/a><\/p>\n","protected":false},"author":12,"featured_media":447120,"comment_status":"closed","ping_status":"open","sticky":false,"template":"","format":"standard","meta":{"rop_custom_images_group":[],"rop_custom_messages_group":[],"rop_publish_now":"initial","rop_publish_now_accounts":{"facebook_10159540855086992_322828327761733":""},"rop_publish_now_history":[],"rop_publish_now_status":"pending","footnotes":""},"categories":[178],"tags":[121],"class_list":["post-447119","post","type-post","status-publish","format-standard","has-post-thumbnail","hentry","category-policiaca","tag-huejutla","entry"],"_links":{"self":[{"href":"https:\/\/www.zunoticia.com\/noticias-de-hidalgo\/wp-json\/wp\/v2\/posts\/447119","targetHints":{"allow":["GET"]}}],"collection":[{"href":"https:\/\/www.zunoticia.com\/noticias-de-hidalgo\/wp-json\/wp\/v2\/posts"}],"about":[{"href":"https:\/\/www.zunoticia.com\/noticias-de-hidalgo\/wp-json\/wp\/v2\/types\/post"}],"author":[{"embeddable":true,"href":"https:\/\/www.zunoticia.com\/noticias-de-hidalgo\/wp-json\/wp\/v2\/users\/12"}],"replies":[{"embeddable":true,"href":"https:\/\/www.zunoticia.com\/noticias-de-hidalgo\/wp-json\/wp\/v2\/comments?post=447119"}],"version-history":[{"count":1,"href":"https:\/\/www.zunoticia.com\/noticias-de-hidalgo\/wp-json\/wp\/v2\/posts\/447119\/revisions"}],"predecessor-version":[{"id":447122,"href":"https:\/\/www.zunoticia.com\/noticias-de-hidalgo\/wp-json\/wp\/v2\/posts\/447119\/revisions\/447122"}],"wp:featuredmedia":[{"embeddable":true,"href":"https:\/\/www.zunoticia.com\/noticias-de-hidalgo\/wp-json\/wp\/v2\/media\/447120"}],"wp:attachment":[{"href":"https:\/\/www.zunoticia.com\/noticias-de-hidalgo\/wp-json\/wp\/v2\/media?parent=447119"}],"wp:term":[{"taxonomy":"category","embeddable":true,"href":"https:\/\/www.zunoticia.com\/noticias-de-hidalgo\/wp-json\/wp\/v2\/categories?post=447119"},{"taxonomy":"post_tag","embeddable":true,"href":"https:\/\/www.zunoticia.com\/noticias-de-hidalgo\/wp-json\/wp\/v2\/tags?post=447119"}],"curies":[{"name":"wp","href":"https:\/\/api.w.org\/{rel}","templated":true}]}}