{"id":447186,"date":"2022-09-30T23:57:21","date_gmt":"2022-10-01T04:57:21","guid":{"rendered":"https:\/\/www.zunoticia.com\/noticias-de-hidalgo\/?p=447186"},"modified":"2022-09-30T23:57:22","modified_gmt":"2022-10-01T04:57:22","slug":"espejeando-por-perseo-425","status":"publish","type":"post","link":"https:\/\/www.zunoticia.com\/noticias-de-hidalgo\/2022\/09\/30\/espejeando-por-perseo-425\/","title":{"rendered":"ESPEJEANDO por Perseo"},"content":{"rendered":"<aside class=\"mashsb-container mashsb-main mashsb-stretched\"><div class=\"mashsb-box\"><div class=\"mashsb-count mash-large\" style=\"float:left\"><div class=\"counts mashsbcount\">28<\/div><span class=\"mashsb-sharetext\">SHARES<\/span><\/div><div class=\"mashsb-buttons\"><a class=\"mashicon-facebook mash-large mash-center mashsb-noshadow\" href=\"https:\/\/www.facebook.com\/sharer.php?u=https%3A%2F%2Fwww.zunoticia.com%2Fnoticias-de-hidalgo%2F2022%2F09%2F30%2Fespejeando-por-perseo-425%2F\" target=\"_top\" rel=\"nofollow\"><span class=\"icon\"><\/span><span class=\"text\">Share<\/span><\/a><a class=\"mashicon-twitter mash-large mash-center mashsb-noshadow\" href=\"https:\/\/twitter.com\/intent\/tweet?text=&amp;url=https:\/\/www.zunoticia.com\/noticias-de-hidalgo\/2022\/09\/30\/espejeando-por-perseo-425\/\" target=\"_top\" rel=\"nofollow\"><span class=\"icon\"><\/span><span class=\"text\">Tweet<\/span><\/a><div class=\"onoffswitch2 mash-large mashsb-noshadow\" style=\"display:none\"><\/div><\/div>\n            <\/div>\n                <div style=\"clear:both\"><\/div><div class=\"mashsb-toggle-container\"><\/div><\/aside>\n            <!-- Share buttons by mashshare.net - Version: 4.0.47-->\n<p>\u2022 Los maestros de educaci\u00f3n ind\u00edgena y primaria formal est\u00e1n atentos, pues desde alg\u00fan lugar alguien insiste en impulsar a Sinah\u00ed Ortega P\u00e9rez en el cargo de la subdirecci\u00f3n de educaci\u00f3n en Huejutla y con el control, atenci\u00f3n y servicio de las m\u00e1s de 850 instituciones educativas que lo conforman. Quien sabe porque les interesa tanto.<\/p>\n\n\n\n<p>\u2022 La visita del l\u00edder sindical de la secci\u00f3n XV trajo consigo lecturas que alert\u00f3 al magisterio, porque lo que se platicaba en campa\u00f1a en el sentido de que, a cambio de apoyo econ\u00f3mico y pol\u00edtico a Nueva Alianza, en reciprocidad le dar\u00edan manga ancha a Ra\u00fal Badillo para que pusiera candidatos en su momento, pero parece que tambi\u00e9n pudiera buscar colocar a allegados en algunas responsabilidades educativas, como ser\u00eda el caso de la pretensi\u00f3n de Sinah\u00ed.<\/p>\n\n\n\n<p>\u2022 Grave falta a la palabra del nuevo secretario del SNTE Secci\u00f3n 15 ser\u00eda si respaldara en politizar a la educaci\u00f3n, que, para transformar, como fue su dicho, requiere a los mejores maestros y maestras en los liderazgos desde donde se pueda impulsar la propuesta.<\/p>\n\n\n\n<p>\u2022 Los compromisos de \u00edndole pol\u00edtica deben cumplirse, pero en esa misma v\u00eda, en candidaturas si lo consideran, pero buscar apropiarse de los espacios de servicios y atenci\u00f3n a un mundo plural de expresi\u00f3n, como es el sector magisterial, que requieren y tienen gente seria y profesional en el manejo institucional y de servicio al maestro, eso es reprobable.<\/p>\n\n\n\n<p>\u2022 Insistir en sostener las mismas formas y nombres para seguir haciendo pol\u00edtica a la antigua, cuando ya son otros los actores y otra la mentalidad con la que se gobierna, se aprecia como un retroceso, en el que figuras realmente comprometidas con la educaci\u00f3n principalmente, es muy dif\u00edcil que le acompa\u00f1en.<\/p>\n\n\n\n<p>\u2022 As\u00ed fue -como dijo Juan Gabriel- que el pasado lunes en Atlapexco, Ra\u00fal Badillo ped\u00eda al l\u00edder de la secci\u00f3n XV un espacio para Sinah\u00ed Ortega, reci\u00e9n despedido del Ayuntamiento de Huejutla, al que pretender\u00eda instalar en la subdirecci\u00f3n de Servicios Regionales de Educaci\u00f3n en Huejutla.<\/p>\n\n\n\n<p>\u2022 Los maestros se dieron cuenta y sectores de inmediato expresaron, Dios nos Libre a los Maestros. Rechazando que alguien intente meterlos a un corral de borregos de lo que han venido huyendo y por eso son la expresi\u00f3n libre y plural.<\/p>\n\n\n\n<p>\u2022 Los docentes al ver el intento consideraron que estos espacios no son para tener gente de ocurrencias o para crear espacios de poder.<\/p>\n\n\n\n<p>\u2022 El diagn\u00f3stico de atenci\u00f3n y servicio en la Subdirecci\u00f3n de Servicio Regionales en la Huasteca est\u00e1 clara por la sensibilidad, atenci\u00f3n y acercamiento para maestros y administradores. Hoy el panorama es claro, est\u00e1 mejor representada que nunca la Secretar\u00eda de Educaci\u00f3n.<\/p>\n\n\n\n<p>\u2022\u2022 Los negocios del primer cuadro de la ciudad, que solicitan que sea el gobierno quien les repare los arcos y techumbres del primer cuadro de la ciudad, como habr\u00eda quedado establecido, debieran sin embargo replantear la posibilidad de hacerlo en conjunto con ellos, como intenci\u00f3n de invertir para crear al municipio como pueblo m\u00e1gico.<\/p>\n\n\n\n<p>\u2022\u2022 Adem\u00e1s que la mejora de la zona centro todo el a\u00f1o es de aprovechamiento en sus ventas.<\/p>\n\n\n\n<p>\u2022\u2022 El \u00e1rea de Desarrollo Econ\u00f3mico Municipal con Salatiel Dom\u00ednguez al frente est\u00e1 presentando una faceta innovadora al buscar incidir en la nueva inercia por crecer y ser pueblo m\u00e1gico.<\/p>\n\n\n\n<p>\u2022\u2022 Este paso lleva un sin fin de pasos no solo en la intenci\u00f3n del gobierno, sino tambi\u00e9n de la actitud del comerciante, del prestador de servicio.<\/p>\n\n\n\n<p>\u2022\u2022 Si los prestadores de servicios, las c\u00e1maras de comercio no cierran filas en las visiones y actitudes que requiere el municipio, se volver\u00e1 muy dif\u00edcil alcanzar los objetivos, pero si entienden el fondo y facilitan en las capacitaciones y los trabajos coordinados, pronto se pudieran ver frutos.<\/p>\n\n\n\n<figure class=\"wp-block-image size-large\"><img fetchpriority=\"high\" decoding=\"async\" width=\"1024\" height=\"1024\" src=\"https:\/\/www.zunoticia.com\/noticias-de-hidalgo\/wp-content\/uploads\/2022\/09\/WhatsApp-Image-2022-09-30-at-11.14.56-PM-1024x1024.jpeg\" alt=\"\" class=\"wp-image-447188\" srcset=\"https:\/\/www.zunoticia.com\/noticias-de-hidalgo\/wp-content\/uploads\/2022\/09\/WhatsApp-Image-2022-09-30-at-11.14.56-PM-1024x1024.jpeg 1024w, https:\/\/www.zunoticia.com\/noticias-de-hidalgo\/wp-content\/uploads\/2022\/09\/WhatsApp-Image-2022-09-30-at-11.14.56-PM-300x300.jpeg 300w, https:\/\/www.zunoticia.com\/noticias-de-hidalgo\/wp-content\/uploads\/2022\/09\/WhatsApp-Image-2022-09-30-at-11.14.56-PM-150x150.jpeg 150w, https:\/\/www.zunoticia.com\/noticias-de-hidalgo\/wp-content\/uploads\/2022\/09\/WhatsApp-Image-2022-09-30-at-11.14.56-PM-768x768.jpeg 768w, https:\/\/www.zunoticia.com\/noticias-de-hidalgo\/wp-content\/uploads\/2022\/09\/WhatsApp-Image-2022-09-30-at-11.14.56-PM.jpeg 1080w\" sizes=\"(max-width: 1024px) 100vw, 1024px\" \/><\/figure>\n","protected":false},"excerpt":{"rendered":"<p>\u2022 Los maestros de educaci\u00f3n ind\u00edgena y primaria formal est\u00e1n atentos, pues desde alg\u00fan lugar alguien insiste en impulsar a Sinah\u00ed Ortega P\u00e9rez en el cargo de la subdirecci\u00f3n de educaci\u00f3n en Huejutla y con el control, atenci\u00f3n y servicio de las m\u00e1s de 850 instituciones educativas que lo conforman. Quien sabe porque les interesa&hellip; <a class=\"more-link\" href=\"https:\/\/www.zunoticia.com\/noticias-de-hidalgo\/2022\/09\/30\/espejeando-por-perseo-425\/\">Seguir leyendo <span class=\"screen-reader-text\">ESPEJEANDO por Perseo<\/span><\/a><\/p>\n","protected":false},"author":12,"featured_media":447187,"comment_status":"closed","ping_status":"open","sticky":false,"template":"","format":"standard","meta":{"rop_custom_images_group":[],"rop_custom_messages_group":[],"rop_publish_now":"initial","rop_publish_now_accounts":{"facebook_10159540855086992_322828327761733":""},"rop_publish_now_history":[],"rop_publish_now_status":"pending","footnotes":""},"categories":[178],"tags":[259],"class_list":["post-447186","post","type-post","status-publish","format-standard","has-post-thumbnail","hentry","category-policiaca","tag-policiaca","entry"],"_links":{"self":[{"href":"https:\/\/www.zunoticia.com\/noticias-de-hidalgo\/wp-json\/wp\/v2\/posts\/447186","targetHints":{"allow":["GET"]}}],"collection":[{"href":"https:\/\/www.zunoticia.com\/noticias-de-hidalgo\/wp-json\/wp\/v2\/posts"}],"about":[{"href":"https:\/\/www.zunoticia.com\/noticias-de-hidalgo\/wp-json\/wp\/v2\/types\/post"}],"author":[{"embeddable":true,"href":"https:\/\/www.zunoticia.com\/noticias-de-hidalgo\/wp-json\/wp\/v2\/users\/12"}],"replies":[{"embeddable":true,"href":"https:\/\/www.zunoticia.com\/noticias-de-hidalgo\/wp-json\/wp\/v2\/comments?post=447186"}],"version-history":[{"count":1,"href":"https:\/\/www.zunoticia.com\/noticias-de-hidalgo\/wp-json\/wp\/v2\/posts\/447186\/revisions"}],"predecessor-version":[{"id":447189,"href":"https:\/\/www.zunoticia.com\/noticias-de-hidalgo\/wp-json\/wp\/v2\/posts\/447186\/revisions\/447189"}],"wp:featuredmedia":[{"embeddable":true,"href":"https:\/\/www.zunoticia.com\/noticias-de-hidalgo\/wp-json\/wp\/v2\/media\/447187"}],"wp:attachment":[{"href":"https:\/\/www.zunoticia.com\/noticias-de-hidalgo\/wp-json\/wp\/v2\/media?parent=447186"}],"wp:term":[{"taxonomy":"category","embeddable":true,"href":"https:\/\/www.zunoticia.com\/noticias-de-hidalgo\/wp-json\/wp\/v2\/categories?post=447186"},{"taxonomy":"post_tag","embeddable":true,"href":"https:\/\/www.zunoticia.com\/noticias-de-hidalgo\/wp-json\/wp\/v2\/tags?post=447186"}],"curies":[{"name":"wp","href":"https:\/\/api.w.org\/{rel}","templated":true}]}}