{"id":447196,"date":"2022-10-01T12:04:45","date_gmt":"2022-10-01T17:04:45","guid":{"rendered":"https:\/\/www.zunoticia.com\/noticias-de-hidalgo\/?p=447196"},"modified":"2022-10-01T12:04:47","modified_gmt":"2022-10-01T17:04:47","slug":"roban-camioneta-en-la-cuauhtemoc","status":"publish","type":"post","link":"https:\/\/www.zunoticia.com\/noticias-de-hidalgo\/2022\/10\/01\/roban-camioneta-en-la-cuauhtemoc\/","title":{"rendered":"Roban camioneta en la Cuauht\u00e9moc"},"content":{"rendered":"<aside class=\"mashsb-container mashsb-main mashsb-stretched\"><div class=\"mashsb-box\"><div class=\"mashsb-count mash-large\" style=\"float:left\"><div class=\"counts mashsbcount\">7<\/div><span class=\"mashsb-sharetext\">SHARES<\/span><\/div><div class=\"mashsb-buttons\"><a class=\"mashicon-facebook mash-large mash-center mashsb-noshadow\" href=\"https:\/\/www.facebook.com\/sharer.php?u=https%3A%2F%2Fwww.zunoticia.com%2Fnoticias-de-hidalgo%2F2022%2F10%2F01%2Froban-camioneta-en-la-cuauhtemoc%2F\" target=\"_top\" rel=\"nofollow\"><span class=\"icon\"><\/span><span class=\"text\">Share<\/span><\/a><a class=\"mashicon-twitter mash-large mash-center mashsb-noshadow\" href=\"https:\/\/twitter.com\/intent\/tweet?text=&amp;url=https:\/\/www.zunoticia.com\/noticias-de-hidalgo\/2022\/10\/01\/roban-camioneta-en-la-cuauhtemoc\/\" target=\"_top\" rel=\"nofollow\"><span class=\"icon\"><\/span><span class=\"text\">Tweet<\/span><\/a><div class=\"onoffswitch2 mash-large mashsb-noshadow\" style=\"display:none\"><\/div><\/div>\n            <\/div>\n                <div style=\"clear:both\"><\/div><div class=\"mashsb-toggle-container\"><\/div><\/aside>\n            <!-- Share buttons by mashshare.net - Version: 4.0.47-->\n<p><em>Por Redacci\u00f3n\/Zunoticia<\/em><\/p>\n\n\n\n<p><strong>Huejutla, Hgo. &#8211;<\/strong> Un veh\u00edculo particular fue robado cuando se encontraba presuntamente estacionado en las afueras de un domicilio, lo que caus\u00f3 la movilizaci\u00f3n de los propietarios.<\/p>\n\n\n\n<p>Los hechos ocurrieron la madrugada del s\u00e1bado, sobre la calle Cuauht\u00e9moc de la colonia Capit\u00e1n Antonio Reyes, lugar donde una camioneta marca Silverado, de color blanco, con placas de circulaci\u00f3n XV-60-703 fue robada por personas hasta el momento desconocidas, cuando se encontraba estacionada afuera del domicilio de uno de los vecinos del lugar antes mencionado.<\/p>\n\n\n\n<figure class=\"wp-block-image size-full\"><img fetchpriority=\"high\" decoding=\"async\" width=\"847\" height=\"830\" src=\"https:\/\/www.zunoticia.com\/noticias-de-hidalgo\/wp-content\/uploads\/2022\/10\/IMG-20221001-WA0016.jpg\" alt=\"\" class=\"wp-image-447197\" srcset=\"https:\/\/www.zunoticia.com\/noticias-de-hidalgo\/wp-content\/uploads\/2022\/10\/IMG-20221001-WA0016.jpg 847w, https:\/\/www.zunoticia.com\/noticias-de-hidalgo\/wp-content\/uploads\/2022\/10\/IMG-20221001-WA0016-300x294.jpg 300w, https:\/\/www.zunoticia.com\/noticias-de-hidalgo\/wp-content\/uploads\/2022\/10\/IMG-20221001-WA0016-768x753.jpg 768w\" sizes=\"(max-width: 847px) 100vw, 847px\" \/><\/figure>\n\n\n\n<p>El due\u00f1o de la unidad inmediatamente se moviliz\u00f3 y pidi\u00f3 el apoyo de las autoridades policiacas para realizar la b\u00fasqueda del veh\u00edculo y evitar que \u201clos amantes de lo ajeno\u201d se salieran con las suyas, desafortunadamente no lograron localizar el veh\u00edculo, por lo que esperan se obtengan resultados; as\u00ed mismo, cualquier informaci\u00f3n que lleve al paradero del veh\u00edculo pueden comunicarse al n\u00famero telef\u00f3nico de la polic\u00eda municipal 7898960212.<\/p>\n","protected":false},"excerpt":{"rendered":"<p>Por Redacci\u00f3n\/Zunoticia Huejutla, Hgo. &#8211; Un veh\u00edculo particular fue robado cuando se encontraba presuntamente estacionado en las afueras de un domicilio, lo que caus\u00f3 la movilizaci\u00f3n de los propietarios. Los hechos ocurrieron la madrugada del s\u00e1bado, sobre la calle Cuauht\u00e9moc de la colonia Capit\u00e1n Antonio Reyes, lugar donde una camioneta marca Silverado, de color blanco,&hellip; <a class=\"more-link\" href=\"https:\/\/www.zunoticia.com\/noticias-de-hidalgo\/2022\/10\/01\/roban-camioneta-en-la-cuauhtemoc\/\">Seguir leyendo <span class=\"screen-reader-text\">Roban camioneta en la Cuauht\u00e9moc<\/span><\/a><\/p>\n","protected":false},"author":12,"featured_media":447198,"comment_status":"closed","ping_status":"open","sticky":false,"template":"","format":"standard","meta":{"rop_custom_images_group":[],"rop_custom_messages_group":[],"rop_publish_now":"initial","rop_publish_now_accounts":{"facebook_10159540855086992_322828327761733":""},"rop_publish_now_history":[],"rop_publish_now_status":"pending","footnotes":""},"categories":[178],"tags":[121],"class_list":["post-447196","post","type-post","status-publish","format-standard","has-post-thumbnail","hentry","category-policiaca","tag-huejutla","entry"],"_links":{"self":[{"href":"https:\/\/www.zunoticia.com\/noticias-de-hidalgo\/wp-json\/wp\/v2\/posts\/447196","targetHints":{"allow":["GET"]}}],"collection":[{"href":"https:\/\/www.zunoticia.com\/noticias-de-hidalgo\/wp-json\/wp\/v2\/posts"}],"about":[{"href":"https:\/\/www.zunoticia.com\/noticias-de-hidalgo\/wp-json\/wp\/v2\/types\/post"}],"author":[{"embeddable":true,"href":"https:\/\/www.zunoticia.com\/noticias-de-hidalgo\/wp-json\/wp\/v2\/users\/12"}],"replies":[{"embeddable":true,"href":"https:\/\/www.zunoticia.com\/noticias-de-hidalgo\/wp-json\/wp\/v2\/comments?post=447196"}],"version-history":[{"count":1,"href":"https:\/\/www.zunoticia.com\/noticias-de-hidalgo\/wp-json\/wp\/v2\/posts\/447196\/revisions"}],"predecessor-version":[{"id":447199,"href":"https:\/\/www.zunoticia.com\/noticias-de-hidalgo\/wp-json\/wp\/v2\/posts\/447196\/revisions\/447199"}],"wp:featuredmedia":[{"embeddable":true,"href":"https:\/\/www.zunoticia.com\/noticias-de-hidalgo\/wp-json\/wp\/v2\/media\/447198"}],"wp:attachment":[{"href":"https:\/\/www.zunoticia.com\/noticias-de-hidalgo\/wp-json\/wp\/v2\/media?parent=447196"}],"wp:term":[{"taxonomy":"category","embeddable":true,"href":"https:\/\/www.zunoticia.com\/noticias-de-hidalgo\/wp-json\/wp\/v2\/categories?post=447196"},{"taxonomy":"post_tag","embeddable":true,"href":"https:\/\/www.zunoticia.com\/noticias-de-hidalgo\/wp-json\/wp\/v2\/tags?post=447196"}],"curies":[{"name":"wp","href":"https:\/\/api.w.org\/{rel}","templated":true}]}}