{"id":447200,"date":"2022-10-01T14:12:16","date_gmt":"2022-10-01T19:12:16","guid":{"rendered":"https:\/\/www.zunoticia.com\/noticias-de-hidalgo\/?p=447200"},"modified":"2022-10-01T14:12:18","modified_gmt":"2022-10-01T19:12:18","slug":"la-milpa-es-la-solucion-a-la-problematica-alimentaria-docente-del-ith","status":"publish","type":"post","link":"https:\/\/www.zunoticia.com\/noticias-de-hidalgo\/2022\/10\/01\/la-milpa-es-la-solucion-a-la-problematica-alimentaria-docente-del-ith\/","title":{"rendered":"La milpa es la soluci\u00f3n a la problem\u00e1tica alimentaria: Docente del ITH"},"content":{"rendered":"<aside class=\"mashsb-container mashsb-main mashsb-stretched\"><div class=\"mashsb-box\"><div class=\"mashsb-count mash-large\" style=\"float:left\"><div class=\"counts mashsbcount\">22<\/div><span class=\"mashsb-sharetext\">SHARES<\/span><\/div><div class=\"mashsb-buttons\"><a class=\"mashicon-facebook mash-large mash-center mashsb-noshadow\" href=\"https:\/\/www.facebook.com\/sharer.php?u=https%3A%2F%2Fwww.zunoticia.com%2Fnoticias-de-hidalgo%2F2022%2F10%2F01%2Fla-milpa-es-la-solucion-a-la-problematica-alimentaria-docente-del-ith%2F\" target=\"_top\" rel=\"nofollow\"><span class=\"icon\"><\/span><span class=\"text\">Share<\/span><\/a><a class=\"mashicon-twitter mash-large mash-center mashsb-noshadow\" href=\"https:\/\/twitter.com\/intent\/tweet?text=&amp;url=https:\/\/www.zunoticia.com\/noticias-de-hidalgo\/2022\/10\/01\/la-milpa-es-la-solucion-a-la-problematica-alimentaria-docente-del-ith\/\" target=\"_top\" rel=\"nofollow\"><span class=\"icon\"><\/span><span class=\"text\">Tweet<\/span><\/a><div class=\"onoffswitch2 mash-large mashsb-noshadow\" style=\"display:none\"><\/div><\/div>\n            <\/div>\n                <div style=\"clear:both\"><\/div><div class=\"mashsb-toggle-container\"><\/div><\/aside>\n            <!-- Share buttons by mashshare.net - Version: 4.0.47-->\n<p><em>Por Salvador Altamirano<\/em>\/Zunoticia <\/p>\n\n\n\n<p><strong>Huejutla, Hgo. &#8211; <\/strong>Entrevistado en el marco del evento del &#8220;D\u00eda Nacional del Ma\u00edz&#8221;, Graciano Aguado Lara docente del Instituto Tecnol\u00f3gico de Huejutla (ITH), enfatiz\u00f3 que considera que la soluci\u00f3n a la problem\u00e1tica alimentaria es la siembra de la milpa, muy en especial de ma\u00edz criollo.<\/p>\n\n\n\n<p>Agreg\u00f3 que ante tal hip\u00f3tesis, que aunque es de car\u00e1cter personal, est\u00e1n tratando si no de rescatar la siembra de la milpa, el impulsar que los campesinos la sigan cultivando, que miren hacia a\u00f1os atr\u00e1s, cuando la producci\u00f3n del grano regional estaba en auge.<\/p>\n\n\n\n<figure class=\"wp-block-image size-large\"><img fetchpriority=\"high\" decoding=\"async\" width=\"1024\" height=\"576\" src=\"https:\/\/www.zunoticia.com\/noticias-de-hidalgo\/wp-content\/uploads\/2022\/10\/Photo_1664651065298-1024x576.jpg\" alt=\"\" class=\"wp-image-447202\" srcset=\"https:\/\/www.zunoticia.com\/noticias-de-hidalgo\/wp-content\/uploads\/2022\/10\/Photo_1664651065298-1024x576.jpg 1024w, https:\/\/www.zunoticia.com\/noticias-de-hidalgo\/wp-content\/uploads\/2022\/10\/Photo_1664651065298-300x169.jpg 300w, https:\/\/www.zunoticia.com\/noticias-de-hidalgo\/wp-content\/uploads\/2022\/10\/Photo_1664651065298-768x432.jpg 768w, https:\/\/www.zunoticia.com\/noticias-de-hidalgo\/wp-content\/uploads\/2022\/10\/Photo_1664651065298.jpg 1280w\" sizes=\"(max-width: 1024px) 100vw, 1024px\" \/><\/figure>\n\n\n\n<p>Cuestionado respecto a qu\u00e9 tanto les ha perjudicado la introducci\u00f3n del ma\u00edz transg\u00e9nico, respondi\u00f3 que en la regi\u00f3n casi no ha ocasionado problema, la gente sigue cultiv\u00e1ndolo, aunque ya no en gran magnitud.<\/p>\n\n\n\n<p>En el mismo contexto, refiri\u00f3 que para impulsar la siembra del ma\u00edz regional, en la instituci\u00f3n educativa est\u00e1n implementando programas de acci\u00f3n, est\u00e1n moviendo b\u00e1sicamente la recuperaci\u00f3n plena del ma\u00edz criollo el cual es de excelente calidad.<\/p>\n\n\n\n<p>Para concluir, Aguado Lara especific\u00f3 que el grano de la regi\u00f3n ostenta varios colores: amarillo, blanco, negro, morado y rojo, siendo el m\u00e1s com\u00fan el amarillo; todas esas especies cultivadas en la milpa sin uso de qu\u00edmicos.<\/p>\n","protected":false},"excerpt":{"rendered":"<p>Por Salvador Altamirano\/Zunoticia Huejutla, Hgo. &#8211; Entrevistado en el marco del evento del &#8220;D\u00eda Nacional del Ma\u00edz&#8221;, Graciano Aguado Lara docente del Instituto Tecnol\u00f3gico de Huejutla (ITH), enfatiz\u00f3 que considera que la soluci\u00f3n a la problem\u00e1tica alimentaria es la siembra de la milpa, muy en especial de ma\u00edz criollo. Agreg\u00f3 que ante tal hip\u00f3tesis, que&hellip; <a class=\"more-link\" href=\"https:\/\/www.zunoticia.com\/noticias-de-hidalgo\/2022\/10\/01\/la-milpa-es-la-solucion-a-la-problematica-alimentaria-docente-del-ith\/\">Seguir leyendo <span class=\"screen-reader-text\">La milpa es la soluci\u00f3n a la problem\u00e1tica alimentaria: Docente del ITH<\/span><\/a><\/p>\n","protected":false},"author":12,"featured_media":447201,"comment_status":"closed","ping_status":"open","sticky":false,"template":"","format":"standard","meta":{"rop_custom_images_group":[],"rop_custom_messages_group":[],"rop_publish_now":"initial","rop_publish_now_accounts":{"facebook_10159540855086992_322828327761733":""},"rop_publish_now_history":[],"rop_publish_now_status":"pending","footnotes":""},"categories":[181],"tags":[121],"class_list":["post-447200","post","type-post","status-publish","format-standard","has-post-thumbnail","hentry","category-huejutla","tag-huejutla","entry"],"_links":{"self":[{"href":"https:\/\/www.zunoticia.com\/noticias-de-hidalgo\/wp-json\/wp\/v2\/posts\/447200","targetHints":{"allow":["GET"]}}],"collection":[{"href":"https:\/\/www.zunoticia.com\/noticias-de-hidalgo\/wp-json\/wp\/v2\/posts"}],"about":[{"href":"https:\/\/www.zunoticia.com\/noticias-de-hidalgo\/wp-json\/wp\/v2\/types\/post"}],"author":[{"embeddable":true,"href":"https:\/\/www.zunoticia.com\/noticias-de-hidalgo\/wp-json\/wp\/v2\/users\/12"}],"replies":[{"embeddable":true,"href":"https:\/\/www.zunoticia.com\/noticias-de-hidalgo\/wp-json\/wp\/v2\/comments?post=447200"}],"version-history":[{"count":1,"href":"https:\/\/www.zunoticia.com\/noticias-de-hidalgo\/wp-json\/wp\/v2\/posts\/447200\/revisions"}],"predecessor-version":[{"id":447203,"href":"https:\/\/www.zunoticia.com\/noticias-de-hidalgo\/wp-json\/wp\/v2\/posts\/447200\/revisions\/447203"}],"wp:featuredmedia":[{"embeddable":true,"href":"https:\/\/www.zunoticia.com\/noticias-de-hidalgo\/wp-json\/wp\/v2\/media\/447201"}],"wp:attachment":[{"href":"https:\/\/www.zunoticia.com\/noticias-de-hidalgo\/wp-json\/wp\/v2\/media?parent=447200"}],"wp:term":[{"taxonomy":"category","embeddable":true,"href":"https:\/\/www.zunoticia.com\/noticias-de-hidalgo\/wp-json\/wp\/v2\/categories?post=447200"},{"taxonomy":"post_tag","embeddable":true,"href":"https:\/\/www.zunoticia.com\/noticias-de-hidalgo\/wp-json\/wp\/v2\/tags?post=447200"}],"curies":[{"name":"wp","href":"https:\/\/api.w.org\/{rel}","templated":true}]}}