{"id":447222,"date":"2022-10-01T17:56:32","date_gmt":"2022-10-01T22:56:32","guid":{"rendered":"https:\/\/www.zunoticia.com\/noticias-de-hidalgo\/?p=447222"},"modified":"2022-10-01T17:56:35","modified_gmt":"2022-10-01T22:56:35","slug":"propone-asoc-de-abogados-que-parque-industrial-se-reestructure-en-oficinas-de-gobierno","status":"publish","type":"post","link":"https:\/\/www.zunoticia.com\/noticias-de-hidalgo\/2022\/10\/01\/propone-asoc-de-abogados-que-parque-industrial-se-reestructure-en-oficinas-de-gobierno\/","title":{"rendered":"Propone Asoc. de Abogados que parque industrial se reestructure en oficinas de gobierno"},"content":{"rendered":"<aside class=\"mashsb-container mashsb-main mashsb-stretched\"><div class=\"mashsb-box\"><div class=\"mashsb-count mash-large\" style=\"float:left\"><div class=\"counts mashsbcount\">44<\/div><span class=\"mashsb-sharetext\">SHARES<\/span><\/div><div class=\"mashsb-buttons\"><a class=\"mashicon-facebook mash-large mash-center mashsb-noshadow\" href=\"https:\/\/www.facebook.com\/sharer.php?u=https%3A%2F%2Fwww.zunoticia.com%2Fnoticias-de-hidalgo%2F2022%2F10%2F01%2Fpropone-asoc-de-abogados-que-parque-industrial-se-reestructure-en-oficinas-de-gobierno%2F\" target=\"_top\" rel=\"nofollow\"><span class=\"icon\"><\/span><span class=\"text\">Share<\/span><\/a><a class=\"mashicon-twitter mash-large mash-center mashsb-noshadow\" href=\"https:\/\/twitter.com\/intent\/tweet?text=&amp;url=https:\/\/www.zunoticia.com\/noticias-de-hidalgo\/2022\/10\/01\/propone-asoc-de-abogados-que-parque-industrial-se-reestructure-en-oficinas-de-gobierno\/\" target=\"_top\" rel=\"nofollow\"><span class=\"icon\"><\/span><span class=\"text\">Tweet<\/span><\/a><div class=\"onoffswitch2 mash-large mashsb-noshadow\" style=\"display:none\"><\/div><\/div>\n            <\/div>\n                <div style=\"clear:both\"><\/div><div class=\"mashsb-toggle-container\"><\/div><\/aside>\n            <!-- Share buttons by mashshare.net - Version: 4.0.47-->\n<p><em>Por Salvador Altamirano\/Zunoticia<\/em><\/p>\n\n\n\n<p><strong>Huejutla, Hgo. &#8211;<\/strong> Entrevistado en torno a la decisi\u00f3n del Gobernador del Estado, Julio Menchaca Salazar, de convertir la llamada Casa Blanca, residencia temporal de gobernadores, en un centro de promoci\u00f3n cultural, el presidente de la Asociaci\u00f3n de Abogados de la Huasteca, Juan Aguado Solares expres\u00f3 que se debe de preservar la identidad que caracteriza a cualquier pueblo de la Rep\u00fablica, y Huejutla no es la excepci\u00f3n.<\/p>\n\n\n\n<p>Enfatiz\u00f3 que la cultura regional es muy amplia, durante el a\u00f1o se celebran diversas tradiciones, siendo la m\u00e1s importante Xantolo.<\/p>\n\n\n\n<p>De ah\u00ed que hace falta -opin\u00f3-, crear una casa de la cultura, pero no para preservar las tradiciones, sino para que sea sede de trabajos de investigaci\u00f3n para enriquecer el acervo cultural.<\/p>\n\n\n\n<p>Advirti\u00f3 que el inmueble que no se usa se deteriora, y en la pr\u00e1ctica ya ten\u00eda m\u00e1s de doce a\u00f1os que los gobernadores no llegaban a pernoctar en la casa blanca, cuando ven\u00edan la ocupaban para tener reuniones con grupos pol\u00edticos, por lo que es aplaudible que se abra y se ocupen no s\u00f3lo ese, si no todos los edificios p\u00fablicos, y no se siga pagando rentas.<\/p>\n\n\n\n<p>Acentu\u00f3 que ir\u00eda un poquito m\u00e1s all\u00e1, \u201cpedirle al se\u00f1or gobernador que si no hay un proyecto a corto plazo para el parque industrial, que se pudiera rehabilitar previa m\u00ednima inversi\u00f3n en infraestructura, en oficinas gubernamentales centralizadas\u201d.<\/p>\n\n\n\n<p>Para finalizar, Aguado Solares detall\u00f3 que las oficinas de gobierno se encuentran diseminadas en Huejutla, cuyo pago de rentas le est\u00e1 costando al pueblo, por lo que se pudieran tener todas en un solo lugar, y aunado a evitar costos de alquiler, ser\u00eda m\u00e1s f\u00e1cil para las personas que buscan un servicio, si necesitan colateralmente otro ah\u00ed mismo lo encontrar\u00edan.<\/p>\n","protected":false},"excerpt":{"rendered":"<p>Por Salvador Altamirano\/Zunoticia Huejutla, Hgo. &#8211; Entrevistado en torno a la decisi\u00f3n del Gobernador del Estado, Julio Menchaca Salazar, de convertir la llamada Casa Blanca, residencia temporal de gobernadores, en un centro de promoci\u00f3n cultural, el presidente de la Asociaci\u00f3n de Abogados de la Huasteca, Juan Aguado Solares expres\u00f3 que se debe de preservar la&hellip; <a class=\"more-link\" href=\"https:\/\/www.zunoticia.com\/noticias-de-hidalgo\/2022\/10\/01\/propone-asoc-de-abogados-que-parque-industrial-se-reestructure-en-oficinas-de-gobierno\/\">Seguir leyendo <span class=\"screen-reader-text\">Propone Asoc. de Abogados que parque industrial se reestructure en oficinas de gobierno<\/span><\/a><\/p>\n","protected":false},"author":12,"featured_media":447223,"comment_status":"closed","ping_status":"open","sticky":false,"template":"","format":"standard","meta":{"rop_custom_images_group":[],"rop_custom_messages_group":[],"rop_publish_now":"initial","rop_publish_now_accounts":{"facebook_10159540855086992_322828327761733":""},"rop_publish_now_history":[],"rop_publish_now_status":"pending","footnotes":""},"categories":[181],"tags":[121],"class_list":["post-447222","post","type-post","status-publish","format-standard","has-post-thumbnail","hentry","category-huejutla","tag-huejutla","entry"],"_links":{"self":[{"href":"https:\/\/www.zunoticia.com\/noticias-de-hidalgo\/wp-json\/wp\/v2\/posts\/447222","targetHints":{"allow":["GET"]}}],"collection":[{"href":"https:\/\/www.zunoticia.com\/noticias-de-hidalgo\/wp-json\/wp\/v2\/posts"}],"about":[{"href":"https:\/\/www.zunoticia.com\/noticias-de-hidalgo\/wp-json\/wp\/v2\/types\/post"}],"author":[{"embeddable":true,"href":"https:\/\/www.zunoticia.com\/noticias-de-hidalgo\/wp-json\/wp\/v2\/users\/12"}],"replies":[{"embeddable":true,"href":"https:\/\/www.zunoticia.com\/noticias-de-hidalgo\/wp-json\/wp\/v2\/comments?post=447222"}],"version-history":[{"count":1,"href":"https:\/\/www.zunoticia.com\/noticias-de-hidalgo\/wp-json\/wp\/v2\/posts\/447222\/revisions"}],"predecessor-version":[{"id":447224,"href":"https:\/\/www.zunoticia.com\/noticias-de-hidalgo\/wp-json\/wp\/v2\/posts\/447222\/revisions\/447224"}],"wp:featuredmedia":[{"embeddable":true,"href":"https:\/\/www.zunoticia.com\/noticias-de-hidalgo\/wp-json\/wp\/v2\/media\/447223"}],"wp:attachment":[{"href":"https:\/\/www.zunoticia.com\/noticias-de-hidalgo\/wp-json\/wp\/v2\/media?parent=447222"}],"wp:term":[{"taxonomy":"category","embeddable":true,"href":"https:\/\/www.zunoticia.com\/noticias-de-hidalgo\/wp-json\/wp\/v2\/categories?post=447222"},{"taxonomy":"post_tag","embeddable":true,"href":"https:\/\/www.zunoticia.com\/noticias-de-hidalgo\/wp-json\/wp\/v2\/tags?post=447222"}],"curies":[{"name":"wp","href":"https:\/\/api.w.org\/{rel}","templated":true}]}}