{"id":447242,"date":"2022-10-01T18:06:35","date_gmt":"2022-10-01T23:06:35","guid":{"rendered":"https:\/\/www.zunoticia.com\/noticias-de-hidalgo\/?p=447242"},"modified":"2022-10-01T18:06:37","modified_gmt":"2022-10-01T23:06:37","slug":"efectuan-jornada-nacional-de-catalogo-de-los-pueblos-indigenas-y-afromexicanas","status":"publish","type":"post","link":"https:\/\/www.zunoticia.com\/noticias-de-hidalgo\/2022\/10\/01\/efectuan-jornada-nacional-de-catalogo-de-los-pueblos-indigenas-y-afromexicanas\/","title":{"rendered":"Efect\u00faan Jornada Nacional de Catalogo de los Pueblos Ind\u00edgenas y Afromexicanas"},"content":{"rendered":"<aside class=\"mashsb-container mashsb-main mashsb-stretched\"><div class=\"mashsb-box\"><div class=\"mashsb-count mash-large\" style=\"float:left\"><div class=\"counts mashsbcount\">18<\/div><span class=\"mashsb-sharetext\">SHARES<\/span><\/div><div class=\"mashsb-buttons\"><a class=\"mashicon-facebook mash-large mash-center mashsb-noshadow\" href=\"https:\/\/www.facebook.com\/sharer.php?u=https%3A%2F%2Fwww.zunoticia.com%2Fnoticias-de-hidalgo%2F2022%2F10%2F01%2Fefectuan-jornada-nacional-de-catalogo-de-los-pueblos-indigenas-y-afromexicanas%2F\" target=\"_top\" rel=\"nofollow\"><span class=\"icon\"><\/span><span class=\"text\">Share<\/span><\/a><a class=\"mashicon-twitter mash-large mash-center mashsb-noshadow\" href=\"https:\/\/twitter.com\/intent\/tweet?text=&amp;url=https:\/\/www.zunoticia.com\/noticias-de-hidalgo\/2022\/10\/01\/efectuan-jornada-nacional-de-catalogo-de-los-pueblos-indigenas-y-afromexicanas\/\" target=\"_top\" rel=\"nofollow\"><span class=\"icon\"><\/span><span class=\"text\">Tweet<\/span><\/a><div class=\"onoffswitch2 mash-large mashsb-noshadow\" style=\"display:none\"><\/div><\/div>\n            <\/div>\n                <div style=\"clear:both\"><\/div><div class=\"mashsb-toggle-container\"><\/div><\/aside>\n            <!-- Share buttons by mashshare.net - Version: 4.0.47-->\n<p><em>Por Roberto Meza\/Zunoticia<\/em><\/p>\n\n\n\n<p><strong>Yahualica, Hgo. &#8211;<\/strong> El ayuntamiento que preside El\u00edas Sanju\u00e1n S\u00e1nchez y el Instituto Nacional de los Pueblos Ind\u00edgenas -INPI- este s\u00e1bado efectuaron un evento del Cat\u00e1logo Nacional de los Pueblos Ind\u00edgenas y Afromexicanas, con esto se busca tener un registro de las localidades, que accedan a los programas y acciones del INPI.<\/p>\n\n\n\n<figure class=\"wp-block-image size-large\"><img fetchpriority=\"high\" decoding=\"async\" width=\"1024\" height=\"576\" src=\"https:\/\/www.zunoticia.com\/noticias-de-hidalgo\/wp-content\/uploads\/2022\/10\/WhatsApp-Image-2022-10-01-at-5.46.39-PM-1-1024x576.jpeg\" alt=\"\" class=\"wp-image-447244\" srcset=\"https:\/\/www.zunoticia.com\/noticias-de-hidalgo\/wp-content\/uploads\/2022\/10\/WhatsApp-Image-2022-10-01-at-5.46.39-PM-1-1024x576.jpeg 1024w, https:\/\/www.zunoticia.com\/noticias-de-hidalgo\/wp-content\/uploads\/2022\/10\/WhatsApp-Image-2022-10-01-at-5.46.39-PM-1-300x169.jpeg 300w, https:\/\/www.zunoticia.com\/noticias-de-hidalgo\/wp-content\/uploads\/2022\/10\/WhatsApp-Image-2022-10-01-at-5.46.39-PM-1-768x432.jpeg 768w, https:\/\/www.zunoticia.com\/noticias-de-hidalgo\/wp-content\/uploads\/2022\/10\/WhatsApp-Image-2022-10-01-at-5.46.39-PM-1.jpeg 1032w\" sizes=\"(max-width: 1024px) 100vw, 1024px\" \/><\/figure>\n\n\n\n<p>En el evento estuvo el edil El\u00edas Sanju\u00e1n S\u00e1nchez, la titular del INPI Cristina Hern\u00e1ndez Bautista e integrantes de la asamblea municipal, por lo que despu\u00e9s los delegados recibieron una capacitaci\u00f3n sobre c\u00f3mo integrar este documento en sus comunidades, en donde debe de ser avalado por las asambleas comunitarias.<\/p>\n\n\n\n<figure class=\"wp-block-image size-large\"><img decoding=\"async\" width=\"1024\" height=\"576\" src=\"https:\/\/www.zunoticia.com\/noticias-de-hidalgo\/wp-content\/uploads\/2022\/10\/WhatsApp-Image-2022-10-01-at-5.46.39-PM-2-1024x576.jpeg\" alt=\"\" class=\"wp-image-447245\" srcset=\"https:\/\/www.zunoticia.com\/noticias-de-hidalgo\/wp-content\/uploads\/2022\/10\/WhatsApp-Image-2022-10-01-at-5.46.39-PM-2-1024x576.jpeg 1024w, https:\/\/www.zunoticia.com\/noticias-de-hidalgo\/wp-content\/uploads\/2022\/10\/WhatsApp-Image-2022-10-01-at-5.46.39-PM-2-300x169.jpeg 300w, https:\/\/www.zunoticia.com\/noticias-de-hidalgo\/wp-content\/uploads\/2022\/10\/WhatsApp-Image-2022-10-01-at-5.46.39-PM-2-768x432.jpeg 768w, https:\/\/www.zunoticia.com\/noticias-de-hidalgo\/wp-content\/uploads\/2022\/10\/WhatsApp-Image-2022-10-01-at-5.46.39-PM-2.jpeg 1032w\" sizes=\"(max-width: 1024px) 100vw, 1024px\" \/><figcaption><em>Alcalde y funcionarios del INPI al encabezar el evento.<\/em><\/figcaption><\/figure>\n\n\n\n<p>El presidente municipal al hacer uso de la palabra dijo que, es de vital importancia este cat\u00e1logo, por lo que en cada una de las comunidades se les orientar\u00e1 sobre c\u00f3mo llevarlos, \u201csobre todo les traer\u00e1 grandes beneficios para el progreso de todos ellos, por eso es necesario que ingresen, en donde los delegados deben de trabajar para el registro\u201d.<\/p>\n","protected":false},"excerpt":{"rendered":"<p>Por Roberto Meza\/Zunoticia Yahualica, Hgo. &#8211; El ayuntamiento que preside El\u00edas Sanju\u00e1n S\u00e1nchez y el Instituto Nacional de los Pueblos Ind\u00edgenas -INPI- este s\u00e1bado efectuaron un evento del Cat\u00e1logo Nacional de los Pueblos Ind\u00edgenas y Afromexicanas, con esto se busca tener un registro de las localidades, que accedan a los programas y acciones del INPI.&hellip; <a class=\"more-link\" href=\"https:\/\/www.zunoticia.com\/noticias-de-hidalgo\/2022\/10\/01\/efectuan-jornada-nacional-de-catalogo-de-los-pueblos-indigenas-y-afromexicanas\/\">Seguir leyendo <span class=\"screen-reader-text\">Efect\u00faan Jornada Nacional de Catalogo de los Pueblos Ind\u00edgenas y Afromexicanas<\/span><\/a><\/p>\n","protected":false},"author":12,"featured_media":447243,"comment_status":"closed","ping_status":"open","sticky":false,"template":"","format":"standard","meta":{"rop_custom_images_group":[],"rop_custom_messages_group":[],"rop_publish_now":"initial","rop_publish_now_accounts":{"facebook_10159540855086992_322828327761733":""},"rop_publish_now_history":[],"rop_publish_now_status":"pending","footnotes":""},"categories":[179,203],"tags":[123],"class_list":["post-447242","post","type-post","status-publish","format-standard","has-post-thumbnail","hentry","category-huasteca","category-yahualica","tag-yahualica","entry"],"_links":{"self":[{"href":"https:\/\/www.zunoticia.com\/noticias-de-hidalgo\/wp-json\/wp\/v2\/posts\/447242","targetHints":{"allow":["GET"]}}],"collection":[{"href":"https:\/\/www.zunoticia.com\/noticias-de-hidalgo\/wp-json\/wp\/v2\/posts"}],"about":[{"href":"https:\/\/www.zunoticia.com\/noticias-de-hidalgo\/wp-json\/wp\/v2\/types\/post"}],"author":[{"embeddable":true,"href":"https:\/\/www.zunoticia.com\/noticias-de-hidalgo\/wp-json\/wp\/v2\/users\/12"}],"replies":[{"embeddable":true,"href":"https:\/\/www.zunoticia.com\/noticias-de-hidalgo\/wp-json\/wp\/v2\/comments?post=447242"}],"version-history":[{"count":1,"href":"https:\/\/www.zunoticia.com\/noticias-de-hidalgo\/wp-json\/wp\/v2\/posts\/447242\/revisions"}],"predecessor-version":[{"id":447246,"href":"https:\/\/www.zunoticia.com\/noticias-de-hidalgo\/wp-json\/wp\/v2\/posts\/447242\/revisions\/447246"}],"wp:featuredmedia":[{"embeddable":true,"href":"https:\/\/www.zunoticia.com\/noticias-de-hidalgo\/wp-json\/wp\/v2\/media\/447243"}],"wp:attachment":[{"href":"https:\/\/www.zunoticia.com\/noticias-de-hidalgo\/wp-json\/wp\/v2\/media?parent=447242"}],"wp:term":[{"taxonomy":"category","embeddable":true,"href":"https:\/\/www.zunoticia.com\/noticias-de-hidalgo\/wp-json\/wp\/v2\/categories?post=447242"},{"taxonomy":"post_tag","embeddable":true,"href":"https:\/\/www.zunoticia.com\/noticias-de-hidalgo\/wp-json\/wp\/v2\/tags?post=447242"}],"curies":[{"name":"wp","href":"https:\/\/api.w.org\/{rel}","templated":true}]}}