{"id":447442,"date":"2022-10-03T14:35:35","date_gmt":"2022-10-03T19:35:35","guid":{"rendered":"https:\/\/www.zunoticia.com\/noticias-de-hidalgo\/?p=447442"},"modified":"2022-10-03T14:35:36","modified_gmt":"2022-10-03T19:35:36","slug":"capacita-issste-mas-de-1700-profesionales-de-la-salud-en-cancer-infantil","status":"publish","type":"post","link":"https:\/\/www.zunoticia.com\/noticias-de-hidalgo\/2022\/10\/03\/capacita-issste-mas-de-1700-profesionales-de-la-salud-en-cancer-infantil\/","title":{"rendered":"Capacita ISSSTE m\u00e1s de 1,700 profesionales de la salud en c\u00e1ncer infantil"},"content":{"rendered":"<aside class=\"mashsb-container mashsb-main mashsb-stretched\"><div class=\"mashsb-box\"><div class=\"mashsb-count mash-large\" style=\"float:left\"><div class=\"counts mashsbcount\">0<\/div><span class=\"mashsb-sharetext\">SHARES<\/span><\/div><div class=\"mashsb-buttons\"><a class=\"mashicon-facebook mash-large mash-center mashsb-noshadow\" href=\"https:\/\/www.facebook.com\/sharer.php?u=https%3A%2F%2Fwww.zunoticia.com%2Fnoticias-de-hidalgo%2F2022%2F10%2F03%2Fcapacita-issste-mas-de-1700-profesionales-de-la-salud-en-cancer-infantil%2F\" target=\"_top\" rel=\"nofollow\"><span class=\"icon\"><\/span><span class=\"text\">Share<\/span><\/a><a class=\"mashicon-twitter mash-large mash-center mashsb-noshadow\" href=\"https:\/\/twitter.com\/intent\/tweet?text=&amp;url=https:\/\/www.zunoticia.com\/noticias-de-hidalgo\/2022\/10\/03\/capacita-issste-mas-de-1700-profesionales-de-la-salud-en-cancer-infantil\/\" target=\"_top\" rel=\"nofollow\"><span class=\"icon\"><\/span><span class=\"text\">Tweet<\/span><\/a><div class=\"onoffswitch2 mash-large mashsb-noshadow\" style=\"display:none\"><\/div><\/div>\n            <\/div>\n                <div style=\"clear:both\"><\/div><div class=\"mashsb-toggle-container\"><\/div><\/aside>\n            <!-- Share buttons by mashshare.net - Version: 4.0.47-->\n<ul class=\"wp-block-list\"><li>CMN \u201c20 de Noviembre\u201d realiza Jornadas M\u00e9dicas de Oncolog\u00eda Pedi\u00e1trica.<\/li><li>Fortalecer detecci\u00f3n y atenci\u00f3n oportuna y aumentar posibilidades de curaci\u00f3n a ni\u00f1os y j\u00f3venes, objetivo del instituto: Pedro Zenteno.<\/li><li>En el Mes de Concientizaci\u00f3n del C\u00e1ncer Infantil, destacan estrategias C\u00f3digo Dorado y Cero Rechazo para acceso r\u00e1pido de pacientes a atenci\u00f3n especializada.<\/li><\/ul>\n\n\n\n<p><em>Por Redacci\u00f3n\/Zunoticia<\/em><\/p>\n\n\n\n<p><strong>Ciudad de M\u00e9xico. &#8211;<\/strong> Durante las Jornadas M\u00e9dicas de Oncolog\u00eda Pedi\u00e1trica para el Personal de Salud \u201cLo que debemos saber\u201d, realizadas en el Centro M\u00e9dico Nacional (CMN) \u201c20 de Noviembre\u201d, el Instituto de Seguridad y Servicios Sociales de los Trabajadores del Estado (Issste) capacit\u00f3 a mil 700 trabajadoras y trabajadores, principalmente del primer nivel de atenci\u00f3n, inform\u00f3 el director general, Pedro Zenteno Santaella.<\/p>\n\n\n\n<p>En el marco conmemorativo de \u201cSeptiembre, mes de la concientizaci\u00f3n del c\u00e1ncer infantil\u201d, primera causa de muerte por enfermedad en poblaci\u00f3n de uno a 19 a\u00f1os en M\u00e9xico y el mundo, el titular del Issste reiter\u00f3 el compromiso de fortalecer las estrategias institucionales para incrementar la detecci\u00f3n y atenci\u00f3n oportuna, debido a que son patolog\u00edas que no es posible prevenir en esas edades.<\/p>\n\n\n\n<p>La profesora titular del evento acad\u00e9mico y jefa del Servicio Oncolog\u00eda Pedi\u00e1trica del CMN \u201c20 de Noviembre\u201d, Farina Esther Arregu\u00edn Gonz\u00e1lez, destac\u00f3 que el prop\u00f3sito de estas jornadas fue contribuir a alcanzar 80 por ciento de supervivencia para infantes y j\u00f3venes con c\u00e1ncer y, para ello, es fundamental la divulgaci\u00f3n del conocimiento por parte de personas expertas.<\/p>\n\n\n\n<p>Desde el auditorio del nosocomio enfatiz\u00f3 los logros del protocolo de C\u00f3digo Dorado y la pol\u00edtica de Cero Rechazo, impulsadas por las autoridades del CMN \u201c20 de Noviembre\u201d y la Direcci\u00f3n Normativa de Salud, as\u00ed como la entrega por parte del Issste de las primeras licencias laborales a padres y madres con hijas o hijos afectados por el c\u00e1ncer, para brindar cuidado y atenci\u00f3n en su proceso de tratamiento.<\/p>\n\n\n\n<p>Con la estrategia de Cero Rechazo, el Issste garantiza que todas y todos los pacientes pedi\u00e1tricos con riesgo de c\u00e1ncer tengan acceso r\u00e1pido a los servicios indicados para su pronta evaluaci\u00f3n y posible detecci\u00f3n, adem\u00e1s de un tratamiento oportuno, se\u00f1al\u00f3 la especialista.<\/p>\n\n\n\n<p>Refiri\u00f3 que el C\u00f3digo Dorado es un protocolo de alta prioridad y pronta atenci\u00f3n a pacientes de cero a 18 a\u00f1os detectados con sospecha de c\u00e1ncer en cualquier unidad m\u00e9dica del instituto en el pa\u00eds. \u201cCon esta medida logramos reducir el tiempo que tarda un paciente en acceder a un diagn\u00f3stico de c\u00e1ncer y pasar de un promedio de 120 d\u00edas a 17 en la actualidad\u201d.<\/p>\n\n\n\n<p>Uno de los aspectos de mayor \u00e9nfasis en las Jornadas de Oncolog\u00eda Pedi\u00e1trica que se llevaron a cabo del 12 al 14 de septiembre, de manera presencial y virtual, fue la importancia de sensibilizar al personal de salud y a la poblaci\u00f3n en general sobre los signos de advertencia de riesgo de c\u00e1ncer infantil, debido a que hasta en 90 por ciento son inespec\u00edficos, de inicio insidioso y pueden imitar otras enfermedades, expres\u00f3 la m\u00e9dica.<\/p>\n\n\n\n<p>Recomend\u00f3 mantenerse alerta ante s\u00edntomas como sudoraci\u00f3n nocturna excesiva, p\u00e9rdida de peso, dolor de huesos y articulaciones, palidez progresiva, fatiga, cansancio o apat\u00eda sin causa aparente, calentura persistente o recurrente, es decir, que dure varios d\u00edas y no ceda a tratamientos comunes.<\/p>\n\n\n\n<p>Tambi\u00e9n si hay sangrados frecuentes de nariz o de enc\u00edas al cepillarse, puntos rojos o morados en la piel (petequias) o moretones sin causa aparente, crecimiento irregular del abdomen, crecimiento de bolitas (ganglios) progresivo en cuello, axilas o ingl\u00e9s, en especial si son duros, grandes, ajenos a infecci\u00f3n y no ceden con desinflamatorios.<\/p>\n\n\n\n<p>Otros signos son el crecimiento anormal de cualquier parte del cuerpo, reflejo blanco en pupila, desviaci\u00f3n de mirada o aumento de volumen en uno o ambos ojos, dolor de cabeza persistente, que empeora, no cede con medicamento, despierta al paciente, asociado a n\u00e1usea o v\u00f3mito y puede acompa\u00f1arse de cambios de conducta o alteraciones neurol\u00f3gicas (mareos, movimientos involuntarios, convulsiones, hormigueo, p\u00e9rdida del equilibrio, desequilibrio al caminar y\/o p\u00e9rdida de sensibilidad).<\/p>\n\n\n\n<p>La detecci\u00f3n de alguno o m\u00e1s de estos signos amerita referir a los pacientes a una valoraci\u00f3n especializada en oncolog\u00eda pedi\u00e1trica que, en caso de resultar en un diagn\u00f3stico positivo a c\u00e1ncer, podr\u00eda aumentar posibilidades de sobrevivencia a la enfermedad.<\/p>\n\n\n\n<p>Mejorar resultados en la atenci\u00f3n de pacientes pedi\u00e1tricos con c\u00e1ncer es un esfuerzo de equipo, por lo que al evento acad\u00e9mico asisti\u00f3 personal m\u00e9dico, de enfermer\u00eda, trabajo social, psicolog\u00eda, tanatolog\u00eda, administrativo, mam\u00e1s, pap\u00e1s, docentes e integrantes de asociaciones civiles de c\u00e1ncer infantil, concluy\u00f3 la especialista.<\/p>\n","protected":false},"excerpt":{"rendered":"<p>CMN \u201c20 de Noviembre\u201d realiza Jornadas M\u00e9dicas de Oncolog\u00eda Pedi\u00e1trica. Fortalecer detecci\u00f3n y atenci\u00f3n oportuna y aumentar posibilidades de curaci\u00f3n a ni\u00f1os y j\u00f3venes, objetivo del instituto: Pedro Zenteno. En el Mes de Concientizaci\u00f3n del C\u00e1ncer Infantil, destacan estrategias C\u00f3digo Dorado y Cero Rechazo para acceso r\u00e1pido de pacientes a atenci\u00f3n especializada. Por Redacci\u00f3n\/Zunoticia Ciudad&hellip; <a class=\"more-link\" href=\"https:\/\/www.zunoticia.com\/noticias-de-hidalgo\/2022\/10\/03\/capacita-issste-mas-de-1700-profesionales-de-la-salud-en-cancer-infantil\/\">Seguir leyendo <span class=\"screen-reader-text\">Capacita ISSSTE m\u00e1s de 1,700 profesionales de la salud en c\u00e1ncer infantil<\/span><\/a><\/p>\n","protected":false},"author":12,"featured_media":447443,"comment_status":"closed","ping_status":"open","sticky":false,"template":"","format":"standard","meta":{"rop_custom_images_group":[],"rop_custom_messages_group":[],"rop_publish_now":"initial","rop_publish_now_accounts":{"facebook_10159540855086992_322828327761733":""},"rop_publish_now_history":[],"rop_publish_now_status":"pending","footnotes":""},"categories":[218],"tags":[217],"class_list":["post-447442","post","type-post","status-publish","format-standard","has-post-thumbnail","hentry","category-nacional","tag-nacional","entry"],"_links":{"self":[{"href":"https:\/\/www.zunoticia.com\/noticias-de-hidalgo\/wp-json\/wp\/v2\/posts\/447442","targetHints":{"allow":["GET"]}}],"collection":[{"href":"https:\/\/www.zunoticia.com\/noticias-de-hidalgo\/wp-json\/wp\/v2\/posts"}],"about":[{"href":"https:\/\/www.zunoticia.com\/noticias-de-hidalgo\/wp-json\/wp\/v2\/types\/post"}],"author":[{"embeddable":true,"href":"https:\/\/www.zunoticia.com\/noticias-de-hidalgo\/wp-json\/wp\/v2\/users\/12"}],"replies":[{"embeddable":true,"href":"https:\/\/www.zunoticia.com\/noticias-de-hidalgo\/wp-json\/wp\/v2\/comments?post=447442"}],"version-history":[{"count":1,"href":"https:\/\/www.zunoticia.com\/noticias-de-hidalgo\/wp-json\/wp\/v2\/posts\/447442\/revisions"}],"predecessor-version":[{"id":447444,"href":"https:\/\/www.zunoticia.com\/noticias-de-hidalgo\/wp-json\/wp\/v2\/posts\/447442\/revisions\/447444"}],"wp:featuredmedia":[{"embeddable":true,"href":"https:\/\/www.zunoticia.com\/noticias-de-hidalgo\/wp-json\/wp\/v2\/media\/447443"}],"wp:attachment":[{"href":"https:\/\/www.zunoticia.com\/noticias-de-hidalgo\/wp-json\/wp\/v2\/media?parent=447442"}],"wp:term":[{"taxonomy":"category","embeddable":true,"href":"https:\/\/www.zunoticia.com\/noticias-de-hidalgo\/wp-json\/wp\/v2\/categories?post=447442"},{"taxonomy":"post_tag","embeddable":true,"href":"https:\/\/www.zunoticia.com\/noticias-de-hidalgo\/wp-json\/wp\/v2\/tags?post=447442"}],"curies":[{"name":"wp","href":"https:\/\/api.w.org\/{rel}","templated":true}]}}