{"id":447469,"date":"2022-10-03T17:04:41","date_gmt":"2022-10-03T22:04:41","guid":{"rendered":"https:\/\/www.zunoticia.com\/noticias-de-hidalgo\/?p=447469"},"modified":"2022-10-03T17:04:43","modified_gmt":"2022-10-03T22:04:43","slug":"comerciantes-hablan-sobre-la-reubicacion-pausada","status":"publish","type":"post","link":"https:\/\/www.zunoticia.com\/noticias-de-hidalgo\/2022\/10\/03\/comerciantes-hablan-sobre-la-reubicacion-pausada\/","title":{"rendered":"Comerciantes hablan sobre la reubicaci\u00f3n pausada"},"content":{"rendered":"<aside class=\"mashsb-container mashsb-main mashsb-stretched\"><div class=\"mashsb-box\"><div class=\"mashsb-count mash-large\" style=\"float:left\"><div class=\"counts mashsbcount\">13<\/div><span class=\"mashsb-sharetext\">SHARES<\/span><\/div><div class=\"mashsb-buttons\"><a class=\"mashicon-facebook mash-large mash-center mashsb-noshadow\" href=\"https:\/\/www.facebook.com\/sharer.php?u=https%3A%2F%2Fwww.zunoticia.com%2Fnoticias-de-hidalgo%2F2022%2F10%2F03%2Fcomerciantes-hablan-sobre-la-reubicacion-pausada%2F\" target=\"_top\" rel=\"nofollow\"><span class=\"icon\"><\/span><span class=\"text\">Share<\/span><\/a><a class=\"mashicon-twitter mash-large mash-center mashsb-noshadow\" href=\"https:\/\/twitter.com\/intent\/tweet?text=&amp;url=https:\/\/www.zunoticia.com\/noticias-de-hidalgo\/2022\/10\/03\/comerciantes-hablan-sobre-la-reubicacion-pausada\/\" target=\"_top\" rel=\"nofollow\"><span class=\"icon\"><\/span><span class=\"text\">Tweet<\/span><\/a><div class=\"onoffswitch2 mash-large mashsb-noshadow\" style=\"display:none\"><\/div><\/div>\n            <\/div>\n                <div style=\"clear:both\"><\/div><div class=\"mashsb-toggle-container\"><\/div><\/aside>\n            <!-- Share buttons by mashshare.net - Version: 4.0.47-->\n<p><em>Por Pedro Luciano\/Zunoticia<\/em><\/p>\n\n\n\n<p><strong>Tlanchinol, Hgo. &#8211;<\/strong> \u201cUna de las obras realizadas por la administraci\u00f3n p\u00fablica y hasta el momento no se ha visto reflejada su utilidad para el objetivo por el cual fue elaborada, es la barda colocada a un costado del auditorio del barrio centro, con el prop\u00f3sito de permitir la reubicaci\u00f3n de los puestos comerciales\u201d, lo anterior fue referido por comerciantes del municipio.<\/p>\n\n\n\n<p>Refirieron comerciantes del municipio que desde ya hace varios meses se plante\u00f3, por parte de las autoridades de la administraci\u00f3n p\u00fablica municipal, la reubicaci\u00f3n de los puestos comerciales que se instalan a un costado del ayuntamiento, ya que entorpec\u00edan la correcta circulaci\u00f3n sobre las calles de dicha zona y se pretend\u00eda ubicarlos a un costado del auditorio municipal del centro, lo cual no se ha realizado.<\/p>\n\n\n\n<p>Comentaron que, desde hace ya varios meses la opini\u00f3n sobre la reubicaci\u00f3n del sector comercial se ha dividido, pues mientras unos comerciantes se niegan a que sus puestos semifijos sean reubicados pues manifiestan que no se les brinda el seguro de no ser movidos nuevamente; otro grupo han observado los beneficios que generar\u00eda para el comercio municipal el que se creara un espacio propio para el comercio, sin embargo, dicha gesti\u00f3n se ha paralizado mientras se genera el di\u00e1logo.<\/p>\n\n\n\n<p>Culminaron afirmando que, el comercio tlanchinolense necesita espacios dignos que les permitan mejorar sus condiciones laborales, por eso han manifestado las razones positivas que traer\u00eda la generaci\u00f3n de un \u00e1rea destinada para ello.<\/p>\n","protected":false},"excerpt":{"rendered":"<p>Por Pedro Luciano\/Zunoticia Tlanchinol, Hgo. &#8211; \u201cUna de las obras realizadas por la administraci\u00f3n p\u00fablica y hasta el momento no se ha visto reflejada su utilidad para el objetivo por el cual fue elaborada, es la barda colocada a un costado del auditorio del barrio centro, con el prop\u00f3sito de permitir la reubicaci\u00f3n de los&hellip; <a class=\"more-link\" href=\"https:\/\/www.zunoticia.com\/noticias-de-hidalgo\/2022\/10\/03\/comerciantes-hablan-sobre-la-reubicacion-pausada\/\">Seguir leyendo <span class=\"screen-reader-text\">Comerciantes hablan sobre la reubicaci\u00f3n pausada<\/span><\/a><\/p>\n","protected":false},"author":12,"featured_media":447470,"comment_status":"closed","ping_status":"open","sticky":false,"template":"","format":"standard","meta":{"rop_custom_images_group":[],"rop_custom_messages_group":[],"rop_publish_now":"initial","rop_publish_now_accounts":{"facebook_10159540855086992_322828327761733":""},"rop_publish_now_history":[],"rop_publish_now_status":"pending","footnotes":""},"categories":[219,201],"tags":[127],"class_list":["post-447469","post","type-post","status-publish","format-standard","has-post-thumbnail","hentry","category-sierra","category-tlanchinol","tag-tlanchinol","entry"],"_links":{"self":[{"href":"https:\/\/www.zunoticia.com\/noticias-de-hidalgo\/wp-json\/wp\/v2\/posts\/447469","targetHints":{"allow":["GET"]}}],"collection":[{"href":"https:\/\/www.zunoticia.com\/noticias-de-hidalgo\/wp-json\/wp\/v2\/posts"}],"about":[{"href":"https:\/\/www.zunoticia.com\/noticias-de-hidalgo\/wp-json\/wp\/v2\/types\/post"}],"author":[{"embeddable":true,"href":"https:\/\/www.zunoticia.com\/noticias-de-hidalgo\/wp-json\/wp\/v2\/users\/12"}],"replies":[{"embeddable":true,"href":"https:\/\/www.zunoticia.com\/noticias-de-hidalgo\/wp-json\/wp\/v2\/comments?post=447469"}],"version-history":[{"count":1,"href":"https:\/\/www.zunoticia.com\/noticias-de-hidalgo\/wp-json\/wp\/v2\/posts\/447469\/revisions"}],"predecessor-version":[{"id":447471,"href":"https:\/\/www.zunoticia.com\/noticias-de-hidalgo\/wp-json\/wp\/v2\/posts\/447469\/revisions\/447471"}],"wp:featuredmedia":[{"embeddable":true,"href":"https:\/\/www.zunoticia.com\/noticias-de-hidalgo\/wp-json\/wp\/v2\/media\/447470"}],"wp:attachment":[{"href":"https:\/\/www.zunoticia.com\/noticias-de-hidalgo\/wp-json\/wp\/v2\/media?parent=447469"}],"wp:term":[{"taxonomy":"category","embeddable":true,"href":"https:\/\/www.zunoticia.com\/noticias-de-hidalgo\/wp-json\/wp\/v2\/categories?post=447469"},{"taxonomy":"post_tag","embeddable":true,"href":"https:\/\/www.zunoticia.com\/noticias-de-hidalgo\/wp-json\/wp\/v2\/tags?post=447469"}],"curies":[{"name":"wp","href":"https:\/\/api.w.org\/{rel}","templated":true}]}}