{"id":447482,"date":"2022-10-03T17:36:04","date_gmt":"2022-10-03T22:36:04","guid":{"rendered":"https:\/\/www.zunoticia.com\/noticias-de-hidalgo\/?p=447482"},"modified":"2022-10-03T22:01:41","modified_gmt":"2022-10-04T03:01:41","slug":"ninos-de-preescolar-llevan-mas-de-un-mes-sin-clases","status":"publish","type":"post","link":"https:\/\/www.zunoticia.com\/noticias-de-hidalgo\/2022\/10\/03\/ninos-de-preescolar-llevan-mas-de-un-mes-sin-clases\/","title":{"rendered":"Ni\u00f1os de preescolar, m\u00e1s de un mes sin clases"},"content":{"rendered":"<aside class=\"mashsb-container mashsb-main mashsb-stretched\"><div class=\"mashsb-box\"><div class=\"mashsb-count mash-large\" style=\"float:left\"><div class=\"counts mashsbcount\">31<\/div><span class=\"mashsb-sharetext\">SHARES<\/span><\/div><div class=\"mashsb-buttons\"><a class=\"mashicon-facebook mash-large mash-center mashsb-noshadow\" href=\"https:\/\/www.facebook.com\/sharer.php?u=https%3A%2F%2Fwww.zunoticia.com%2Fnoticias-de-hidalgo%2F2022%2F10%2F03%2Fninos-de-preescolar-llevan-mas-de-un-mes-sin-clases%2F\" target=\"_top\" rel=\"nofollow\"><span class=\"icon\"><\/span><span class=\"text\">Share<\/span><\/a><a class=\"mashicon-twitter mash-large mash-center mashsb-noshadow\" href=\"https:\/\/twitter.com\/intent\/tweet?text=&amp;url=https:\/\/www.zunoticia.com\/noticias-de-hidalgo\/2022\/10\/03\/ninos-de-preescolar-llevan-mas-de-un-mes-sin-clases\/\" target=\"_top\" rel=\"nofollow\"><span class=\"icon\"><\/span><span class=\"text\">Tweet<\/span><\/a><div class=\"onoffswitch2 mash-large mashsb-noshadow\" style=\"display:none\"><\/div><\/div>\n            <\/div>\n                <div style=\"clear:both\"><\/div><div class=\"mashsb-toggle-container\"><\/div><\/aside>\n            <!-- Share buttons by mashshare.net - Version: 4.0.47-->\n<ul class=\"wp-block-list\"><li>Madres de familia anuncian que radicalizar\u00e1n sus protestas si no tienen una respuesta favorable pronto.<\/li><\/ul>\n\n\n\n<p><em>Por \u00c1ngel Silverio\/Zunoticia<\/em><\/p>\n\n\n\n<p><strong>San Felipe Orizatl\u00e1n, Hgo. &#8211;<\/strong> Madres de familia del preescolar ind\u00edgena \u201cMiguel Hidalgo\u201d, ubicado en la delegaci\u00f3n de Ahuatitla, externaron nuevamente su queja ante este medio, debido a que ha transcurrido el lapso que les dieron las autoridades educativas para atender el problema por la falta de docente y hasta el momento la situaci\u00f3n contin\u00faa, por lo que adelantaron que estar\u00e1n tomando medidas m\u00e1s radicales para ejercer presi\u00f3n.<\/p>\n\n\n\n<p>En entrevista con las madres de familia como Florencia Hern\u00e1ndez, se\u00f1al\u00f3, -\u201cEstamos pidiendo de manera muy atenta a las autoridades que nos apoyen, no tenemos maestra para nuestros hijos desde que inici\u00f3 el ciclo, el pasado 29 de agosto; los ni\u00f1os no tienen maestro, nos est\u00e1 apoyando la directora, pero tambi\u00e9n ella tiene otras encomiendas que atender, entonces no puede estar como docente de tiempo completo de los ni\u00f1os, por eso estamos pidiendo que nos ayuden\u201d.<\/p>\n\n\n\n<p>Puntualiz\u00f3 que, desde meses pasados acudieron ante las instancias correspondientes como es el jefe de sector, la supervisi\u00f3n escolar, y los servicios regionales de educaci\u00f3n, sin embargo, el plazo que les dieron ya se venci\u00f3 y hasta este momento siguen sin contar con un docente, y los ni\u00f1os siguen perdiendo clase, hasta el momento no hay una soluci\u00f3n por parte de ninguna autoridad educativa.<\/p>\n\n\n\n<p>Agregaron las dem\u00e1s madres de familia, que este pasado lunes, sostuvieron una reuni\u00f3n donde les dijeron que de plano no habr\u00e1 maestro, &#8211; \u201cQue no habr\u00e1 personal, que posiblemente para enero o febrero del pr\u00f3ximo a\u00f1o, entonces eso nos desespera por la educaci\u00f3n de nuestros ni\u00f1os. No es justo que nos tengan as\u00ed, por eso creemos que es momento que nosotros levantemos la voz, porque esto no es nuevo, es cada a\u00f1o, ya no lo vamos a permitir, vamos a tomar medidas m\u00e1s radicales si solo as\u00ed nos pueden hacer caso\u201d.<\/p>\n\n\n\n<p>Por su parte, el delegado de la comunidad Oscar Mart\u00ednez Amador, dijo que las autoridades delegacionales respaldan en esta situaci\u00f3n a las madres desesperadas, y respaldar\u00e1n las acciones en conjunto con los dem\u00e1s vecinos, en caso de ser necesario de tomar otras medidas para ejercer presi\u00f3n.<\/p>\n\n\n\n<p><\/p>\n","protected":false},"excerpt":{"rendered":"<p>Madres de familia anuncian que radicalizar\u00e1n sus protestas si no tienen una respuesta favorable pronto. Por \u00c1ngel Silverio\/Zunoticia San Felipe Orizatl\u00e1n, Hgo. &#8211; Madres de familia del preescolar ind\u00edgena \u201cMiguel Hidalgo\u201d, ubicado en la delegaci\u00f3n de Ahuatitla, externaron nuevamente su queja ante este medio, debido a que ha transcurrido el lapso que les dieron las&hellip; <a class=\"more-link\" href=\"https:\/\/www.zunoticia.com\/noticias-de-hidalgo\/2022\/10\/03\/ninos-de-preescolar-llevan-mas-de-un-mes-sin-clases\/\">Seguir leyendo <span class=\"screen-reader-text\">Ni\u00f1os de preescolar, m\u00e1s de un mes sin clases<\/span><\/a><\/p>\n","protected":false},"author":12,"featured_media":447483,"comment_status":"closed","ping_status":"open","sticky":false,"template":"","format":"standard","meta":{"rop_custom_images_group":[],"rop_custom_messages_group":[],"rop_publish_now":"initial","rop_publish_now_accounts":{"facebook_10159540855086992_322828327761733":""},"rop_publish_now_history":[],"rop_publish_now_status":"pending","footnotes":""},"categories":[180],"tags":[129],"class_list":["post-447482","post","type-post","status-publish","format-standard","has-post-thumbnail","hentry","category-orizatlan","tag-orizatlan","entry"],"_links":{"self":[{"href":"https:\/\/www.zunoticia.com\/noticias-de-hidalgo\/wp-json\/wp\/v2\/posts\/447482","targetHints":{"allow":["GET"]}}],"collection":[{"href":"https:\/\/www.zunoticia.com\/noticias-de-hidalgo\/wp-json\/wp\/v2\/posts"}],"about":[{"href":"https:\/\/www.zunoticia.com\/noticias-de-hidalgo\/wp-json\/wp\/v2\/types\/post"}],"author":[{"embeddable":true,"href":"https:\/\/www.zunoticia.com\/noticias-de-hidalgo\/wp-json\/wp\/v2\/users\/12"}],"replies":[{"embeddable":true,"href":"https:\/\/www.zunoticia.com\/noticias-de-hidalgo\/wp-json\/wp\/v2\/comments?post=447482"}],"version-history":[{"count":2,"href":"https:\/\/www.zunoticia.com\/noticias-de-hidalgo\/wp-json\/wp\/v2\/posts\/447482\/revisions"}],"predecessor-version":[{"id":447551,"href":"https:\/\/www.zunoticia.com\/noticias-de-hidalgo\/wp-json\/wp\/v2\/posts\/447482\/revisions\/447551"}],"wp:featuredmedia":[{"embeddable":true,"href":"https:\/\/www.zunoticia.com\/noticias-de-hidalgo\/wp-json\/wp\/v2\/media\/447483"}],"wp:attachment":[{"href":"https:\/\/www.zunoticia.com\/noticias-de-hidalgo\/wp-json\/wp\/v2\/media?parent=447482"}],"wp:term":[{"taxonomy":"category","embeddable":true,"href":"https:\/\/www.zunoticia.com\/noticias-de-hidalgo\/wp-json\/wp\/v2\/categories?post=447482"},{"taxonomy":"post_tag","embeddable":true,"href":"https:\/\/www.zunoticia.com\/noticias-de-hidalgo\/wp-json\/wp\/v2\/tags?post=447482"}],"curies":[{"name":"wp","href":"https:\/\/api.w.org\/{rel}","templated":true}]}}