{"id":447510,"date":"2022-10-03T18:39:32","date_gmt":"2022-10-03T23:39:32","guid":{"rendered":"https:\/\/www.zunoticia.com\/noticias-de-hidalgo\/?p=447510"},"modified":"2022-10-03T18:39:34","modified_gmt":"2022-10-03T23:39:34","slug":"del-6-al-14-de-octubre-arranca-jornada-anticovid-para-ninos-de-5-a-11-anos","status":"publish","type":"post","link":"https:\/\/www.zunoticia.com\/noticias-de-hidalgo\/2022\/10\/03\/del-6-al-14-de-octubre-arranca-jornada-anticovid-para-ninos-de-5-a-11-anos\/","title":{"rendered":"Del 6 al 14 de octubre arranca jornada anticovid para ni\u00f1os de 5 a 11 a\u00f1os"},"content":{"rendered":"<aside class=\"mashsb-container mashsb-main mashsb-stretched\"><div class=\"mashsb-box\"><div class=\"mashsb-count mash-large\" style=\"float:left\"><div class=\"counts mashsbcount\">23<\/div><span class=\"mashsb-sharetext\">SHARES<\/span><\/div><div class=\"mashsb-buttons\"><a class=\"mashicon-facebook mash-large mash-center mashsb-noshadow\" href=\"https:\/\/www.facebook.com\/sharer.php?u=https%3A%2F%2Fwww.zunoticia.com%2Fnoticias-de-hidalgo%2F2022%2F10%2F03%2Fdel-6-al-14-de-octubre-arranca-jornada-anticovid-para-ninos-de-5-a-11-anos%2F\" target=\"_top\" rel=\"nofollow\"><span class=\"icon\"><\/span><span class=\"text\">Share<\/span><\/a><a class=\"mashicon-twitter mash-large mash-center mashsb-noshadow\" href=\"https:\/\/twitter.com\/intent\/tweet?text=&amp;url=https:\/\/www.zunoticia.com\/noticias-de-hidalgo\/2022\/10\/03\/del-6-al-14-de-octubre-arranca-jornada-anticovid-para-ninos-de-5-a-11-anos\/\" target=\"_top\" rel=\"nofollow\"><span class=\"icon\"><\/span><span class=\"text\">Tweet<\/span><\/a><div class=\"onoffswitch2 mash-large mashsb-noshadow\" style=\"display:none\"><\/div><\/div>\n            <\/div>\n                <div style=\"clear:both\"><\/div><div class=\"mashsb-toggle-container\"><\/div><\/aside>\n            <!-- Share buttons by mashshare.net - Version: 4.0.47-->\n<p><em>Por \u00c1ngel Silverio\/Zunoticia<\/em><\/p>\n\n\n\n<p><strong>San Felipe Orizatl\u00e1n, Hgo.-<\/strong> Autoridades de salud dieron a conocer las fechas en que se estar\u00e1 llevando a cabo la jornada de vacunaci\u00f3n en las diferentes sedes del municipio, por lo que piden a la poblaci\u00f3n estar pendiente para que lleven a cabo la complementaci\u00f3n del esquema de vacunaci\u00f3n contra el covid-19 en ni\u00f1os de 5 a 11 a\u00f1os.<\/p>\n\n\n\n<p>De acuerdo con lo dado a conocer, ser\u00e1 del 6 al 14 de octubre, cuando se realice la vacunaci\u00f3n para ni\u00f1os de 5 a 11 a\u00f1os, mismos a los que se les aplicar\u00e1 la segunda dosis por lo que deben acudir con un adulto, presentando los requisitos tales como la identificaci\u00f3n oficial del padre, madre o tutor, bol\u00edgrafo azul, solicitud de vacuna, y el comprobante de la primera dosis.<\/p>\n\n\n\n<p>La calendarizaci\u00f3n para esta jornada ser\u00e1 la siguiente semana, el 6 de octubre en el Casino Orizatlense, el d\u00eda 7 en la escuela primaria \u201cNicol\u00e1s Bravo\u201d de la delegaci\u00f3n de Ahuatitla, 10 de octubre en Nexpa, continuando el d\u00eda 11 en la primaria Las Piedras en Micropolis, el d\u00eda 12 en Talol, el d\u00eda 13 en El Carrizal, para finalizar el d\u00eda 14 en los Humos y en la delegaci\u00f3n de Huitzitzilingo.<\/p>\n\n\n\n<p>Cabe recordar que se les pide a los padres de familia que acudan siguiendo las medidas de sanidad que se conocen, como el uso de cubrebocas, gel antibacterial, adem\u00e1s de que se recomienda que asistan desayunados, se mantengan hidratados durante el tiempo que permanezcan en el lugar, y posterior a la vacuna.<\/p>\n","protected":false},"excerpt":{"rendered":"<p>Por \u00c1ngel Silverio\/Zunoticia San Felipe Orizatl\u00e1n, Hgo.- Autoridades de salud dieron a conocer las fechas en que se estar\u00e1 llevando a cabo la jornada de vacunaci\u00f3n en las diferentes sedes del municipio, por lo que piden a la poblaci\u00f3n estar pendiente para que lleven a cabo la complementaci\u00f3n del esquema de vacunaci\u00f3n contra el covid-19&hellip; <a class=\"more-link\" href=\"https:\/\/www.zunoticia.com\/noticias-de-hidalgo\/2022\/10\/03\/del-6-al-14-de-octubre-arranca-jornada-anticovid-para-ninos-de-5-a-11-anos\/\">Seguir leyendo <span class=\"screen-reader-text\">Del 6 al 14 de octubre arranca jornada anticovid para ni\u00f1os de 5 a 11 a\u00f1os<\/span><\/a><\/p>\n","protected":false},"author":12,"featured_media":447502,"comment_status":"closed","ping_status":"open","sticky":false,"template":"","format":"standard","meta":{"rop_custom_images_group":[],"rop_custom_messages_group":[],"rop_publish_now":"initial","rop_publish_now_accounts":{"facebook_10159540855086992_322828327761733":""},"rop_publish_now_history":[],"rop_publish_now_status":"pending","footnotes":""},"categories":[180],"tags":[129],"class_list":["post-447510","post","type-post","status-publish","format-standard","has-post-thumbnail","hentry","category-orizatlan","tag-orizatlan","entry"],"_links":{"self":[{"href":"https:\/\/www.zunoticia.com\/noticias-de-hidalgo\/wp-json\/wp\/v2\/posts\/447510","targetHints":{"allow":["GET"]}}],"collection":[{"href":"https:\/\/www.zunoticia.com\/noticias-de-hidalgo\/wp-json\/wp\/v2\/posts"}],"about":[{"href":"https:\/\/www.zunoticia.com\/noticias-de-hidalgo\/wp-json\/wp\/v2\/types\/post"}],"author":[{"embeddable":true,"href":"https:\/\/www.zunoticia.com\/noticias-de-hidalgo\/wp-json\/wp\/v2\/users\/12"}],"replies":[{"embeddable":true,"href":"https:\/\/www.zunoticia.com\/noticias-de-hidalgo\/wp-json\/wp\/v2\/comments?post=447510"}],"version-history":[{"count":1,"href":"https:\/\/www.zunoticia.com\/noticias-de-hidalgo\/wp-json\/wp\/v2\/posts\/447510\/revisions"}],"predecessor-version":[{"id":447511,"href":"https:\/\/www.zunoticia.com\/noticias-de-hidalgo\/wp-json\/wp\/v2\/posts\/447510\/revisions\/447511"}],"wp:featuredmedia":[{"embeddable":true,"href":"https:\/\/www.zunoticia.com\/noticias-de-hidalgo\/wp-json\/wp\/v2\/media\/447502"}],"wp:attachment":[{"href":"https:\/\/www.zunoticia.com\/noticias-de-hidalgo\/wp-json\/wp\/v2\/media?parent=447510"}],"wp:term":[{"taxonomy":"category","embeddable":true,"href":"https:\/\/www.zunoticia.com\/noticias-de-hidalgo\/wp-json\/wp\/v2\/categories?post=447510"},{"taxonomy":"post_tag","embeddable":true,"href":"https:\/\/www.zunoticia.com\/noticias-de-hidalgo\/wp-json\/wp\/v2\/tags?post=447510"}],"curies":[{"name":"wp","href":"https:\/\/api.w.org\/{rel}","templated":true}]}}